{"id":80331,"date":"2024-04-24T16:34:59","date_gmt":"2024-04-24T20:34:59","guid":{"rendered":"https:\/\/www.iaff.org\/news\/laffiliation-a-iqaluit-au-nunavut-etend-la-portee-de-laip-au-canada\/"},"modified":"2024-11-05T13:31:32","modified_gmt":"2024-11-05T18:31:32","slug":"laffiliation-a-iqaluit-au-nunavut-etend-la-portee-de-laip-au-canada","status":"publish","type":"news","link":"https:\/\/www.iaff.org\/fr-ca\/news\/laffiliation-a-iqaluit-au-nunavut-etend-la-portee-de-laip-au-canada\/","title":{"rendered":"L\u2019affiliation \u00e0 Iqaluit, au Nunavut, \u00e9tend la port\u00e9e de l\u2019AIP au Canada"},"content":{"rendered":"\n<div class=\"wp-block-group is-layout-constrained wp-block-group-is-layout-constrained\"><section\n\t class=\"page-blocks iaff-page-blocks align wp-block-acf-page-blocks\" id=\"page-blocks_block_0eea06173c0bc6a4e0566c29e4eb1956\">\n\t<div class=\"acf-innerblocks-container\">\n<div class=\"wp-block-paragraph \">\n<p><\/p>\n<\/div>\n<\/div><\/section>\n<\/div>\n<div class=\"wp-block-paragraph \">\n<p>L\u2019AIP accueille 20 nouveaux membres dans la ville arctique canadienne d\u2019Iqaluit, au Nunavut, qui se sont affili\u00e9s alors qu\u2019ils s\u2019efforcent d\u2019am\u00e9liorer la sant\u00e9 et la s\u00e9curit\u00e9 des pompiers et la s\u00e9curit\u00e9 publique dans leur communaut\u00e9.  <\/p>\n<\/div><div class=\"wp-block-paragraph \">\n<p>L\u2019AIP a maintenant des sections locales dans les 13 provinces et territoires, une \u00e9tape bienvenue qui poursuit une tendance de croissance constante pour le syndicat au Canada.  <\/p>\n<\/div><div class=\"wp-block-paragraph \">\n<p>Les 20 membres d\u2019Iqaluit se joignent \u00e0 l\u2019AIP avec le statut d\u2019associ\u00e9, ce qui signifie que l\u2019Alliance de la Fonction publique du Canada (AFPC) continuera de d\u00e9tenir leurs droits de n\u00e9gociation. Les pompiers d\u2019Iqaluit se joignent \u00e0 l\u2019AIP pour acc\u00e9der \u00e0 des services cl\u00e9s propres \u00e0 leur profession dans la communaut\u00e9 a\u00e9rienne de l\u2019\u00eele de Baffin, qui compte un peu moins de 10 000 r\u00e9sidents.   <\/p>\n<\/div><div class=\"wp-block-paragraph \">\n<p>Le pr\u00e9sident de la section locale 5473 d\u2019Iqaluit, Alex Storring, a d\u00e9clar\u00e9 que les pompiers de la ville cherchaient \u00e0 obtenir l\u2019affiliation \u00e0 l\u2019AIP depuis plusieurs ann\u00e9es et \u00e9taient satisfaits de l\u2019option de l\u2019adh\u00e9sion associ\u00e9e, qui lui a r\u00e9cemment permis d\u2019aller de l\u2019avant \u00e0 la suite d\u2019un vote unanime des membres.  <\/p>\n<\/div><div class=\"wp-block-paragraph \">\n<p>Il est maintenant impatient de tirer parti des services de l\u2019AIP tels que la formation, les ressources en sant\u00e9 mentale et les services techniques tels que l\u2019analyse SIG.  <\/p>\n<\/div><div class=\"wp-block-paragraph \">\n<p>Les pompiers d\u2019Iqaluit \u00e9quipent une caserne de pompiers et fournissent des SMU ambulanciers dans leur collectivit\u00e9. Ils font en moyenne environ 4 000 appels par ann\u00e9e, dont 3 500 sont des urgences m\u00e9dicales. Avec cinq membres en service et un effectif minimum de trois, et aucune aide mutuelle disponible, la ville compte sur beaucoup de rappels.    <\/p>\n<\/div><div class=\"wp-block-paragraph \">\n<p>\u00ab\u00a0Cela nous tient terriblement occup\u00e9s\u00a0\u00bb, a d\u00e9clar\u00e9 Storring, ajoutant que la ville est ouverte \u00e0 l\u2019augmentation des ressources et des capacit\u00e9s du service d\u2019incendie, \u00ab\u00a0mais plus nous pouvons leur montrer de ressources sur les raisons pour lesquelles c\u2019est n\u00e9cessaire, cela ira un long chemin. \u00bb  <\/p>\n<\/div><div class=\"wp-block-paragraph \">\n<p>Le vice-pr\u00e9sident du 13<sup>e district de l\u2019AIP<\/sup> , Fred LeBlanc, qui a organis\u00e9 la section locale, a d\u00e9clar\u00e9 qu\u2019il \u00e9tait heureux d\u2019accueillir les pompiers d\u2019Iqaluit et qu\u2019il \u00e9tait reconnaissant \u00e0 l\u2019AFPC d\u2019avoir accept\u00e9 l\u2019affiliation associ\u00e9e, avec l\u2019id\u00e9e que deux syndicats peuvent se compl\u00e9ter en termes de services fournis.  <\/p>\n<\/div><div class=\"wp-block-paragraph \">\n<p>\u00ab J\u2019ai \u00e9t\u00e9 tr\u00e8s heureux que nous ayons pu trouver un moyen d\u2019obtenir une affiliation, car il est important que nous ayons cette capacit\u00e9 de nous soutenir les uns les autres dans toutes les r\u00e9gions du pays \u00bb, a d\u00e9clar\u00e9 M. LeBlanc.  <\/p>\n<\/div><div class=\"wp-block-paragraph \">\n<p>\u00ab Il y a des soutiens op\u00e9rationnels tr\u00e8s sp\u00e9cifiques en mati\u00e8re d\u2019incendie et de SMU que l\u2019AIP peut fournir \u00e0 Iqaluit \u00bb, a-t-il ajout\u00e9, notant qu\u2019une analyse SIG, par exemple, aiderait \u00e0 une \u00e9tude de d\u00e9placement de la station actuellement en cours.  <\/p>\n<\/div><div class=\"wp-block-paragraph \">\n<p>M. LeBlanc a ajout\u00e9 que les ressources de l\u2019AIP pourront, esp\u00e9rons-le, am\u00e9liorer la couverture des maladies pr\u00e9sum\u00e9es dans le territoire, qui ne couvre actuellement pas les blessures de stress post-traumatique et couvre 14 cancers par rapport \u00e0 la r\u00e9f\u00e9rence nationale actuelle de 22 cancers en Saskatchewan.  <\/p>\n<\/div><div class=\"wp-block-paragraph \">\n<p>Il esp\u00e8re se rendre dans la collectivit\u00e9 au cours des prochains mois pour rencontrer les pompiers et d\u2019autres intervenants de la ville afin d\u2019explorer davantage comment l\u2019AIP peut profiter \u00e0 la s\u00e9curit\u00e9 du public et des pompiers.  <\/p>\n<\/div><div class=\"wp-block-paragraph \">\n<p>L\u2019AIP compte maintenant 27 805 membres actifs dans 197 sections locales \u00e0 travers le Canada et 1 671 participants actifs \u00e0 la retraite.  <\/p>\n<\/div><div class=\"wp-block-paragraph \">\n<p>Le Nunavut, qui comprend l\u2019Est de l\u2019Arctique canadien et les tron\u00e7ons les plus septentrionaux du pays, faisait partie des Territoires du Nord-Ouest jusqu\u2019\u00e0 ce qu\u2019il devienne son propre territoire le 1er avril 1999.  <\/p>\n<\/div>","protected":false},"featured_media":72137,"menu_order":0,"template":"","tags":[],"class_list":["post-80331","news","type-news","status-publish","has-post-thumbnail","hentry"],"acf":[],"publishpress_future_workflow_manual_trigger":{"enabledWorkflows":[]},"_links":{"self":[{"href":"https:\/\/www.iaff.org\/fr-ca\/wp-json\/wp\/v2\/news\/80331","targetHints":{"allow":["GET"]}}],"collection":[{"href":"https:\/\/www.iaff.org\/fr-ca\/wp-json\/wp\/v2\/news"}],"about":[{"href":"https:\/\/www.iaff.org\/fr-ca\/wp-json\/wp\/v2\/types\/news"}],"version-history":[{"count":0,"href":"https:\/\/www.iaff.org\/fr-ca\/wp-json\/wp\/v2\/news\/80331\/revisions"}],"wp:featuredmedia":[{"embeddable":true,"href":"https:\/\/www.iaff.org\/fr-ca\/wp-json\/wp\/v2\/media\/72137"}],"wp:attachment":[{"href":"https:\/\/www.iaff.org\/fr-ca\/wp-json\/wp\/v2\/media?parent=80331"}],"wp:term":[{"taxonomy":"post_tag","embeddable":true,"href":"https:\/\/www.iaff.org\/fr-ca\/wp-json\/wp\/v2\/tags?post=80331"}],"curies":[{"name":"wp","href":"https:\/\/api.w.org\/{rel}","templated":true}]}}