{"id":80316,"date":"2024-04-12T13:03:18","date_gmt":"2024-04-12T17:03:18","guid":{"rendered":"https:\/\/www.iaff.org\/news\/fairfax-county-local-2068-honore-apres-des-negociations-de-premier-contrat-reussies\/"},"modified":"2025-01-14T11:43:18","modified_gmt":"2025-01-14T16:43:18","slug":"fairfax-county-local-2068-honore-apres-des-negociations-de-premier-contrat-reussies","status":"publish","type":"news","link":"https:\/\/www.iaff.org\/fr-ca\/news\/fairfax-county-local-2068-honore-apres-des-negociations-de-premier-contrat-reussies\/","title":{"rendered":"Fairfax County Local 2068 honor\u00e9 apr\u00e8s des n\u00e9gociations de premier contrat r\u00e9ussies"},"content":{"rendered":"<section\n\t class=\"page-blocks iaff-page-blocks align wp-block-acf-page-blocks\" id=\"page-blocks_block_1814cfdecf321322bea8131e18c0ab08\">\n\t<div class=\"acf-innerblocks-container\">\n<div class=\"wp-block-paragraph \">\n<p>Le chef des pompiers du comt\u00e9 de Fairfax, John Butler, a reconnu la section locale 2068 et les n\u00e9gociateurs du comt\u00e9 plus t\u00f4t ce mois-ci pour avoir n\u00e9goci\u00e9 avec succ\u00e8s leur premier contrat.  <\/p>\n<\/div>\n\n<div class=\"wp-block-paragraph \">\n<p>Les remarques et la remise du certificat de Butler ont eu lieu lors de la c\u00e9r\u00e9monie mensuelle de remise des prix et de reconnaissance du Minist\u00e8re le 3 avril. La section locale est maintenant l\u2019une des quatre filiales de Virginie \u00e0 avoir une convention collective.   <br\/> <br\/>\u00ab Nous nous sommes assis \u00e0 la table des n\u00e9gociations en sachant que nous \u00e9tions l\u00e0 pour \u00e9tablir une base solide sur laquelle nous pourrons nous appuyer pour les ann\u00e9es \u00e0 venir. Il \u00e9tait important de bien faire les choses \u00bb, a d\u00e9clar\u00e9 robert Young, pr\u00e9sident de la section locale 2068. \u00ab Ce certificat est un symbole d\u2019appr\u00e9ciation et d\u00e9montre son appr\u00e9ciation pour notre travail acharn\u00e9 et notre d\u00e9vouement \u00e0 offrir un premier contrat solide \u00e0 nos membres et \u00e0 notre minist\u00e8re. \u00bb <br\/> <br\/>Les principales dispositions de l\u2019accord comprennent un nouveau r\u00e9gime de r\u00e9mun\u00e9ration avec un salaire de d\u00e9part plus \u00e9lev\u00e9 et des augmentations annuelles pour les 25 premi\u00e8res ann\u00e9es de service, une r\u00e9mun\u00e9ration pour la formation, une p\u00e9riode suppl\u00e9mentaire de travail l\u00e9ger pour les travailleuses apr\u00e8s la grossesse et une incitation salariale pour les \u00e9tudes sup\u00e9rieures.   <\/p>\n<\/div>\n\n<div class=\"wp-block-paragraph \">\n<p>\u00ab L\u2019adoption de la convention collective a \u00e9t\u00e9 un moment historique pour le minist\u00e8re et la section locale\u00a0\u00bb, a d\u00e9clar\u00e9 Butler, qui est \u00e9galement pr\u00e9sident de l\u2019Association internationale des chefs de pompiers. \u00ab Les syndicats et la direction utiliseront la convention collective et les conditions qu\u2019elle a mises en place pour travailler \u00e0 l\u2019am\u00e9lioration de notre main-d\u2019\u0153uvre, tant en uniforme que civile. Merci \u00e0 tous ceux qui sont all\u00e9s \u00e0 la table et qui ont travaill\u00e9 avec respect et dignit\u00e9 les uns pour les autres.   <\/p>\n<\/div>\n\n<div class=\"wp-block-paragraph \">\n<p>La voie de la n\u00e9gociation collective en Virginie s\u2019est ouverte en mai 2021 lorsqu\u2019une loi autorisant le processus est entr\u00e9e en vigueur. Le comt\u00e9 de Fairfax est devenu l\u2019un des premiers \u00e0 le faire, en octobre 2021.   <\/p>\n<\/div>\n\n<div class=\"wp-block-paragraph \">\n<p>Ratifi\u00e9 par les membres du syndicat le 8 novembre, le contrat court du 1er juillet 2024 au 30 juin 2027. En plus des pompiers, des m\u00e9decins, des m\u00e9caniciens et d\u2019autres membres du personnel du service d\u2019incendie et de sauvetage du comt\u00e9 de Fairfax, il couvre les r\u00e9partiteurs 911 du minist\u00e8re des Communications du minist\u00e8re de la S\u00e9curit\u00e9 publique.   <\/p>\n<\/div>\n\n<div class=\"wp-block-paragraph \">\n<p>\u00ab\u00a0Moins de trois ans apr\u00e8s l\u2019entr\u00e9e en vigueur de la loi sur la n\u00e9gociation collective, le nombre d\u2019ordonnances continue d\u2019augmenter car elles voient la valeur de la main-d\u2019\u0153uvre et de la direction travaillant ensemble pour renforcer le service d\u2019incendie et am\u00e9liorer les services d\u2019urgence\u00a0\u00bb, a d\u00e9clar\u00e9 le vice-pr\u00e9sident du 4\u00e8me district, Andrew Pantelis. \u00ab Nous appr\u00e9cions la reconnaissance du chef Butler et nous sommes impatients de continuer \u00e0 travailler ensemble \u00e0 l\u2019atteinte d\u2019objectifs communs. \u00bb   <\/p>\n<\/div>\n\n<div class=\"wp-block-paragraph \">\n<p>En plus de la section locale 2068 du comt\u00e9 de Fairfax, la section locale 2141 d\u2019Alexandria, la section locale 2800 du comt\u00e9 d\u2019Arlington et la section locale 2598 du comt\u00e9 de Prince William ont des contrats. La section locale 3756 du comt\u00e9 de Loudoun, richmond 995, la section locale 2363 de Charlottesville et la section locale 539 de Portsmouth sont toutes situ\u00e9es dans des municipalit\u00e9s ayant adopt\u00e9 des ordonnances et travaillent \u00e0 la conclusion de contrats. <\/p>\n<\/div>\n<\/div><\/section>\n","protected":false},"featured_media":71372,"menu_order":0,"template":"","tags":[91,114],"class_list":["post-80316","news","type-news","status-publish","has-post-thumbnail","hentry","tag-negociation-collective","tag-victoires-syndicales"],"acf":[],"publishpress_future_workflow_manual_trigger":{"enabledWorkflows":[]},"_links":{"self":[{"href":"https:\/\/www.iaff.org\/fr-ca\/wp-json\/wp\/v2\/news\/80316","targetHints":{"allow":["GET"]}}],"collection":[{"href":"https:\/\/www.iaff.org\/fr-ca\/wp-json\/wp\/v2\/news"}],"about":[{"href":"https:\/\/www.iaff.org\/fr-ca\/wp-json\/wp\/v2\/types\/news"}],"version-history":[{"count":0,"href":"https:\/\/www.iaff.org\/fr-ca\/wp-json\/wp\/v2\/news\/80316\/revisions"}],"wp:featuredmedia":[{"embeddable":true,"href":"https:\/\/www.iaff.org\/fr-ca\/wp-json\/wp\/v2\/media\/71372"}],"wp:attachment":[{"href":"https:\/\/www.iaff.org\/fr-ca\/wp-json\/wp\/v2\/media?parent=80316"}],"wp:term":[{"taxonomy":"post_tag","embeddable":true,"href":"https:\/\/www.iaff.org\/fr-ca\/wp-json\/wp\/v2\/tags?post=80316"}],"curies":[{"name":"wp","href":"https:\/\/api.w.org\/{rel}","templated":true}]}}