{"id":80306,"date":"2024-10-25T13:15:47","date_gmt":"2024-10-25T17:15:47","guid":{"rendered":"https:\/\/www.iaff.org\/news\/laip-annonce-des-webinaires-sur-lavenir-de-lequipement-de-protection\/"},"modified":"2024-11-05T13:31:11","modified_gmt":"2024-11-05T18:31:11","slug":"laip-annonce-des-webinaires-sur-lavenir-de-lequipement-de-protection","status":"publish","type":"news","link":"https:\/\/www.iaff.org\/fr-ca\/news\/laip-annonce-des-webinaires-sur-lavenir-de-lequipement-de-protection\/","title":{"rendered":"l\u2019AIP annonce des webinaires sur l\u2019avenir de l\u2019\u00e9quipement de protection"},"content":{"rendered":"<section\n\t class=\"page-blocks iaff-page-blocks align wp-block-acf-page-blocks\" id=\"page-blocks_block_62400a3e88b397717f58a5163c364600\">\n\t<div class=\"acf-innerblocks-container\">\n<div class=\"wp-block-paragraph \">\n<p>L\u2019Association internationale des pompiers peuvent participer \u00e0 deux webinaires con\u00e7us pour aborder les risques et les dangers associ\u00e9s \u00e0 l\u2019\u00e9quipement de protection des pompiers.<\/p>\n<\/div>\n\n<div class=\"wp-block-paragraph \">\n<p>Les webinaires, qui auront lieu le 7 novembre \u00e0 15 h (HE) et le 8 novembre \u00e0 12 h (HE), visent \u00e0 cerner et \u00e0 mieux comprendre ces risques et \u00e0 explorer comment les am\u00e9liorations futures peuvent r\u00e9duire les taux de blessures et de d\u00e9c\u00e8s chez les pompiers et les travailleurs m\u00e9dicaux d\u2019urgence.  <\/p>\n<\/div>\n\n\n<div class=\"wp-block-buttons is-content-justification-center is-layout-flex wp-container-core-buttons-is-layout-16018d1d wp-block-buttons-is-layout-flex\">\n<div class=\"wp-block-button is-style-primary-gold\"><a class=\"wp-block-button__link wp-element-button\" href=\"https:\/\/iaff-org.zoom.us\/webinar\/register\/WN_ZeFKR3DwS2OUbJxQkZVEcA#\/registration\" target=\"_blank\" rel=\"noreferrer noopener\">Cliquez pour vous inscrire pour le 7 novembre<\/a><\/div>\n\n\n\n<div class=\"wp-block-button is-style-primary-gold\"><a class=\"wp-block-button__link wp-element-button\" href=\"https:\/\/iaff-org.zoom.us\/webinar\/register\/WN_KmLtff7BRtScf25w6Kq-9A#\/registration\" target=\"_blank\" rel=\"noreferrer noopener\">Cliquez pour vous inscrire pour le 8 novembre<\/a><\/div>\n<\/div>\n\n\n<div class=\"wp-block-paragraph \">\n<p>\u00ab Ces webinaires sont une occasion essentielle pour l\u2019AIP de recueillir les commentaires de nos membres, qu\u2019ils proviennent de petites sections locales, de grandes sections locales ou de n\u2019importe o\u00f9 entre les deux \u00bb, a d\u00e9clar\u00e9 Sean DeCrane, directeur des services op\u00e9rationnels de sant\u00e9 et de s\u00e9curit\u00e9 de l\u2019AIP. \u00ab Il s\u2019agit d\u2019une occasion de donner notre avis alors que notre syndicat travaille \u00e0 la cr\u00e9ation de la feuille de route pour la prochaine g\u00e9n\u00e9ration d\u2019EPI pour les pompiers. \u00bb <\/p>\n<\/div>\n\n<div class=\"wp-block-paragraph \">\n<p>l\u2019AIP encourage tous les membres \u00e0 participer et \u00e0 partager leurs points de vue. Les commentaires recueillis seront d\u00e9terminants pour fa\u00e7onner l\u2019avenir de l\u2019\u00e9quipement de protection des pompiers, en veillant \u00e0 ce qu\u2019il r\u00e9ponde aux normes les plus \u00e9lev\u00e9es en mati\u00e8re de s\u00e9curit\u00e9 et d\u2019efficacit\u00e9. <\/p>\n<\/div>\n<\/div><\/section>\n","protected":false},"featured_media":79789,"menu_order":0,"template":"","tags":[],"class_list":["post-80306","news","type-news","status-publish","has-post-thumbnail","hentry"],"acf":[],"publishpress_future_workflow_manual_trigger":{"enabledWorkflows":[]},"_links":{"self":[{"href":"https:\/\/www.iaff.org\/fr-ca\/wp-json\/wp\/v2\/news\/80306","targetHints":{"allow":["GET"]}}],"collection":[{"href":"https:\/\/www.iaff.org\/fr-ca\/wp-json\/wp\/v2\/news"}],"about":[{"href":"https:\/\/www.iaff.org\/fr-ca\/wp-json\/wp\/v2\/types\/news"}],"version-history":[{"count":0,"href":"https:\/\/www.iaff.org\/fr-ca\/wp-json\/wp\/v2\/news\/80306\/revisions"}],"wp:featuredmedia":[{"embeddable":true,"href":"https:\/\/www.iaff.org\/fr-ca\/wp-json\/wp\/v2\/media\/79789"}],"wp:attachment":[{"href":"https:\/\/www.iaff.org\/fr-ca\/wp-json\/wp\/v2\/media?parent=80306"}],"wp:term":[{"taxonomy":"post_tag","embeddable":true,"href":"https:\/\/www.iaff.org\/fr-ca\/wp-json\/wp\/v2\/tags?post=80306"}],"curies":[{"name":"wp","href":"https:\/\/api.w.org\/{rel}","templated":true}]}}