{"id":80301,"date":"2024-10-11T16:11:24","date_gmt":"2024-10-11T20:11:24","guid":{"rendered":"https:\/\/www.iaff.org\/news\/les-affilies-de-laip-agissent-pendant-la-semaine-nationale-de-la-prevention-des-incendies\/"},"modified":"2024-11-05T13:30:58","modified_gmt":"2024-11-05T18:30:58","slug":"les-affilies-de-laip-agissent-pendant-la-semaine-nationale-de-la-prevention-des-incendies","status":"publish","type":"news","link":"https:\/\/www.iaff.org\/fr-ca\/news\/les-affilies-de-laip-agissent-pendant-la-semaine-nationale-de-la-prevention-des-incendies\/","title":{"rendered":"Les affili\u00e9s de l\u2019AIP agissent pendant la Semaine nationale de la pr\u00e9vention des incendies"},"content":{"rendered":"<section\n\t class=\"page-blocks iaff-page-blocks align wp-block-acf-page-blocks\" id=\"page-blocks_block_b2dfa017d23f9a3debb8e4312b871846\">\n\t<div class=\"acf-innerblocks-container\">\n<div class=\"wp-block-paragraph \">\n<p>La pr\u00e9vention des incendies est la responsabilit\u00e9 de tous, et cette semaine, les affili\u00e9s de l\u2019AIP dirigent des initiatives aux \u00c9tats-Unis et au Canada pour promouvoir la Semaine nationale de la pr\u00e9vention des incendies.  <\/p>\n<\/div>\n\n<div class=\"wp-block-paragraph \">\n<p>Sous le th\u00e8me \u00ab Avertisseurs de fum\u00e9e : faites-les fonctionner pour vous\u00a0! <s>\u00bb,<\/s> les membres collaborent avec leurs communaut\u00e9s locales pour fournir une \u00e9ducation essentielle sur les risques d\u2019incendie et la protection.  <\/p>\n<\/div>\n\n<div class=\"wp-block-paragraph \">\n<p>\u00ab Trop souvent, nos membres intertentent en cas d\u2019incendie mortel \u00e0 domicile pour trouver des avertisseurs de fum\u00e9e handicap\u00e9s ou qui ne fonctionnent pas \u00bb, a d\u00e9clar\u00e9 Sean DeCrane, directeur des services op\u00e9rationnels de sant\u00e9 et de s\u00e9curit\u00e9 de l\u2019AIP. \u00ab Ces programmes sont essentiels pour faire passer le message au public sur l\u2019importance de bien installer des avertisseurs de fum\u00e9e fonctionnels. \u00bb   <\/p>\n<\/div>\n\n<div class=\"wp-block-paragraph \">\n<p>Les \u00e9v\u00e9nements aux \u00c9tats-Unis et au Canada comprennent des ateliers, des d\u00e9monstrations et des journ\u00e9es portes ouvertes, visant \u00e0 sensibiliser le public au potentiel de sauvetage des avertisseurs de fum\u00e9e qui fonctionnent correctement et de la s\u00e9curit\u00e9-incendie.  <\/p>\n<\/div>\n\n\n<figure class=\"wp-block-pullquote\"><blockquote><p>Trop souvent, nos membres intertentent en cas d\u2019incendie mortel \u00e0 la maison pour trouver des avertisseurs de fum\u00e9e handicap\u00e9s ou qui ne fonctionnent pas.<\/p><cite>  Sean DeCrane, directeur des services op\u00e9rationnels de sant\u00e9 et de s\u00e9curit\u00e9 de l\u2019AIP.<\/cite><\/blockquote><\/figure>\n\n\n<div class=\"wp-block-paragraph \">\n<p><\/p>\n<\/div>\n\n<div class=\"wp-block-paragraph \">\n<p>\u00c0 Regina, en Saskatchewan, deux casernes de pompiers ouvriront leurs portes au public pour promouvoir la s\u00e9curit\u00e9-incendie. Le pr\u00e9sident de la section locale 181, Tyler Packham, a d\u00e9clar\u00e9 que cet effort est un pas en avant pour tenir le public inform\u00e9.   <\/p>\n<\/div>\n\n<div class=\"wp-block-paragraph \">\n<p>\u00ab La section locale 181 appuie cette initiative, car il s\u2019agit d\u2019une occasion incroyable pour nos membres de promouvoir le travail que nous aimons aupr\u00e8s de ceux \u00e0 qui nous offrons nos services. En fin de compte, le message de la pr\u00e9vention des incendies, de la s\u00e9curit\u00e9-incendie et de ce que nous faisons chaque jour sera partag\u00e9, peut-\u00eatre \u00e0 la prochaine g\u00e9n\u00e9ration de membres de l\u2019AIP \u00bb, a d\u00e9clar\u00e9 Packham.  <\/p>\n<\/div>\n\n<div class=\"wp-block-paragraph \">\n<p>\u00c0 Columbia, au Missouri, la section locale 1055 s\u2019associe au service d\u2019incendie de Columbia pour transmettre des messages essentiels sur la s\u00e9curit\u00e9. Le pr\u00e9sident Zachary Privette a soulign\u00e9 l\u2019esprit de collaboration de leurs efforts, en disant : \u00ab Je suis fier de nos membres qui servent dans les rues de notre ville et qui travaillent sans rel\u00e2che pour fournir non seulement une protection contre les incendies, mais aussi des messages de s\u00e9curit\u00e9 publique. La Semaine de la pr\u00e9vention des incendies est une occasion pour le service d\u2019incendie de Columbia et la section locale 1055 de s\u2019associer ensemble.   <\/p>\n<\/div>\n\n<div class=\"wp-block-paragraph \">\n<p>Lors d\u2019un r\u00e9cent \u00e9v\u00e9nement de lancement le 6 octobre, Privette a d\u00e9crit un rassemblement communautaire dynamique mettant en vedette des vendeurs, des maisons de rebond, de la nourriture et des pr\u00e9sentoirs d\u2019appareils de lutte contre les incendies. \u00ab Cet \u00e9v\u00e9nement \u00e9tait une fa\u00e7on amusante et ax\u00e9e sur la famille de faire participer la communaut\u00e9 \u00bb, a-t-il d\u00e9clar\u00e9. \u00ab Tout au long du reste de la semaine, nos membres et nos \u00e9quipes en service visiteront des \u00e9coles, des garderies et des entreprises pour transmettre des messages sur la s\u00e9curit\u00e9-incendie et pr\u00e9senter les outils et l\u2019\u00e9quipement que nous utilisons pour assurer leur s\u00e9curit\u00e9 en Colombie. \u00bb    <\/p>\n<\/div>\n\n<div class=\"wp-block-paragraph \">\n<p>Les membres de concord Township, OH Local 3329 font \u00e9quipe avec les \u00e9coles locales, les \u00e9glises et les \u00e9tablissements de sant\u00e9 pour \u00e9duquer la communaut\u00e9 sur les techniques vitales de s\u00e9curit\u00e9 incendie. Tout au long du mois d\u2019octobre, les membres et leur minist\u00e8re esp\u00e8rent rejoindre environ 1 300 enfants, en leur enseignant des comp\u00e9tences essentielles telles que la reconnaissance des urgences, l\u2019appel au 911 et l\u2019intervention efficace en cas d\u2019incendie.   <\/p>\n<\/div>\n\n\n<figure class=\"wp-block-pullquote\"><blockquote><p>Bien que nous ch\u00e9rissions notre engagement communautaire tout au long de l\u2019ann\u00e9e, le mois d\u2019octobre rev\u00eat une importance particuli\u00e8re alors que nous \u00e9tablissons des liens avec nos jeunes, dans le but de laisser une impression durable sur leur compr\u00e9hension de la s\u00e9curit\u00e9-incendie.<\/p><cite>Brian Valletto, canton de Concord, oh local 3329<\/cite><\/blockquote><\/figure>\n\n\n<div class=\"wp-block-paragraph \">\n<p><\/p>\n<\/div>\n\n<div class=\"wp-block-paragraph \">\n<p>\u00ab Nous mettons l\u2019accent sur le principe \u00ab\u00a0Sortez et restez \u00e0 l\u2019ext\u00e9rieur\u00a0\u00bb, qui sert de fondement \u00e0 bon nombre de nos initiatives. Bien que nous ch\u00e9rissions notre engagement communautaire tout au long de l\u2019ann\u00e9e, le mois d\u2019octobre rev\u00eat une importance particuli\u00e8re alors que nous \u00e9tablissons des liens avec nos jeunes, dans le but de laisser une impression durable sur leur compr\u00e9hension de la s\u00e9curit\u00e9-incendie \u00bb, a d\u00e9clar\u00e9 Brian Valletto, de la section locale 3329. \u00ab C\u2019est vraiment un honneur d\u2019offrir des services professionnels de haute qualit\u00e9 \u00e0 tous ceux qui vivent, visitent et restent dans notre communaut\u00e9. \u00bb  <\/p>\n<\/div>\n\n<div class=\"wp-block-paragraph \">\n<p>Alors que la Semaine nationale de la pr\u00e9vention des incendies se poursuit, M. DeCrane affirme que la pr\u00e9vention des incendies est un effort d\u2019un an.  <\/p>\n<\/div>\n\n<div class=\"wp-block-paragraph \">\n<p>\u00ab La Semaine de la pr\u00e9vention des incendies est une approche \u00e0 multiples facettes de participation, d\u2019\u00e9ducation et d\u2019action communautaire qui m\u00e8nera \u00e0 la r\u00e9duction de nos incendies mortels \u00bb, a-t-il d\u00e9clar\u00e9. \u00ab Les membres de l\u2019AIP ne sont pas seulement des intervenants, mais ils sont proactifs dans la protection de leur collectivit\u00e9 gr\u00e2ce \u00e0 ces efforts de s\u00e9curit\u00e9-incendie tout au long de l\u2019ann\u00e9e. \u00bb   <\/p>\n<\/div>\n\n<div class=\"wp-block-paragraph \">\n<p>Pour plus d\u2019informations sur les conseils et les sujets de s\u00e9curit\u00e9 incendie, visitez le lien <a href=\"http:\/\/iaff.org\/fire-prevention.\" target=\"_blank\" rel=\"noreferrer noopener\">ici<\/a>.  <\/p>\n<\/div>\n\n\n<figure class=\"wp-block-gallery has-nested-images columns-default is-cropped wp-block-gallery-1 is-layout-flex wp-block-gallery-is-layout-flex\">\n<figure data-wp-context=\"{&quot;imageId&quot;:&quot;69f4bdf6d7057&quot;}\" data-wp-interactive=\"core\/image\" data-wp-key=\"69f4bdf6d7057\" class=\"wp-block-image size-large wp-lightbox-container\"><img decoding=\"async\" width=\"1024\" height=\"1024\" data-wp-class--hide=\"state.isContentHidden\" data-wp-class--show=\"state.isContentVisible\" data-wp-init=\"callbacks.setButtonStyles\" data-wp-on--click=\"actions.showLightbox\" data-wp-on--load=\"callbacks.setButtonStyles\" data-wp-on-window--resize=\"callbacks.setButtonStyles\" data-id=\"79043\" src=\"https:\/\/www.iaff.org\/wp-content\/uploads\/2024\/10\/FPW-2024-3-1024x1024.jpg\" alt=\"\" class=\"wp-image-79043\" srcset=\"https:\/\/www.iaff.org\/wp-content\/uploads\/2024\/10\/FPW-2024-3-1024x1024.jpg 1024w, https:\/\/www.iaff.org\/wp-content\/uploads\/2024\/10\/FPW-2024-3-300x300.jpg 300w, https:\/\/www.iaff.org\/wp-content\/uploads\/2024\/10\/FPW-2024-3-150x150.jpg 150w, https:\/\/www.iaff.org\/wp-content\/uploads\/2024\/10\/FPW-2024-3-768x768.jpg 768w, https:\/\/www.iaff.org\/wp-content\/uploads\/2024\/10\/FPW-2024-3-240x240.jpg 240w, https:\/\/www.iaff.org\/wp-content\/uploads\/2024\/10\/FPW-2024-3-800x800.jpg 800w, https:\/\/www.iaff.org\/wp-content\/uploads\/2024\/10\/FPW-2024-3-810x810.jpg 810w, https:\/\/www.iaff.org\/wp-content\/uploads\/2024\/10\/FPW-2024-3.jpg 1080w\" sizes=\"(max-width: 1024px) 100vw, 1024px\" \/><button\n\t\t\tclass=\"lightbox-trigger\"\n\t\t\ttype=\"button\"\n\t\t\taria-haspopup=\"dialog\"\n\t\t\taria-label=\"Enlarge\"\n\t\t\tdata-wp-init=\"callbacks.initTriggerButton\"\n\t\t\tdata-wp-on--click=\"actions.showLightbox\"\n\t\t\tdata-wp-style--right=\"state.imageButtonRight\"\n\t\t\tdata-wp-style--top=\"state.imageButtonTop\"\n\t\t>\n\t\t\t<svg xmlns=\"http:\/\/www.w3.org\/2000\/svg\" width=\"12\" height=\"12\" fill=\"none\" viewBox=\"0 0 12 12\">\n\t\t\t\t<path fill=\"#fff\" d=\"M2 0a2 2 0 0 0-2 2v2h1.5V2a.5.5 0 0 1 .5-.5h2V0H2Zm2 10.5H2a.5.5 0 0 1-.5-.5V8H0v2a2 2 0 0 0 2 2h2v-1.5ZM8 12v-1.5h2a.5.5 0 0 0 .5-.5V8H12v2a2 2 0 0 1-2 2H8Zm2-12a2 2 0 0 1 2 2v2h-1.5V2a.5.5 0 0 0-.5-.5H8V0h2Z\" \/>\n\t\t\t<\/svg>\n\t\t<\/button><figcaption class=\"wp-element-caption\">La section locale 1055 lors d\u2019un \u00e9v\u00e9nement de la Semaine de la pr\u00e9vention des incendies.<\/figcaption><\/figure>\n\n\n\n<figure data-wp-context=\"{&quot;imageId&quot;:&quot;69f4bdf6d79ef&quot;}\" data-wp-interactive=\"core\/image\" data-wp-key=\"69f4bdf6d79ef\" class=\"wp-block-image size-large wp-lightbox-container\"><img decoding=\"async\" width=\"1024\" height=\"768\" data-wp-class--hide=\"state.isContentHidden\" data-wp-class--show=\"state.isContentVisible\" data-wp-init=\"callbacks.setButtonStyles\" data-wp-on--click=\"actions.showLightbox\" data-wp-on--load=\"callbacks.setButtonStyles\" data-wp-on-window--resize=\"callbacks.setButtonStyles\" data-id=\"79036\" src=\"https:\/\/www.iaff.org\/wp-content\/uploads\/2024\/10\/IMG_7584-1024x768.jpg\" alt=\"\" class=\"wp-image-79036\" srcset=\"https:\/\/www.iaff.org\/wp-content\/uploads\/2024\/10\/IMG_7584-1024x768.jpg 1024w, https:\/\/www.iaff.org\/wp-content\/uploads\/2024\/10\/IMG_7584-300x225.jpg 300w, https:\/\/www.iaff.org\/wp-content\/uploads\/2024\/10\/IMG_7584-768x576.jpg 768w, https:\/\/www.iaff.org\/wp-content\/uploads\/2024\/10\/IMG_7584-1536x1152.jpg 1536w, https:\/\/www.iaff.org\/wp-content\/uploads\/2024\/10\/IMG_7584-2048x1536.jpg 2048w, https:\/\/www.iaff.org\/wp-content\/uploads\/2024\/10\/IMG_7584-240x180.jpg 240w, https:\/\/www.iaff.org\/wp-content\/uploads\/2024\/10\/IMG_7584-1067x800.jpg 1067w, https:\/\/www.iaff.org\/wp-content\/uploads\/2024\/10\/IMG_7584-1080x810.jpg 1080w\" sizes=\"(max-width: 1024px) 100vw, 1024px\" \/><button\n\t\t\tclass=\"lightbox-trigger\"\n\t\t\ttype=\"button\"\n\t\t\taria-haspopup=\"dialog\"\n\t\t\taria-label=\"Enlarge\"\n\t\t\tdata-wp-init=\"callbacks.initTriggerButton\"\n\t\t\tdata-wp-on--click=\"actions.showLightbox\"\n\t\t\tdata-wp-style--right=\"state.imageButtonRight\"\n\t\t\tdata-wp-style--top=\"state.imageButtonTop\"\n\t\t>\n\t\t\t<svg xmlns=\"http:\/\/www.w3.org\/2000\/svg\" width=\"12\" height=\"12\" fill=\"none\" viewBox=\"0 0 12 12\">\n\t\t\t\t<path fill=\"#fff\" d=\"M2 0a2 2 0 0 0-2 2v2h1.5V2a.5.5 0 0 1 .5-.5h2V0H2Zm2 10.5H2a.5.5 0 0 1-.5-.5V8H0v2a2 2 0 0 0 2 2h2v-1.5ZM8 12v-1.5h2a.5.5 0 0 0 .5-.5V8H12v2a2 2 0 0 1-2 2H8Zm2-12a2 2 0 0 1 2 2v2h-1.5V2a.5.5 0 0 0-.5-.5H8V0h2Z\" \/>\n\t\t\t<\/svg>\n\t\t<\/button><figcaption class=\"wp-element-caption\">Section locale 3329 avec les \u00e9l\u00e8ves.<\/figcaption><\/figure>\n\n\n\n<figure data-wp-context=\"{&quot;imageId&quot;:&quot;69f4bdf6d8335&quot;}\" data-wp-interactive=\"core\/image\" data-wp-key=\"69f4bdf6d8335\" class=\"wp-block-image size-large wp-lightbox-container\"><img decoding=\"async\" width=\"1024\" height=\"1024\" data-wp-class--hide=\"state.isContentHidden\" data-wp-class--show=\"state.isContentVisible\" data-wp-init=\"callbacks.setButtonStyles\" data-wp-on--click=\"actions.showLightbox\" data-wp-on--load=\"callbacks.setButtonStyles\" data-wp-on-window--resize=\"callbacks.setButtonStyles\" data-id=\"79045\" src=\"https:\/\/www.iaff.org\/wp-content\/uploads\/2024\/10\/FPW-2024-2-1024x1024.jpg\" alt=\"\" class=\"wp-image-79045\" srcset=\"https:\/\/www.iaff.org\/wp-content\/uploads\/2024\/10\/FPW-2024-2-1024x1024.jpg 1024w, https:\/\/www.iaff.org\/wp-content\/uploads\/2024\/10\/FPW-2024-2-300x300.jpg 300w, https:\/\/www.iaff.org\/wp-content\/uploads\/2024\/10\/FPW-2024-2-150x150.jpg 150w, https:\/\/www.iaff.org\/wp-content\/uploads\/2024\/10\/FPW-2024-2-768x768.jpg 768w, https:\/\/www.iaff.org\/wp-content\/uploads\/2024\/10\/FPW-2024-2-240x240.jpg 240w, https:\/\/www.iaff.org\/wp-content\/uploads\/2024\/10\/FPW-2024-2-800x800.jpg 800w, https:\/\/www.iaff.org\/wp-content\/uploads\/2024\/10\/FPW-2024-2-810x810.jpg 810w, https:\/\/www.iaff.org\/wp-content\/uploads\/2024\/10\/FPW-2024-2.jpg 1080w\" sizes=\"(max-width: 1024px) 100vw, 1024px\" \/><button\n\t\t\tclass=\"lightbox-trigger\"\n\t\t\ttype=\"button\"\n\t\t\taria-haspopup=\"dialog\"\n\t\t\taria-label=\"Enlarge\"\n\t\t\tdata-wp-init=\"callbacks.initTriggerButton\"\n\t\t\tdata-wp-on--click=\"actions.showLightbox\"\n\t\t\tdata-wp-style--right=\"state.imageButtonRight\"\n\t\t\tdata-wp-style--top=\"state.imageButtonTop\"\n\t\t>\n\t\t\t<svg xmlns=\"http:\/\/www.w3.org\/2000\/svg\" width=\"12\" height=\"12\" fill=\"none\" viewBox=\"0 0 12 12\">\n\t\t\t\t<path fill=\"#fff\" d=\"M2 0a2 2 0 0 0-2 2v2h1.5V2a.5.5 0 0 1 .5-.5h2V0H2Zm2 10.5H2a.5.5 0 0 1-.5-.5V8H0v2a2 2 0 0 0 2 2h2v-1.5ZM8 12v-1.5h2a.5.5 0 0 0 .5-.5V8H12v2a2 2 0 0 1-2 2H8Zm2-12a2 2 0 0 1 2 2v2h-1.5V2a.5.5 0 0 0-.5-.5H8V0h2Z\" \/>\n\t\t\t<\/svg>\n\t\t<\/button><figcaption class=\"wp-element-caption\">Section locale 1055 avec des membres de la communaut\u00e9.<\/figcaption><\/figure>\n<\/figure>\n\n<\/div><\/section>\n","protected":false},"featured_media":79037,"menu_order":0,"template":"","tags":[77],"class_list":["post-80301","news","type-news","status-publish","has-post-thumbnail","hentry","tag-evenements"],"acf":[],"publishpress_future_workflow_manual_trigger":{"enabledWorkflows":[]},"_links":{"self":[{"href":"https:\/\/www.iaff.org\/fr-ca\/wp-json\/wp\/v2\/news\/80301","targetHints":{"allow":["GET"]}}],"collection":[{"href":"https:\/\/www.iaff.org\/fr-ca\/wp-json\/wp\/v2\/news"}],"about":[{"href":"https:\/\/www.iaff.org\/fr-ca\/wp-json\/wp\/v2\/types\/news"}],"version-history":[{"count":0,"href":"https:\/\/www.iaff.org\/fr-ca\/wp-json\/wp\/v2\/news\/80301\/revisions"}],"wp:featuredmedia":[{"embeddable":true,"href":"https:\/\/www.iaff.org\/fr-ca\/wp-json\/wp\/v2\/media\/79037"}],"wp:attachment":[{"href":"https:\/\/www.iaff.org\/fr-ca\/wp-json\/wp\/v2\/media?parent=80301"}],"wp:term":[{"taxonomy":"post_tag","embeddable":true,"href":"https:\/\/www.iaff.org\/fr-ca\/wp-json\/wp\/v2\/tags?post=80301"}],"curies":[{"name":"wp","href":"https:\/\/api.w.org\/{rel}","templated":true}]}}