{"id":79297,"date":"2024-10-03T11:56:00","date_gmt":"2024-10-03T15:56:00","guid":{"rendered":"https:\/\/www.iaff.org\/news\/un-pompier-de-letat-de-new-york-releve-le-defi-de-parcourir-52-miles-pour-la-sensibilisation-a-la-sante-mentale\/"},"modified":"2024-10-17T10:10:32","modified_gmt":"2024-10-17T14:10:32","slug":"un-pompier-de-letat-de-new-york-releve-le-defi-de-parcourir-52-miles-pour-la-sensibilisation-a-la-sante-mentale","status":"publish","type":"news","link":"https:\/\/www.iaff.org\/fr-ca\/news\/un-pompier-de-letat-de-new-york-releve-le-defi-de-parcourir-52-miles-pour-la-sensibilisation-a-la-sante-mentale\/","title":{"rendered":"Un pompier de l\u2019\u00c9tat de New York rel\u00e8ve le d\u00e9fi de parcourir 52 miles pour la sensibilisation \u00e0 la sant\u00e9 mentale"},"content":{"rendered":"<section\n\t class=\"page-blocks iaff-page-blocks align wp-block-acf-page-blocks\" id=\"page-blocks_block_9630d7fcf151a0df530dd78b955daece\">\n\t<div class=\"acf-innerblocks-container\">\n<div class=\"wp-block-paragraph \">\n<p>Chris Rinck, chef de bataillon du district de protection contre les incendies d\u2019Arlington et fier membre de la section locale 2393 des Pompiers professionnels d\u2019Arlington, se pr\u00e9pare \u00e0 relever un d\u00e9fi extraordinaire en octobre. Il se joindra \u00e0 un groupe de coureurs d\u00e9vou\u00e9s connus sous le nom de \u00ab Wellness Warriors \u00bb (Guerriers du mieux-\u00eatre) afin de courir 52 miles (83,69 km) en une journ\u00e9e le 19 octobre. L\u2019objectif est de sensibiliser le public aux probl\u00e8mes de sant\u00e9 mentale touchant les pompiers et la communaut\u00e9.   <\/p>\n<\/div>\n\n<div class=\"wp-block-paragraph \">\n<p>\u00ab En tant que pompiers, nous avons l\u2019habitude d\u2019accumuler nos \u00e9motions. C\u2019est normal de ne pas bien aller. C\u2019est aussi important de reconna\u00eetre que tout le monde a de bonnes et de mauvaises journ\u00e9es pour diverses raisons, qu\u2019elles soient li\u00e9es \u00e0 la caserne, \u00e0 la vie personnelle, aux finances ou \u00e0 des probl\u00e8mes de sant\u00e9, M. Rinck explique. Divers facteurs peuvent nous affecter. Ces sentiments peuvent se manifester lorsque nous recevons un appel et que nous devons intervenir. \u00bb  <\/p>\n<\/div>\n\n<div class=\"wp-block-paragraph \">\n<p>La course \u00e0 venir fait partie de la campagne <a href=\"https:\/\/www.fifty2endstigma.org\/\" target=\"_blank\" rel=\"noreferrer noopener\">Fifty2 End Stigma<\/a>, organis\u00e9e par les Family Services of the Hudson Valley (Services familiaux de Hudson Valley). <\/p>\n<\/div>\n\n\n<figure class=\"wp-block-pullquote\"><blockquote><p>En tant que pompiers, nous avons l\u2019habitude d\u2019accumuler nos \u00e9motions. C\u2019est normal de ne pas bien aller. C\u2019est aussi important de reconna\u00eetre que tout le monde a de bonnes et de mauvaises journ\u00e9es pour diverses raisons, qu\u2019elles soient li\u00e9es \u00e0 la caserne, \u00e0 la vie personnelle, aux finances ou \u00e0 des probl\u00e8mes de sant\u00e9.  <\/p><cite>Chris Rinck, chef de bataillon<\/cite><\/blockquote><\/figure>\n\n\n<div class=\"wp-block-paragraph \">\n<p><\/p>\n<\/div>\n\n<div class=\"wp-block-paragraph \">\n<p>La section locale 2393 a publi\u00e9 un message sur les m\u00e9dias sociaux, saluant ses efforts : \u00ab Les Pompiers professionnels d\u2019Arlington sont fiers d\u2019\u00eatre repr\u00e9sent\u00e9s et de soutenir les efforts des Family Services dans la campagne Fifty2 End Stigma. \u00bb <\/p>\n<\/div>\n\n<div class=\"wp-block-paragraph \">\n<p>Le suicide est \u00e9galement la 11e cause de d\u00e9c\u00e8s aux \u00c9tats-Unis, et les pompiers courent un risque accru. Dans un <a href=\"https:\/\/www.iaff.org\/wp-content\/uploads\/Suicide-Prevention-Stand-Down-Week.pdf\" target=\"_blank\" rel=\"noreferrer noopener\">\u00e9chantillon national<\/a> de pompiers, les sympt\u00f4mes actuels de stress post-traumatique ont \u00e9t\u00e9 associ\u00e9s \u00e0 une probabilit\u00e9 accrue de 5,2 % de tentative de suicide au cours de leur carri\u00e8re de pompier.  <\/p>\n<\/div>\n\n<div class=\"wp-block-paragraph \">\n<p>Selon Mental Health America, plus de 52 millions de personnes sont confront\u00e9es \u00e0 des enjeux de sant\u00e9 mentale chaque ann\u00e9e, et seulement la moiti\u00e9 d\u2019entre elles re\u00e7oivent du soutien professionnel. <\/p>\n<\/div>\n\n<div class=\"wp-block-paragraph \">\n<p>\u00ab Un adulte am\u00e9ricain sur cinq est confront\u00e9 \u00e0 des probl\u00e8mes de sant\u00e9 mentale, et ce taux est nettement plus \u00e9lev\u00e9 chez les premiers intervenants, M. Rinck dit. Le stress li\u00e9 \u00e0 notre travail, y compris les probl\u00e8mes de sommeil, ne fait qu\u2019aggraver la situation. C\u2019\u00e9tait une raison de plus pour moi de m\u2019impliquer. \u00bb  <\/p>\n<\/div>\n\n<div class=\"wp-block-paragraph \">\n<p>Pour se pr\u00e9parer \u00e0 cette course \u00e9reintante, M. Rinck a suivi un plan d\u2019entra\u00eenement rigoureux qui comprend de courtes s\u00e9ances d\u2019entra\u00eenement et des courses de fond. <\/p>\n<\/div>\n\n<div class=\"wp-block-paragraph \">\n<p>Son engagement n\u2019est pas que personnel. Il esp\u00e8re inciter ses coll\u00e8gues pompiers \u00e0 faire de l\u2019activit\u00e9 physique et \u00e0 favoriser des conversations ouvertes et franches sur la sant\u00e9 mentale. <\/p>\n<\/div>\n\n<div class=\"wp-block-paragraph \">\n<p>\u00ab Demander de l\u2019aide est vital, il d\u00e9clare. Nous avons la chance de pouvoir nous asseoir autour de la table de cuisine \u00e0 la caserne et de demander des conseils. Si cette m\u00e9thode ne vous convient pas, il est normal de chercher de l\u2019aide ext\u00e9rieur. \u00bb  <\/p>\n<\/div>\n\n\n<figure class=\"wp-block-pullquote\"><blockquote><p>Nous avons la chance de pouvoir nous asseoir autour de la table de cuisine \u00e0 la caserne et de demander des conseils. Si cette m\u00e9thode ne vous convient pas, il est normal de chercher de l\u2019aide ext\u00e9rieur. <\/p><cite>Chris Rinck, chef de bataillon<\/cite><\/blockquote><\/figure>\n\n\n<div class=\"wp-block-paragraph \">\n<p><\/p>\n<\/div>\n\n<div class=\"wp-block-paragraph \">\n<p>Outre la course du 19 octobre, la campagne invite les membres de la communaut\u00e9 \u00e0 se mettre au d\u00e9fi de parcourir 52 miles tout au long du mois d\u2019octobre, que ce soit en marchant, en courant ou en faisant de la randonn\u00e9e. Les participants sont encourag\u00e9s \u00e0 partager leur parcours sur les m\u00e9dias sociaux afin d\u2019amplifier le message.  <\/p>\n<\/div>\n\n<div class=\"wp-block-paragraph \">\n<p>L\u2019Association internationale des pompiers (AIP) a lanc\u00e9 en septembre une initiative d\u2019un mois pour c\u00e9l\u00e9brer le Mois national du r\u00e9tablissement et le Mois national de la pr\u00e9vention du suicide. Visitez le lien <a href=\"https:\/\/www.iaff.org\/fr-ca\/sante-comportementale\/\" target=\"_blank\" rel=\"noreferrer noopener\">ici<\/a> pour acc\u00e9der aux ressources du Mois du r\u00e9tablissement et \u00e0 d\u2019autres programmes de sant\u00e9 comportementale de l\u2019AIP.  <\/p>\n<\/div>\n\n<div class=\"wp-block-paragraph \">\n<p>Pour soutenir Chris et la campagne Fifty2 End Stigma, cliquez <a href=\"http:\/\/fifty2endstigma.org\/\" target=\"_blank\" rel=\"noreferrer noopener\">ici<\/a>. <\/p>\n<\/div>\n\n\n<figure class=\"wp-block-gallery has-nested-images columns-default is-cropped wp-block-gallery-1 is-layout-flex wp-block-gallery-is-layout-flex\">\n<figure data-wp-context=\"{&quot;imageId&quot;:&quot;69f2c69c9691b&quot;}\" data-wp-interactive=\"core\/image\" data-wp-key=\"69f2c69c9691b\" class=\"wp-block-image size-large wp-lightbox-container\"><img decoding=\"async\" width=\"768\" height=\"1024\" data-wp-class--hide=\"state.isContentHidden\" data-wp-class--show=\"state.isContentVisible\" data-wp-init=\"callbacks.setButtonStyles\" data-wp-on--click=\"actions.showLightbox\" data-wp-on--load=\"callbacks.setButtonStyles\" data-wp-on-window--resize=\"callbacks.setButtonStyles\" data-id=\"78695\" src=\"https:\/\/www.iaff.org\/wp-content\/uploads\/2024\/10\/459572585_1635453863698776_9004056054548355155_n-768x1024.jpg\" alt=\"\" class=\"wp-image-78695\" srcset=\"https:\/\/www.iaff.org\/wp-content\/uploads\/2024\/10\/459572585_1635453863698776_9004056054548355155_n-768x1024.jpg 768w, https:\/\/www.iaff.org\/wp-content\/uploads\/2024\/10\/459572585_1635453863698776_9004056054548355155_n-225x300.jpg 225w, https:\/\/www.iaff.org\/wp-content\/uploads\/2024\/10\/459572585_1635453863698776_9004056054548355155_n-1152x1536.jpg 1152w, https:\/\/www.iaff.org\/wp-content\/uploads\/2024\/10\/459572585_1635453863698776_9004056054548355155_n-1536x2048.jpg 1536w, https:\/\/www.iaff.org\/wp-content\/uploads\/2024\/10\/459572585_1635453863698776_9004056054548355155_n-180x240.jpg 180w, https:\/\/www.iaff.org\/wp-content\/uploads\/2024\/10\/459572585_1635453863698776_9004056054548355155_n-600x800.jpg 600w, https:\/\/www.iaff.org\/wp-content\/uploads\/2024\/10\/459572585_1635453863698776_9004056054548355155_n-608x810.jpg 608w\" sizes=\"(max-width: 768px) 100vw, 768px\" \/><button\n\t\t\tclass=\"lightbox-trigger\"\n\t\t\ttype=\"button\"\n\t\t\taria-haspopup=\"dialog\"\n\t\t\taria-label=\"Enlarge\"\n\t\t\tdata-wp-init=\"callbacks.initTriggerButton\"\n\t\t\tdata-wp-on--click=\"actions.showLightbox\"\n\t\t\tdata-wp-style--right=\"state.imageButtonRight\"\n\t\t\tdata-wp-style--top=\"state.imageButtonTop\"\n\t\t>\n\t\t\t<svg xmlns=\"http:\/\/www.w3.org\/2000\/svg\" width=\"12\" height=\"12\" fill=\"none\" viewBox=\"0 0 12 12\">\n\t\t\t\t<path fill=\"#fff\" d=\"M2 0a2 2 0 0 0-2 2v2h1.5V2a.5.5 0 0 1 .5-.5h2V0H2Zm2 10.5H2a.5.5 0 0 1-.5-.5V8H0v2a2 2 0 0 0 2 2h2v-1.5ZM8 12v-1.5h2a.5.5 0 0 0 .5-.5V8H12v2a2 2 0 0 1-2 2H8Zm2-12a2 2 0 0 1 2 2v2h-1.5V2a.5.5 0 0 0-.5-.5H8V0h2Z\" \/>\n\t\t\t<\/svg>\n\t\t<\/button><figcaption class=\"wp-element-caption\">Chris Rinck a rejoint la campagne Fifty2 End Stigma pour sensibiliser le public.<\/figcaption><\/figure>\n\n\n\n<figure data-wp-context=\"{&quot;imageId&quot;:&quot;69f2c69c975a1&quot;}\" data-wp-interactive=\"core\/image\" data-wp-key=\"69f2c69c975a1\" class=\"wp-block-image size-large wp-lightbox-container\"><img decoding=\"async\" width=\"500\" height=\"500\" data-wp-class--hide=\"state.isContentHidden\" data-wp-class--show=\"state.isContentVisible\" data-wp-init=\"callbacks.setButtonStyles\" data-wp-on--click=\"actions.showLightbox\" data-wp-on--load=\"callbacks.setButtonStyles\" data-wp-on-window--resize=\"callbacks.setButtonStyles\" data-id=\"78689\" src=\"https:\/\/www.iaff.org\/wp-content\/uploads\/2024\/10\/458804804_520280257530395_4928668914921341440_n.jpg\" alt=\"\" class=\"wp-image-78689\" srcset=\"https:\/\/www.iaff.org\/wp-content\/uploads\/2024\/10\/458804804_520280257530395_4928668914921341440_n.jpg 500w, https:\/\/www.iaff.org\/wp-content\/uploads\/2024\/10\/458804804_520280257530395_4928668914921341440_n-300x300.jpg 300w, https:\/\/www.iaff.org\/wp-content\/uploads\/2024\/10\/458804804_520280257530395_4928668914921341440_n-150x150.jpg 150w, https:\/\/www.iaff.org\/wp-content\/uploads\/2024\/10\/458804804_520280257530395_4928668914921341440_n-240x240.jpg 240w\" sizes=\"(max-width: 500px) 100vw, 500px\" \/><button\n\t\t\tclass=\"lightbox-trigger\"\n\t\t\ttype=\"button\"\n\t\t\taria-haspopup=\"dialog\"\n\t\t\taria-label=\"Enlarge\"\n\t\t\tdata-wp-init=\"callbacks.initTriggerButton\"\n\t\t\tdata-wp-on--click=\"actions.showLightbox\"\n\t\t\tdata-wp-style--right=\"state.imageButtonRight\"\n\t\t\tdata-wp-style--top=\"state.imageButtonTop\"\n\t\t>\n\t\t\t<svg xmlns=\"http:\/\/www.w3.org\/2000\/svg\" width=\"12\" height=\"12\" fill=\"none\" viewBox=\"0 0 12 12\">\n\t\t\t\t<path fill=\"#fff\" d=\"M2 0a2 2 0 0 0-2 2v2h1.5V2a.5.5 0 0 1 .5-.5h2V0H2Zm2 10.5H2a.5.5 0 0 1-.5-.5V8H0v2a2 2 0 0 0 2 2h2v-1.5ZM8 12v-1.5h2a.5.5 0 0 0 .5-.5V8H12v2a2 2 0 0 1-2 2H8Zm2-12a2 2 0 0 1 2 2v2h-1.5V2a.5.5 0 0 0-.5-.5H8V0h2Z\" \/>\n\t\t\t<\/svg>\n\t\t<\/button><figcaption class=\"wp-element-caption\">Chris Rinck et Leah Feldman, PDG de Family Services.<\/figcaption><\/figure>\n\n\n\n<figure data-wp-context=\"{&quot;imageId&quot;:&quot;69f2c69c98212&quot;}\" data-wp-interactive=\"core\/image\" data-wp-key=\"69f2c69c98212\" class=\"wp-block-image size-large wp-lightbox-container\"><img decoding=\"async\" width=\"768\" height=\"1024\" data-wp-class--hide=\"state.isContentHidden\" data-wp-class--show=\"state.isContentVisible\" data-wp-init=\"callbacks.setButtonStyles\" data-wp-on--click=\"actions.showLightbox\" data-wp-on--load=\"callbacks.setButtonStyles\" data-wp-on-window--resize=\"callbacks.setButtonStyles\" data-id=\"78681\" src=\"https:\/\/www.iaff.org\/wp-content\/uploads\/2024\/10\/458498427_857319693135129_6897817876159338128_n-768x1024.jpg\" alt=\"\" class=\"wp-image-78681\" srcset=\"https:\/\/www.iaff.org\/wp-content\/uploads\/2024\/10\/458498427_857319693135129_6897817876159338128_n-768x1024.jpg 768w, https:\/\/www.iaff.org\/wp-content\/uploads\/2024\/10\/458498427_857319693135129_6897817876159338128_n-225x300.jpg 225w, https:\/\/www.iaff.org\/wp-content\/uploads\/2024\/10\/458498427_857319693135129_6897817876159338128_n-1152x1536.jpg 1152w, https:\/\/www.iaff.org\/wp-content\/uploads\/2024\/10\/458498427_857319693135129_6897817876159338128_n-180x240.jpg 180w, https:\/\/www.iaff.org\/wp-content\/uploads\/2024\/10\/458498427_857319693135129_6897817876159338128_n-600x800.jpg 600w, https:\/\/www.iaff.org\/wp-content\/uploads\/2024\/10\/458498427_857319693135129_6897817876159338128_n-608x810.jpg 608w, https:\/\/www.iaff.org\/wp-content\/uploads\/2024\/10\/458498427_857319693135129_6897817876159338128_n.jpg 1536w\" sizes=\"(max-width: 768px) 100vw, 768px\" \/><button\n\t\t\tclass=\"lightbox-trigger\"\n\t\t\ttype=\"button\"\n\t\t\taria-haspopup=\"dialog\"\n\t\t\taria-label=\"Enlarge\"\n\t\t\tdata-wp-init=\"callbacks.initTriggerButton\"\n\t\t\tdata-wp-on--click=\"actions.showLightbox\"\n\t\t\tdata-wp-style--right=\"state.imageButtonRight\"\n\t\t\tdata-wp-style--top=\"state.imageButtonTop\"\n\t\t>\n\t\t\t<svg xmlns=\"http:\/\/www.w3.org\/2000\/svg\" width=\"12\" height=\"12\" fill=\"none\" viewBox=\"0 0 12 12\">\n\t\t\t\t<path fill=\"#fff\" d=\"M2 0a2 2 0 0 0-2 2v2h1.5V2a.5.5 0 0 1 .5-.5h2V0H2Zm2 10.5H2a.5.5 0 0 1-.5-.5V8H0v2a2 2 0 0 0 2 2h2v-1.5ZM8 12v-1.5h2a.5.5 0 0 0 .5-.5V8H12v2a2 2 0 0 1-2 2H8Zm2-12a2 2 0 0 1 2 2v2h-1.5V2a.5.5 0 0 0-.5-.5H8V0h2Z\" \/>\n\t\t\t<\/svg>\n\t\t<\/button><figcaption class=\"wp-element-caption\">Chris Rinck en train de courir dans son quartier.<\/figcaption><\/figure>\n<\/figure>\n\n<\/div><\/section>\n","protected":false},"featured_media":78694,"menu_order":0,"template":"","tags":[81,77],"class_list":["post-79297","news","type-news","status-publish","has-post-thumbnail","hentry","tag-bonne-forme-et-mieux-etre","tag-evenements"],"acf":[],"publishpress_future_workflow_manual_trigger":{"enabledWorkflows":[]},"_links":{"self":[{"href":"https:\/\/www.iaff.org\/fr-ca\/wp-json\/wp\/v2\/news\/79297","targetHints":{"allow":["GET"]}}],"collection":[{"href":"https:\/\/www.iaff.org\/fr-ca\/wp-json\/wp\/v2\/news"}],"about":[{"href":"https:\/\/www.iaff.org\/fr-ca\/wp-json\/wp\/v2\/types\/news"}],"version-history":[{"count":0,"href":"https:\/\/www.iaff.org\/fr-ca\/wp-json\/wp\/v2\/news\/79297\/revisions"}],"wp:featuredmedia":[{"embeddable":true,"href":"https:\/\/www.iaff.org\/fr-ca\/wp-json\/wp\/v2\/media\/78694"}],"wp:attachment":[{"href":"https:\/\/www.iaff.org\/fr-ca\/wp-json\/wp\/v2\/media?parent=79297"}],"wp:term":[{"taxonomy":"post_tag","embeddable":true,"href":"https:\/\/www.iaff.org\/fr-ca\/wp-json\/wp\/v2\/tags?post=79297"}],"curies":[{"name":"wp","href":"https:\/\/api.w.org\/{rel}","templated":true}]}}