{"id":78993,"date":"2024-09-17T11:40:44","date_gmt":"2024-09-17T15:40:44","guid":{"rendered":"https:\/\/www.iaff.org\/news\/les-pompiers-de-taos-nouveau-mexique-ratifient-un-premier-contrat-attendu-depuis-longtemps\/"},"modified":"2024-10-10T11:58:27","modified_gmt":"2024-10-10T15:58:27","slug":"les-pompiers-de-taos-nouveau-mexique-ratifient-un-premier-contrat-attendu-depuis-longtemps","status":"publish","type":"news","link":"https:\/\/www.iaff.org\/fr-ca\/news\/les-pompiers-de-taos-nouveau-mexique-ratifient-un-premier-contrat-attendu-depuis-longtemps\/","title":{"rendered":"Les pompiers de Taos (Nouveau-Mexique) ratifient un premier contrat attendu depuis longtemps"},"content":{"rendered":"<section\n\t class=\"page-blocks iaff-page-blocks align wp-block-acf-page-blocks\" id=\"page-blocks_block_a5f3b10dced9741847f75290c8faf824\">\n\t<div class=\"acf-innerblocks-container\">\n<div class=\"wp-block-paragraph \">\n<p>Le mois dernier, le conseil municipal de Taos (Nouveau-Mexique) a vot\u00e9 \u00e0 l\u2019unanimit\u00e9 la ratification du contrat de la section locale 5245, le premier du syndicat. <\/p>\n<\/div>\n\n<div class=\"wp-block-paragraph \">\n<p>\u00ab Nous sommes tr\u00e8s heureux d\u2019\u00eatre parvenus \u00e0 un accord avec la Ville, d\u00e9clare Gabriel Romero, pr\u00e9sident de la section locale 5245. Le processus de n\u00e9gociation a \u00e9t\u00e9 difficile, mais je pense que nous avons atteint nos principaux objectifs, \u00e0 savoir l\u2019\u00e9tablissement d\u2019un langage contractuel fondamental et une augmentation de salaire. \u00bb  <\/p>\n<\/div>\n\n<div class=\"wp-block-paragraph \">\n<p>La route vers le succ\u00e8s a \u00e9t\u00e9 longue. <\/p>\n<\/div>\n\n<div class=\"wp-block-paragraph \">\n<p>La section locale 5245 s\u2019est syndiqu\u00e9e en 2020 afin que ses membres puissent participer aux d\u00e9cisions concernant l\u2019avenir du service d\u2019incendie. L\u2019obtention de leur premier contrat \u00e9tait une priorit\u00e9, mais la section locale 5245 a d\u00fb commencer par \u00e9tablir une relation patronale-syndicale.  <\/p>\n<\/div>\n\n<div class=\"wp-block-paragraph \">\n<p>Le service des pompiers de Taos a \u00e9t\u00e9 cr\u00e9\u00e9 en 1933 en tant que service volontaire. Peu \u00e0 peu, le service a accueilli davantage de pompiers professionnels. Il s\u2019agit aujourd\u2019hui d\u2019un service mixte qui compte 12 pompiers \u00e0 temps plein repr\u00e9sent\u00e9s par la section locale 5245.   <\/p>\n<\/div>\n\n<div class=\"wp-block-paragraph \">\n<p>\u00ab Le concept d\u2019un syndicat et la n\u00e9gociation de contrats de cette taille et de cette port\u00e9e \u00e9taient relativement nouveaux pour certains fonctionnaires municipaux, M. Romero explique. Nous ne pouvions pas nous lancer dans des n\u00e9gociations avant d\u2019avoir rencontr\u00e9 les responsables de la Ville pour pr\u00e9parer le terrain. \u00bb <br\/> <br\/>Le vice-pr\u00e9sident du 10e district, Stephen Gilman, a envoy\u00e9 Justin Cheney, repr\u00e9sentant des services sur le terrain, pour aider les deux parties une fois qu\u2019elles seraient pr\u00eates \u00e0 n\u00e9gocier en 2023.  <\/p>\n<\/div>\n\n<div class=\"wp-block-paragraph \">\n<p>Pour pr\u00e9parer les n\u00e9gociations, l\u2019AIP a fourni une analyse des salaires qui a d\u00e9montr\u00e9 que les pompiers de Taos \u00e9taient pay\u00e9s 14 % en dessous de la valeur du march\u00e9. <\/p>\n<\/div>\n\n<div class=\"wp-block-paragraph \">\n<p>La Ville s\u2019est oppos\u00e9e aux augmentations de salaire et \u00e0 certaines des autres priorit\u00e9s de la section locale 5245. Les n\u00e9gociations se sont donc retrouv\u00e9es dans une impasse, d\u00e9clenchant ainsi la proc\u00e9dure de m\u00e9diation.  <br\/> <br\/>Un accord a finalement \u00e9t\u00e9 conclu. Il comprend une augmentation de salaire de 22 %, une \u00e9chelle de r\u00e9mun\u00e9ration structur\u00e9e, une adaptation au co\u00fbt de la vie de 2 % et quelques libell\u00e9s fondamentaux.  <\/p>\n<\/div>\n\n<div class=\"wp-block-paragraph \">\n<p>\u00ab C\u2019est l\u2019aboutissement d\u2019un travail acharn\u00e9 de la part des dirigeants de la section locale et un cas classique de ce qui est possible lorsque les sections locales utilisent les ressources de l\u2019AIP \u00e0 leur disposition, M. Gilman explique. Je f\u00e9licite la section locale 5245 pour cette victoire obtenue de haute lutte. \u00bb  <\/p>\n<\/div>\n<\/div><\/section>\n","protected":false},"featured_media":78153,"menu_order":0,"template":"","tags":[91],"class_list":["post-78993","news","type-news","status-publish","has-post-thumbnail","hentry","tag-negociation-collective"],"acf":[],"publishpress_future_workflow_manual_trigger":{"enabledWorkflows":[]},"_links":{"self":[{"href":"https:\/\/www.iaff.org\/fr-ca\/wp-json\/wp\/v2\/news\/78993","targetHints":{"allow":["GET"]}}],"collection":[{"href":"https:\/\/www.iaff.org\/fr-ca\/wp-json\/wp\/v2\/news"}],"about":[{"href":"https:\/\/www.iaff.org\/fr-ca\/wp-json\/wp\/v2\/types\/news"}],"version-history":[{"count":0,"href":"https:\/\/www.iaff.org\/fr-ca\/wp-json\/wp\/v2\/news\/78993\/revisions"}],"wp:featuredmedia":[{"embeddable":true,"href":"https:\/\/www.iaff.org\/fr-ca\/wp-json\/wp\/v2\/media\/78153"}],"wp:attachment":[{"href":"https:\/\/www.iaff.org\/fr-ca\/wp-json\/wp\/v2\/media?parent=78993"}],"wp:term":[{"taxonomy":"post_tag","embeddable":true,"href":"https:\/\/www.iaff.org\/fr-ca\/wp-json\/wp\/v2\/tags?post=78993"}],"curies":[{"name":"wp","href":"https:\/\/api.w.org\/{rel}","templated":true}]}}