{"id":78846,"date":"2024-10-07T18:49:37","date_gmt":"2024-10-07T22:49:37","guid":{"rendered":"https:\/\/www.iaff.org\/news\/le-gouvernement-du-canada-annonce-un-historique-plan-sur-le-cancer-chez-les-pompiers\/"},"modified":"2024-10-08T13:13:06","modified_gmt":"2024-10-08T17:13:06","slug":"le-gouvernement-du-canada-annonce-un-historique-plan-sur-le-cancer-chez-les-pompiers","status":"publish","type":"news","link":"https:\/\/www.iaff.org\/fr-ca\/news\/le-gouvernement-du-canada-annonce-un-historique-plan-sur-le-cancer-chez-les-pompiers\/","title":{"rendered":"Le gouvernement du Canada annonce un historique plan sur le cancer chez les pompiers"},"content":{"rendered":"<section\n\t class=\"page-blocks iaff-page-blocks align wp-block-acf-page-blocks\" id=\"page-blocks_block_7e7421250951affa611375d45404d1de\">\n\t<div class=\"acf-innerblocks-container\">\n<div class=\"wp-block-paragraph \">\n<p>Un plan de cinq ans pr\u00e9voyant un investissement de 12,29 millions de dollars a \u00e9t\u00e9 dress\u00e9 par le gouvernement du Canada pour mieux d\u00e9tecter, traiter et pr\u00e9venir le cancer professionnel chez les pompiers et pompi\u00e8res \u2013 qui est la principale cause de d\u00e9c\u00e8s en service parmi les membres de l\u2019AIP.<\/p>\n<\/div>\n\n<div class=\"wp-block-paragraph \">\n<p>Le pr\u00e9sident g\u00e9n\u00e9ral Edward Kelly et d\u2019autres dirigeants de l\u2019AIP se sont joints au ministre de la Sant\u00e9 Mark Holland, \u00e0 la d\u00e9put\u00e9e Sherry Romanado, au d\u00e9put\u00e9 Yasir Naqvi et \u00e0 d\u2019autres parties int\u00e9ress\u00e9es nationales des services d\u2019incendie pour prononcer l\u2019annonce historique \u00e0 la caserne 13 \u00e0 Ottawa. <a href=\"https:\/\/www.iaff.org\/fr-ca\/news\/canadian-parliament-enacts-historic-fire-fighter-cancer-legislation-fr\/\">L\u2019investissement d\u00e9coule du Cadre national sur les cancers li\u00e9s \u00e0 la lutte contre les incendies<\/a>. <\/p>\n<\/div>\n\n<div class=\"wp-block-paragraph \">\n<p>Le financement servira \u00e8 six principales fins :<\/p>\n<\/div>\n\n<div class=\"wp-block-list\">\n<ol class=\"wp-block-list\">\n<li>Recherche sur le cancer li\u00e9 \u00e0 la lutte contre les incendies : Encourager la recherche, analyser des sous-populations insuffisamment \u00e9tudi\u00e9es au sein des services d\u2019incendie, am\u00e9liorer la compr\u00e9hension des m\u00e9canismes biologiques du d\u00e9veloppement du cancer chez les pompiers et pompi\u00e8res, aligner les recherches sur les v\u00e9ritables besoins des pompiers et pompi\u00e8res et assurer la diffusion des connaissances.<\/li>\n\n\n\n<li>Recherche sur la pr\u00e9vention du cancer et collecte de donn\u00e9es : Am\u00e9liorer la collecte de donn\u00e9es sur les cancers et la sant\u00e9 des pompiers et pompi\u00e8res en mettant l\u2019accent sur le comblement des lacunes des donn\u00e9es actuelles.<\/li>\n\n\n\n<li>Formation et \u00e9ducation dans des contextes de soins de sant\u00e9 : \u00c9tablir des programmes fond\u00e9s sur des preuves d\u2019exposition professionnelle et de la documentation \u00e9ducative \u00e0 l\u2019intention des personnes qui fournissent des soins de sant\u00e9 aux pompiers et pompi\u00e8res risquant de contracter le cancer.<\/li>\n\n\n\n<li>Tests diagnostiques des pompiers et pompi\u00e8res : Accro\u00eetre la sensibilisation aux r\u00e9percussions du cancer professionnel sur les services d\u2019incendie, soutenir les interactions entre les patients et les fournisseurs de soins, effectuer des recherches sur les pratiques de diagnostic et de d\u00e9pistage, diffuser des conseils fond\u00e9s sur des preuves au sujet du diagnostic des cancers des pompiers et pompi\u00e8res et collaborer avec des organismes et des sp\u00e9cialistes en mati\u00e8re de cancer.<\/li>\n\n\n\n<li>Partage de l\u2019information et du savoir : Faciliter les programmes de sant\u00e9 et de s\u00e9curit\u00e9 au travail et cr\u00e9er des documents d\u2019information \u00e9largissant les pratiques exemplaires de pr\u00e9vention et les strat\u00e9gies de r\u00e9duction des risques.<\/li>\n\n\n\n<li>Normes sur la sant\u00e9 et la s\u00e9curit\u00e9 ainsi que l\u2019indemnisation pour accident ou maladie du travail : Combler les lacunes de l\u2019information relev\u00e9es, partager l\u2019information avec les parties int\u00e9ress\u00e9es provinciales, partager de l\u2019 information pour appuyer les d\u00e9cisions des CAT, mettre \u00e0 jour les listes de cancers faisant l\u2019objet d\u2019une couverture pr\u00e9somptive et \u00e9clairer les personnes qui \u00e9tablissent les politiques des CAT.<\/li>\n<\/ol>\n<\/div>\n\n<div class=\"wp-block-paragraph \">\n<p>\u00ab Chaque jour, les pompiers mettent leur vie en danger pour sauver la n\u00f4tre. Leur travail dangereux entra\u00eene un risque accru de cancer, et nous devons aborder ce probl\u00e8me \u00bb, a d\u00e9clar\u00e9 le ministre Holland. \u00ab C&rsquo;est pourquoi nous annon\u00e7ons de nouvelles mesures pour am\u00e9liorer la pr\u00e9vention, le d\u00e9pistage et le traitement des cancers li\u00e9s \u00e0 la lutte contre les incendies. Nous devons tous travailler ensemble pour garantir la protection de ceux qui assurent notre s\u00e9curit\u00e9. \u00bb <\/p>\n<\/div>\n\n<div class=\"wp-block-paragraph \">\n<p>M. Kelly a trait\u00e9 du co\u00fbt du cancer pour les services d\u2019incendie et racont\u00e9 l\u2019histoire du pompier d\u2019Ottawa et membre de la section locale 162 Ryan Hill, qui a travaill\u00e9 dans la caserne o\u00f9 l\u2019annonce a \u00e9t\u00e9 faite. M. Hill est mort \u00e0 l\u2019\u00e2ge de 37 ans apr\u00e8s avoir combattu un cancer du cerveau pendant une ann\u00e9e. <\/p>\n<\/div>\n\n<div class=\"wp-block-paragraph \">\n<p>\u00ab Ryan a pass\u00e9 10 ans \u00e0 r\u00e9pondre aux alarmes pour la population d\u2019Ottawa et je sais que le Cadre mis en place aujourd\u2019hui sauvera des vies de pompiers et pompi\u00e8res qui suivront son exemple. \u00bb,<br\/>a-t-il d\u00e9clar\u00e9. \u00ab Je remercie tous et chacun d\u2019entre vous du travail que vous avez accompli pour cr\u00e9er ce Cadre. \u00bb <\/p>\n<\/div>\n\n<div class=\"wp-block-paragraph \">\n<p>La d\u00e9put\u00e9e Romanado a signal\u00e9 qu\u2019elle avait assist\u00e9 il y a un mois \u00e0 la c\u00e9r\u00e9monie comm\u00e9morative canadienne des pompiers disparus \u00e0 Ottawa, pendant laquelle 160 noms ont \u00e9t\u00e9 ajout\u00e9s au mur, la plupart \u00e9tant ceux de victimes de cancers professionnels.<\/p>\n<\/div>\n\n<div class=\"wp-block-paragraph \">\n<p>\u00ab Ce Cadre a pour but de voir \u00e0 ce que le nombre des noms ajout\u00e9s \u00e0 ce mur chaque ann\u00e9e diminue de plus en plus \u00bb, a-t-elle dit. \u00ab J\u2019incite ceux qui luttent pour le bien commun et leurs familles \u00e0 continuer \u00e0 mettre l\u2019accent sur leur sant\u00e9 et leur r\u00e9tablissement et je les assure que nous ne cesserons pas de faire des pressions pour qu\u2019ils b\u00e9n\u00e9ficient des soutiens dont ils ont besoin. \u00bb <\/p>\n<\/div>\n\n<div class=\"wp-block-paragraph \">\n<p>Se sont joints au pr\u00e9sident Kelly \u00e0 Ottawa pour l\u2019annonce le vice-pr\u00e9sident du 13<sup>e<\/sup> district Fred LeBlanc, le vice-pr\u00e9sident du15<sup>e<\/sup> district et pr\u00e9sident de la section locale 125 de Montr\u00e9al Chris Ross et le pr\u00e9sident de la section locale 162 d\u2019Ottawa David Andr\u00e9. \u00c9taient \u00e9galement pr\u00e9sents Carmen Santoro, adjoint au pr\u00e9sident g\u00e9n\u00e9ral pour les op\u00e9rations canadiennes, Sean McManus, avocat canadien de l\u2019AIP, des membres des conseils ex\u00e9cutifs des sections locales 162 et 125 et des pompiers et pompi\u00e8res d\u2019Ottawa. <\/p>\n<\/div>\n\n<div class=\"wp-block-paragraph \">\n<p>La vid\u00e9o de l\u2019annonce se trouve en ligne \u00e0 l\u2019adresse :<\/p>\n<\/div>\n\n<div class=\"wp-block-paragraph \">\n<p><a href=\"https:\/\/drive.google.com\/file\/d\/1GlwNEbBX9HG0Kwm0xDOEi2TGmMEOs89A\/view?usp=sharing\" target=\"_blank\" rel=\"noopener\">https:\/\/drive.google.com\/file\/d\/1GlwNEbBX9HG0Kwm0xDOEi2TGmMEOs89A\/view?usp=sharing<\/a><\/p>\n<\/div>\n\n<div class=\"wp-block-paragraph \">\n<p> Vous pouvez obtenir plus d\u2019information au sujet de l\u2019annonce sur le site de Sant\u00e9 Canada \u00e0 l\u2019adresse <a href=\"https:\/\/www.canada.ca\/fr\/sante-canada\/nouvelles\/2024\/10\/sante-canada-investit-1229-millions-de-dollars-dans-la-prevention-et-le-traitement-du-cancer-chez-les-pompiers.html\" target=\"_blank\" rel=\"noopener\">https:\/\/www.canada.ca\/fr\/sante-canada\/nouvelles\/2024\/10\/sante-canada-investit-1229-millions-de-dollars-dans-la-prevention-et-le-traitement-du-cancer-chez-les-pompiers.html<\/a><\/p>\n<\/div>\n<\/div><\/section>\n","protected":false},"featured_media":78842,"menu_order":0,"template":"","tags":[],"class_list":["post-78846","news","type-news","status-publish","has-post-thumbnail","hentry"],"acf":[],"publishpress_future_workflow_manual_trigger":{"enabledWorkflows":[]},"_links":{"self":[{"href":"https:\/\/www.iaff.org\/fr-ca\/wp-json\/wp\/v2\/news\/78846","targetHints":{"allow":["GET"]}}],"collection":[{"href":"https:\/\/www.iaff.org\/fr-ca\/wp-json\/wp\/v2\/news"}],"about":[{"href":"https:\/\/www.iaff.org\/fr-ca\/wp-json\/wp\/v2\/types\/news"}],"version-history":[{"count":0,"href":"https:\/\/www.iaff.org\/fr-ca\/wp-json\/wp\/v2\/news\/78846\/revisions"}],"wp:featuredmedia":[{"embeddable":true,"href":"https:\/\/www.iaff.org\/fr-ca\/wp-json\/wp\/v2\/media\/78842"}],"wp:attachment":[{"href":"https:\/\/www.iaff.org\/fr-ca\/wp-json\/wp\/v2\/media?parent=78846"}],"wp:term":[{"taxonomy":"post_tag","embeddable":true,"href":"https:\/\/www.iaff.org\/fr-ca\/wp-json\/wp\/v2\/tags?post=78846"}],"curies":[{"name":"wp","href":"https:\/\/api.w.org\/{rel}","templated":true}]}}