{"id":75282,"date":"2024-07-24T16:34:20","date_gmt":"2024-07-24T20:34:20","guid":{"rendered":"https:\/\/www.iaff.org\/news\/union-plus-octroie-11-bourses-detudes-dont-beneficieront-des-familles-de-membres-de-laip\/"},"modified":"2024-08-08T10:45:04","modified_gmt":"2024-08-08T14:45:04","slug":"union-plus-octroie-11-bourses-detudes-dont-beneficieront-des-familles-de-membres-de-laip","status":"publish","type":"news","link":"https:\/\/www.iaff.org\/fr-ca\/news\/union-plus-octroie-11-bourses-detudes-dont-beneficieront-des-familles-de-membres-de-laip\/","title":{"rendered":"Union Plus octroie 11 bourses d\u2019\u00e9tudes dont b\u00e9n\u00e9ficieront des familles de membres de l\u2019AIP"},"content":{"rendered":"<div class=\"wp-block-paragraph \">\n<p>Les r\u00e9cipiendaires des bourses d\u2019\u00e9tudes d\u2019Union Plus de cette ann\u00e9e comprennent deux membres actifs de l\u2019AIP et neuf enfants de pompiers faisant partie de l\u2019organisation. Ils comptent parmi les 209 b\u00e9n\u00e9ficiaires de bourses r\u00e9partis entre 42 syndicats. <br\/> <br\/><a href=\"https:\/\/www.unionplus.org\/benefits\/education?gad_source=1&amp;gclid=CjwKCAjwzIK1BhAuEiwAHQmU3q0BErV_Lnh2_ZvIwU1W9-HlxTduFRTLQW1hHBnIyLBM4IyDW4wq6hoCEtwQAvD_BwE\" target=\"_blank\" rel=\"noopener\">Union Plus<\/a>, cr\u00e9\u00e9 par la FAT-COI pour offrir des avantages aux membres de syndicats, octroie annuellement des bourses d\u2019\u00e9tudes aux membres et \u00e0 des membres de leurs familles qui souhaitent entreprendre ou poursuivre des \u00e9tudes postsecondaires. L\u2019organisation a octroy\u00e9 plus de 5,6 millions de dollars \u00e0 plus de 4 000 personnes depuis 1991.  <\/p>\n<\/div><div class=\"wp-block-paragraph \">\n<p>\u00ab Nous f\u00e9licitons nos 11 r\u00e9cipiendaires de bourses \u00bb, dit le pr\u00e9sident g\u00e9n\u00e9ral Edward Kelly. \u00ab Ces bourses t\u00e9moignent de leur dur travail et de leur d\u00e9vouement qu\u2019ils sauront maintenir, j\u2019en suis s\u00fbr. \u00bb  <\/p>\n<\/div><div class=\"wp-block-paragraph \">\n<p>Les r\u00e9cipiendaires de cette ann\u00e9e sont les suivants : <\/p>\n<\/div>\n<div class=\"wp-block-group bg-iaff is-content-justification-center is-nowrap is-layout-flex wp-container-core-group-is-layout-94bc23d7 wp-block-group-is-layout-flex\">\n<div class=\"wp-block-columns wp-container-content-9cfa9a5a is-layout-flex wp-container-core-columns-is-layout-9d6595d7 wp-block-columns-is-layout-flex\">\n<div class=\"wp-block-column is-layout-flow wp-block-column-is-layout-flow\">\n<figure class=\"wp-block-image aligncenter size-full is-resized is-style-rounded\"><img decoding=\"async\" width=\"500\" height=\"500\" src=\"https:\/\/www.iaff.org\/wp-content\/uploads\/2024\/07\/TannerBaker.jpg\" alt=\"\" class=\"wp-image-74435\" style=\"object-fit:cover;width:200px;height:auto\" srcset=\"https:\/\/www.iaff.org\/wp-content\/uploads\/2024\/07\/TannerBaker.jpg 500w, https:\/\/www.iaff.org\/wp-content\/uploads\/2024\/07\/TannerBaker-300x300.jpg 300w, https:\/\/www.iaff.org\/wp-content\/uploads\/2024\/07\/TannerBaker-150x150.jpg 150w, https:\/\/www.iaff.org\/wp-content\/uploads\/2024\/07\/TannerBaker-240x240.jpg 240w\" sizes=\"(max-width: 500px) 100vw, 500px\" \/><figcaption class=\"wp-element-caption\">Tanner Baker<\/figcaption><\/figure>\n\n\n\n<details class=\"wp-block-details is-layout-flow wp-block-details-is-layout-flow\"><summary>Lire la suite<\/summary><div class=\"wp-block-paragraph \">\n<p>Tanner Baker, fils de Jordan Baker, membre de la section locale 3690 de Sedona-Verde, en Arizona. Tanner fr\u00e9quentera le coll\u00e8ge communautaire Yavapai cet automne pour \u00e9tudier en gestion d\u2019exploitation agricole. Apr\u00e8s avoir obtenu son dipl\u00f4me, il esp\u00e8re aider les propri\u00e9taires de fermes et de ranches \u00e0 accro\u00eetre leur productivit\u00e9.   <\/p>\n<\/div><\/details>\n<\/div>\n\n\n\n<div class=\"wp-block-column is-layout-flow wp-block-column-is-layout-flow\">\n<figure class=\"wp-block-image aligncenter size-full is-resized is-style-rounded\"><img decoding=\"async\" width=\"600\" height=\"600\" src=\"https:\/\/www.iaff.org\/wp-content\/uploads\/2024\/07\/BevBakker.jpg\" alt=\"\" class=\"wp-image-74419\" style=\"object-fit:cover;width:200px;height:200px\" srcset=\"https:\/\/www.iaff.org\/wp-content\/uploads\/2024\/07\/BevBakker.jpg 600w, https:\/\/www.iaff.org\/wp-content\/uploads\/2024\/07\/BevBakker-300x300.jpg 300w, https:\/\/www.iaff.org\/wp-content\/uploads\/2024\/07\/BevBakker-150x150.jpg 150w, https:\/\/www.iaff.org\/wp-content\/uploads\/2024\/07\/BevBakker-240x240.jpg 240w\" sizes=\"(max-width: 600px) 100vw, 600px\" \/><figcaption class=\"wp-element-caption\">Bev Bakker<\/figcaption><\/figure>\n\n\n\n<details class=\"wp-block-details is-layout-flow wp-block-details-is-layout-flow\"><summary>Lire la suite<\/summary><div class=\"wp-block-paragraph \">\n<p>Bev Bakker, membre de la section locale 237 de Lethbridge, en Alberta, cherche \u00e0 r\u00e9aliser son r\u00eave de faire carri\u00e8re dans les efforts de secours humanitaire. Elle se servira de sa bourse pour fr\u00e9quenter l\u2019universit\u00e9 de San Diego afin d\u2019obtenir un dipl\u00f4me d\u2019\u00e9tudes sup\u00e9rieures en action humanitaire.  <\/p>\n<\/div><\/details>\n<\/div>\n\n\n\n<div class=\"wp-block-column is-layout-flow wp-block-column-is-layout-flow\">\n<figure class=\"wp-block-image aligncenter size-full is-resized is-style-rounded\"><img decoding=\"async\" width=\"600\" height=\"600\" src=\"https:\/\/www.iaff.org\/wp-content\/uploads\/2024\/07\/OliviaBuss.jpg\" alt=\"\" class=\"wp-image-74429\" style=\"object-fit:cover;width:200px;height:200px\" srcset=\"https:\/\/www.iaff.org\/wp-content\/uploads\/2024\/07\/OliviaBuss.jpg 600w, https:\/\/www.iaff.org\/wp-content\/uploads\/2024\/07\/OliviaBuss-300x300.jpg 300w, https:\/\/www.iaff.org\/wp-content\/uploads\/2024\/07\/OliviaBuss-150x150.jpg 150w, https:\/\/www.iaff.org\/wp-content\/uploads\/2024\/07\/OliviaBuss-240x240.jpg 240w\" sizes=\"(max-width: 600px) 100vw, 600px\" \/><figcaption class=\"wp-element-caption\">Olivia Buss<\/figcaption><\/figure>\n\n\n\n<details class=\"wp-block-details is-layout-flow wp-block-details-is-layout-flow\"><summary>Lire la suite<\/summary><div class=\"wp-block-paragraph \">\n<p>Olivia Buss, fille de Barry Buss, membre de la section locale 94 \u2013 association des pompiers en uniforme de New York, pr\u00e9voit fr\u00e9quenter l\u2019universit\u00e9 Fairfield au Connecticut \u00e0 l\u2019aide de sa bourse d\u2019\u00e9tudes Union Plus. Ce sera le premier pas en vue de l\u2019atteinte de son objectif de devenir infirmi\u00e8re d\u2019unit\u00e9 n\u00e9onatale de soins intensifs. <\/p>\n<\/div><\/details>\n<\/div>\n<\/div>\n<\/div>\n\n<div class=\"wp-block-group bg-iaff is-content-justification-center is-nowrap is-layout-flex wp-container-core-group-is-layout-94bc23d7 wp-block-group-is-layout-flex\">\n<div class=\"wp-block-columns wp-container-content-9cfa9a5a is-layout-flex wp-container-core-columns-is-layout-9d6595d7 wp-block-columns-is-layout-flex\">\n<div class=\"wp-block-column is-layout-flow wp-block-column-is-layout-flow\">\n<figure class=\"wp-block-image aligncenter size-full is-resized is-style-rounded\"><img decoding=\"async\" width=\"600\" height=\"600\" src=\"https:\/\/www.iaff.org\/wp-content\/uploads\/2024\/07\/KyleCrabtree.jpg\" alt=\"\" class=\"wp-image-74425\" style=\"object-fit:cover;width:200px;height:200px\" srcset=\"https:\/\/www.iaff.org\/wp-content\/uploads\/2024\/07\/KyleCrabtree.jpg 600w, https:\/\/www.iaff.org\/wp-content\/uploads\/2024\/07\/KyleCrabtree-300x300.jpg 300w, https:\/\/www.iaff.org\/wp-content\/uploads\/2024\/07\/KyleCrabtree-150x150.jpg 150w, https:\/\/www.iaff.org\/wp-content\/uploads\/2024\/07\/KyleCrabtree-240x240.jpg 240w\" sizes=\"(max-width: 600px) 100vw, 600px\" \/><figcaption class=\"wp-element-caption\">Kyle Crabtree<\/figcaption><\/figure>\n\n\n\n<details class=\"wp-block-details is-layout-flow wp-block-details-is-layout-flow\"><summary>Lire la suite<\/summary><div class=\"wp-block-paragraph \">\n<p>Kyle Crabtree, dont le p\u00e8re est Ryan Crabtree, membre de la section locale 4302 de Naperville, en Illinois, pr\u00e9voit fr\u00e9quenter l\u2019universit\u00e9 Prairie State \u00e0 Chicago Heights, en Illinois, pour terminer ses cours obligatoires avant d\u2019entreprendre un programme de quatre ans dans un coll\u00e8ge ou une universit\u00e9 pour obtenir un baccalaur\u00e9at et devenir pilote commercial. <\/p>\n<\/div><\/details>\n<\/div>\n\n\n\n<div class=\"wp-block-column is-layout-flow wp-block-column-is-layout-flow\">\n<figure class=\"wp-block-image aligncenter size-full is-resized is-style-rounded\"><img decoding=\"async\" width=\"600\" height=\"600\" src=\"https:\/\/www.iaff.org\/wp-content\/uploads\/2024\/07\/AedanLicwinko.jpg\" alt=\"\" class=\"wp-image-74415\" style=\"object-fit:contain;width:200px;height:200px\" srcset=\"https:\/\/www.iaff.org\/wp-content\/uploads\/2024\/07\/AedanLicwinko.jpg 600w, https:\/\/www.iaff.org\/wp-content\/uploads\/2024\/07\/AedanLicwinko-300x300.jpg 300w, https:\/\/www.iaff.org\/wp-content\/uploads\/2024\/07\/AedanLicwinko-150x150.jpg 150w, https:\/\/www.iaff.org\/wp-content\/uploads\/2024\/07\/AedanLicwinko-240x240.jpg 240w\" sizes=\"(max-width: 600px) 100vw, 600px\" \/><figcaption class=\"wp-element-caption\">Aedan Licwinko<\/figcaption><\/figure>\n\n\n\n<details class=\"wp-block-details is-layout-flow wp-block-details-is-layout-flow\"><summary>Lire la suite<\/summary><div class=\"wp-block-paragraph \">\n<p>Aedan Licwinko, fils de Kenneth Licwinko, membre de la section locale 1803 de Reading, en Pennsylvanie, poursuit son r\u00eave de devenir diplomate \u00e9tatsunien. Il pr\u00e9voit fr\u00e9quenter l\u2019universit\u00e9 Mercyhurst \u00e0 Erie, en Pennsylvanie, cet automne pour faire une concentration en \u00e9tudes du renseignement. <\/p>\n<\/div><\/details>\n<\/div>\n\n\n\n<div class=\"wp-block-column is-layout-flow wp-block-column-is-layout-flow\">\n<figure class=\"wp-block-image aligncenter size-full is-resized is-style-rounded\"><img decoding=\"async\" width=\"600\" height=\"600\" src=\"https:\/\/www.iaff.org\/wp-content\/uploads\/2024\/07\/AlyzaMacalinano.jpg\" alt=\"\" class=\"wp-image-74417\" style=\"object-fit:cover;width:200px;height:200px\" srcset=\"https:\/\/www.iaff.org\/wp-content\/uploads\/2024\/07\/AlyzaMacalinano.jpg 600w, https:\/\/www.iaff.org\/wp-content\/uploads\/2024\/07\/AlyzaMacalinano-300x300.jpg 300w, https:\/\/www.iaff.org\/wp-content\/uploads\/2024\/07\/AlyzaMacalinano-150x150.jpg 150w, https:\/\/www.iaff.org\/wp-content\/uploads\/2024\/07\/AlyzaMacalinano-240x240.jpg 240w\" sizes=\"(max-width: 600px) 100vw, 600px\" \/><figcaption class=\"wp-element-caption\">Alyza Macalinao<\/figcaption><\/figure>\n\n\n\n<details class=\"wp-block-details is-layout-flow wp-block-details-is-layout-flow\"><summary>Lire la suite<\/summary><div class=\"wp-block-paragraph \">\n<p>Alyza Macalinao, dont le p\u00e8re est Michael Macalinao, membre de la section locale 3540 de Murrieta, en Californie, se servira de sa bourse Union Plus pour payer ses frais de scolarit\u00e9 dans un programme coll\u00e9gial de quatre ans. Elle poursuit son r\u00eave de devenir m\u00e9decin. <\/p>\n<\/div><\/details>\n<\/div>\n<\/div>\n<\/div>\n\n<div class=\"wp-block-group bg-iaff is-content-justification-center is-nowrap is-layout-flex wp-container-core-group-is-layout-94bc23d7 wp-block-group-is-layout-flex\">\n<div class=\"wp-block-columns wp-container-content-9cfa9a5a is-layout-flex wp-container-core-columns-is-layout-9d6595d7 wp-block-columns-is-layout-flex\">\n<div class=\"wp-block-column is-layout-flow wp-block-column-is-layout-flow\">\n<figure class=\"wp-block-image aligncenter size-full is-resized is-style-rounded\"><img decoding=\"async\" width=\"600\" height=\"600\" src=\"https:\/\/www.iaff.org\/wp-content\/uploads\/2024\/07\/RileyMarr.jpg\" alt=\"\" class=\"wp-image-74431\" style=\"object-fit:cover;width:200px;height:200px\" srcset=\"https:\/\/www.iaff.org\/wp-content\/uploads\/2024\/07\/RileyMarr.jpg 600w, https:\/\/www.iaff.org\/wp-content\/uploads\/2024\/07\/RileyMarr-300x300.jpg 300w, https:\/\/www.iaff.org\/wp-content\/uploads\/2024\/07\/RileyMarr-150x150.jpg 150w, https:\/\/www.iaff.org\/wp-content\/uploads\/2024\/07\/RileyMarr-240x240.jpg 240w\" sizes=\"(max-width: 600px) 100vw, 600px\" \/><figcaption class=\"wp-element-caption\">Riley Marr<\/figcaption><\/figure>\n\n\n\n<details class=\"wp-block-details is-layout-flow wp-block-details-is-layout-flow\"><summary>Lire la suite<\/summary><div class=\"wp-block-paragraph \">\n<p>Riley Marr, fille de Cory Marr, membre de la section locale 5 de Colorado Springs, au Colorado, est une prometteuse \u00e9tudiante de deuxi\u00e8me ann\u00e9e \u00e0 l\u2019universit\u00e9 de Washington. Apr\u00e8s avoir obtenu son dipl\u00f4me, elle compte se joindre aux Forces a\u00e9riennes des \u00c9tats-Unis et devenir offici\u00e8re administratrice des services de sant\u00e9.  <\/p>\n<\/div><\/details>\n<\/div>\n\n\n\n<div class=\"wp-block-column is-layout-flow wp-block-column-is-layout-flow\">\n<figure class=\"wp-block-image aligncenter size-full is-resized is-style-rounded\"><img decoding=\"async\" width=\"600\" height=\"600\" src=\"https:\/\/www.iaff.org\/wp-content\/uploads\/2024\/07\/OliverMathews.jpg\" alt=\"\" class=\"wp-image-74427\" style=\"object-fit:cover;width:200px;height:200px\" srcset=\"https:\/\/www.iaff.org\/wp-content\/uploads\/2024\/07\/OliverMathews.jpg 600w, https:\/\/www.iaff.org\/wp-content\/uploads\/2024\/07\/OliverMathews-300x300.jpg 300w, https:\/\/www.iaff.org\/wp-content\/uploads\/2024\/07\/OliverMathews-150x150.jpg 150w, https:\/\/www.iaff.org\/wp-content\/uploads\/2024\/07\/OliverMathews-240x240.jpg 240w\" sizes=\"(max-width: 600px) 100vw, 600px\" \/><figcaption class=\"wp-element-caption\">Oliver Mathews<\/figcaption><\/figure>\n\n\n\n<details class=\"wp-block-details is-layout-flow wp-block-details-is-layout-flow\"><summary>Lire la suite<\/summary><div class=\"wp-block-paragraph \">\n<p>Oliver Mathews, dont le p\u00e8re est Joel Mathews, membre de la section locale 4982 du comt\u00e9 de Door, au Wisconsin, participera \u00e0 un programme coll\u00e9gial de quatre ans en vue de devenir sp\u00e9cialiste des services de banque d\u2019investissement. Il dit que son choix de carri\u00e8re a \u00e9t\u00e9 inspir\u00e9 par un cours d\u2019\u00e9conomie qu\u2019il a suivi en premi\u00e8re ann\u00e9e de secondaire.  <br\/> <\/p>\n<\/div><\/details>\n<\/div>\n\n\n\n<div class=\"wp-block-column is-layout-flow wp-block-column-is-layout-flow\">\n<figure class=\"wp-block-image aligncenter size-full is-resized is-style-rounded\"><img decoding=\"async\" width=\"600\" height=\"600\" src=\"https:\/\/www.iaff.org\/wp-content\/uploads\/2024\/07\/JamesRoberto.jpg\" alt=\"\" class=\"wp-image-74423\" style=\"object-fit:cover;width:200px;height:200px\" srcset=\"https:\/\/www.iaff.org\/wp-content\/uploads\/2024\/07\/JamesRoberto.jpg 600w, https:\/\/www.iaff.org\/wp-content\/uploads\/2024\/07\/JamesRoberto-300x300.jpg 300w, https:\/\/www.iaff.org\/wp-content\/uploads\/2024\/07\/JamesRoberto-150x150.jpg 150w, https:\/\/www.iaff.org\/wp-content\/uploads\/2024\/07\/JamesRoberto-240x240.jpg 240w\" sizes=\"(max-width: 600px) 100vw, 600px\" \/><figcaption class=\"wp-element-caption\">James Roberto<\/figcaption><\/figure>\n\n\n\n<details class=\"wp-block-details is-layout-flow wp-block-details-is-layout-flow\"><summary>Lire la suite<\/summary><div class=\"wp-block-paragraph \">\n<p>James Roberto, fils de David Roberto, membre de la section locale 48 de Cincinnati, en Ohio, se servira de sa bourse Union Plus pour travailler en vue de devenir analyste de donn\u00e9es sportives. Il entreprendra sa premi\u00e8re ann\u00e9e d\u2019un programme de quatre ans dans un coll\u00e8ge ou une universit\u00e9.  <\/p>\n<\/div><\/details>\n<\/div>\n<\/div>\n<\/div>\n\n<div class=\"wp-block-group bg-iaff !pb-[40px] is-content-justification-center is-nowrap is-layout-flex wp-container-core-group-is-layout-94bc23d7 wp-block-group-is-layout-flex\">\n<div class=\"wp-block-columns wp-container-content-9cfa9a5a is-layout-flex wp-container-core-columns-is-layout-9d6595d7 wp-block-columns-is-layout-flex\">\n<div class=\"wp-block-column is-layout-flow wp-block-column-is-layout-flow\">\n<figure class=\"wp-block-image aligncenter size-full is-resized is-style-rounded\"><img decoding=\"async\" width=\"239\" height=\"240\" src=\"https:\/\/www.iaff.org\/wp-content\/uploads\/2024\/07\/schenek.jpeg\" alt=\"\" class=\"wp-image-74433\" style=\"object-fit:cover;width:200px;height:200px\" srcset=\"https:\/\/www.iaff.org\/wp-content\/uploads\/2024\/07\/schenek.jpeg 239w, https:\/\/www.iaff.org\/wp-content\/uploads\/2024\/07\/schenek-150x150.jpeg 150w\" sizes=\"(max-width: 239px) 100vw, 239px\" \/><figcaption class=\"wp-element-caption\">Matthew Schenek<\/figcaption><\/figure>\n\n\n\n<details class=\"wp-block-details is-layout-flow wp-block-details-is-layout-flow\"><summary>Lire la suite<\/summary><div class=\"wp-block-paragraph \">\n<p>Matthew Schenek, membre de la section locale 2882 de Strongsville, en Ohio, fr\u00e9quentera la Columbia Southern University \u00e0 Orange Beach, en Alabama, o\u00f9 il poursuivra un dipl\u00f4me en psychologie\/sant\u00e9 mentale. Une fois qu\u2019il aura obtenu son dipl\u00f4me, il esp\u00e8re travailler avec l\u2019AIP pour voir \u00e0 ce que les membres re\u00e7oivent les soins de sant\u00e9 comportementale dont ils ont besoin.  <\/p>\n<\/div><\/details>\n<\/div>\n\n\n\n<div class=\"wp-block-column is-layout-flow wp-block-column-is-layout-flow\">\n<figure class=\"wp-block-image aligncenter size-full is-resized is-style-rounded\"><img decoding=\"async\" width=\"600\" height=\"600\" src=\"https:\/\/www.iaff.org\/wp-content\/uploads\/2024\/07\/EthanSoulury.jpg\" alt=\"\" class=\"wp-image-74421\" style=\"object-fit:cover;width:200px;height:200px\" srcset=\"https:\/\/www.iaff.org\/wp-content\/uploads\/2024\/07\/EthanSoulury.jpg 600w, https:\/\/www.iaff.org\/wp-content\/uploads\/2024\/07\/EthanSoulury-300x300.jpg 300w, https:\/\/www.iaff.org\/wp-content\/uploads\/2024\/07\/EthanSoulury-150x150.jpg 150w, https:\/\/www.iaff.org\/wp-content\/uploads\/2024\/07\/EthanSoulury-240x240.jpg 240w\" sizes=\"(max-width: 600px) 100vw, 600px\" \/><figcaption class=\"wp-element-caption\">Ethan Solury<\/figcaption><\/figure>\n\n\n\n<details class=\"wp-block-details is-layout-flow wp-block-details-is-layout-flow\"><summary>Lire la suite<\/summary><div class=\"wp-block-paragraph \">\n<p>Ethan Solury, dont le p\u00e8re est John Solury, membre retrait\u00e9 de la section locale 2033 de Southington, au Connecticut, est un prometteur \u00e9tudiant de deuxi\u00e8me ann\u00e9e au Marist College \u00e0 Poughkeepsie, dans l\u2019\u00c9tat de New York. M. Solury \u00e9tudie en science politique et esp\u00e8re trouver des solutions efficaces et durables aux probl\u00e8mes des gens.  <\/p>\n<\/div><\/details>\n<\/div>\n<\/div>\n<\/div>\n\n<style>body .mw-200.wp-block-gallery {\njustify-content: center;\n    gap: 60px;\n}\nbody .mw-200 figure.wp-block-image.size-full {max-width: 200px; max-height: 200px}\nbody .mw-200 figure.wp-block-image.size-full > img {\nwidth: 200px!important;\n}\nbody .mw-200 figure.wp-block-image.size-full figcaption {\nbackground: rgb(238 0 0 \/ var(--tw-bg-opacity))!important;\nborder-color: rgb(238 0 0 \/ var(--tw-bg-opacity))!important;\nposition: absolute!important;\n    bottom: -10px;\n    right: 0;\n}\n\nbody .bg-iaff {padding: 36px 36px 0px 36px;}\nbody .wp-block-group div.bg-iaff:last-child {padding-bottom: 36px;}\nbody .wp-block-image figcaption {\nbackground-color: #ef151b !important;\n    border-color: #ef151b !important;\n    margin-top: -10px;\nmargin-bottom: 0px;\n    padding: 12px;\nposition: relative;\ncolor: #000;\n}\n\/*body .bg-iaff.wp-block-group {\nbackground-image: url(\/wp-content\/themes\/iaff\/src\/public\/images\/halftone-dark.svg);\n}*\/\nbody .bg-iaff .wp-block-details {background-color: #fefefef0;} \nbody .bg-iaff .wp-block-details .wp-block-paragraph {padding-right: 12px;}\n<\/style>\n<section\n\t class=\"page-blocks iaff-page-blocks hidden align hidden wp-block-acf-page-blocks\" id=\"page-blocks_block_1ccfcf46a2ab593362cef8dc07044c13\">\n\t<div class=\"acf-innerblocks-container\">\n\n<figure class=\"wp-block-gallery has-nested-images columns-4 is-cropped mw-200 wp-block-gallery-1 is-layout-flex wp-block-gallery-is-layout-flex\">\n<figure class=\"wp-block-image size-full is-style-rounded\"><img decoding=\"async\" width=\"600\" height=\"600\" data-id=\"74415\" src=\"https:\/\/www.iaff.org\/wp-content\/uploads\/2024\/07\/AedanLicwinko.jpg\" alt=\"\" class=\"wp-image-74415\" srcset=\"https:\/\/www.iaff.org\/wp-content\/uploads\/2024\/07\/AedanLicwinko.jpg 600w, https:\/\/www.iaff.org\/wp-content\/uploads\/2024\/07\/AedanLicwinko-300x300.jpg 300w, https:\/\/www.iaff.org\/wp-content\/uploads\/2024\/07\/AedanLicwinko-150x150.jpg 150w, https:\/\/www.iaff.org\/wp-content\/uploads\/2024\/07\/AedanLicwinko-240x240.jpg 240w\" sizes=\"(max-width: 600px) 100vw, 600px\" \/><figcaption class=\"wp-element-caption\">Aedan Licwinko<\/figcaption><\/figure>\n\n\n\n<figure class=\"wp-block-image size-full is-style-rounded\"><img decoding=\"async\" width=\"600\" height=\"600\" data-id=\"74417\" src=\"https:\/\/www.iaff.org\/wp-content\/uploads\/2024\/07\/AlyzaMacalinano.jpg\" alt=\"\" class=\"wp-image-74417\" srcset=\"https:\/\/www.iaff.org\/wp-content\/uploads\/2024\/07\/AlyzaMacalinano.jpg 600w, https:\/\/www.iaff.org\/wp-content\/uploads\/2024\/07\/AlyzaMacalinano-300x300.jpg 300w, https:\/\/www.iaff.org\/wp-content\/uploads\/2024\/07\/AlyzaMacalinano-150x150.jpg 150w, https:\/\/www.iaff.org\/wp-content\/uploads\/2024\/07\/AlyzaMacalinano-240x240.jpg 240w\" sizes=\"(max-width: 600px) 100vw, 600px\" \/><figcaption class=\"wp-element-caption\">Alyza Macalinano<\/figcaption><\/figure>\n\n\n\n<figure class=\"wp-block-image size-full is-style-rounded\"><img decoding=\"async\" width=\"600\" height=\"600\" data-id=\"74419\" src=\"https:\/\/www.iaff.org\/wp-content\/uploads\/2024\/07\/BevBakker.jpg\" alt=\"\" class=\"wp-image-74419\" srcset=\"https:\/\/www.iaff.org\/wp-content\/uploads\/2024\/07\/BevBakker.jpg 600w, https:\/\/www.iaff.org\/wp-content\/uploads\/2024\/07\/BevBakker-300x300.jpg 300w, https:\/\/www.iaff.org\/wp-content\/uploads\/2024\/07\/BevBakker-150x150.jpg 150w, https:\/\/www.iaff.org\/wp-content\/uploads\/2024\/07\/BevBakker-240x240.jpg 240w\" sizes=\"(max-width: 600px) 100vw, 600px\" \/><figcaption class=\"wp-element-caption\">Bev Bakker<\/figcaption><\/figure>\n\n\n\n<figure class=\"wp-block-image size-full is-style-rounded\"><img decoding=\"async\" width=\"600\" height=\"600\" data-id=\"74421\" src=\"https:\/\/www.iaff.org\/wp-content\/uploads\/2024\/07\/EthanSoulury.jpg\" alt=\"\" class=\"wp-image-74421\" srcset=\"https:\/\/www.iaff.org\/wp-content\/uploads\/2024\/07\/EthanSoulury.jpg 600w, https:\/\/www.iaff.org\/wp-content\/uploads\/2024\/07\/EthanSoulury-300x300.jpg 300w, https:\/\/www.iaff.org\/wp-content\/uploads\/2024\/07\/EthanSoulury-150x150.jpg 150w, https:\/\/www.iaff.org\/wp-content\/uploads\/2024\/07\/EthanSoulury-240x240.jpg 240w\" sizes=\"(max-width: 600px) 100vw, 600px\" \/><figcaption class=\"wp-element-caption\">Ethan Soulury<\/figcaption><\/figure>\n\n\n\n<figure class=\"wp-block-image size-full is-style-rounded\"><img decoding=\"async\" width=\"600\" height=\"600\" data-id=\"74423\" src=\"https:\/\/www.iaff.org\/wp-content\/uploads\/2024\/07\/JamesRoberto.jpg\" alt=\"\" class=\"wp-image-74423\" srcset=\"https:\/\/www.iaff.org\/wp-content\/uploads\/2024\/07\/JamesRoberto.jpg 600w, https:\/\/www.iaff.org\/wp-content\/uploads\/2024\/07\/JamesRoberto-300x300.jpg 300w, https:\/\/www.iaff.org\/wp-content\/uploads\/2024\/07\/JamesRoberto-150x150.jpg 150w, https:\/\/www.iaff.org\/wp-content\/uploads\/2024\/07\/JamesRoberto-240x240.jpg 240w\" sizes=\"(max-width: 600px) 100vw, 600px\" \/><figcaption class=\"wp-element-caption\">James Roberto<\/figcaption><\/figure>\n\n\n\n<figure class=\"wp-block-image size-full is-style-rounded\"><img decoding=\"async\" width=\"600\" height=\"600\" data-id=\"74425\" src=\"https:\/\/www.iaff.org\/wp-content\/uploads\/2024\/07\/KyleCrabtree.jpg\" alt=\"\" class=\"wp-image-74425\" srcset=\"https:\/\/www.iaff.org\/wp-content\/uploads\/2024\/07\/KyleCrabtree.jpg 600w, https:\/\/www.iaff.org\/wp-content\/uploads\/2024\/07\/KyleCrabtree-300x300.jpg 300w, https:\/\/www.iaff.org\/wp-content\/uploads\/2024\/07\/KyleCrabtree-150x150.jpg 150w, https:\/\/www.iaff.org\/wp-content\/uploads\/2024\/07\/KyleCrabtree-240x240.jpg 240w\" sizes=\"(max-width: 600px) 100vw, 600px\" \/><figcaption class=\"wp-element-caption\">Kyle Crabtree<\/figcaption><\/figure>\n\n\n\n<figure class=\"wp-block-image size-full is-style-rounded\"><img decoding=\"async\" width=\"600\" height=\"600\" data-id=\"74427\" src=\"https:\/\/www.iaff.org\/wp-content\/uploads\/2024\/07\/OliverMathews.jpg\" alt=\"\" class=\"wp-image-74427\" srcset=\"https:\/\/www.iaff.org\/wp-content\/uploads\/2024\/07\/OliverMathews.jpg 600w, https:\/\/www.iaff.org\/wp-content\/uploads\/2024\/07\/OliverMathews-300x300.jpg 300w, https:\/\/www.iaff.org\/wp-content\/uploads\/2024\/07\/OliverMathews-150x150.jpg 150w, https:\/\/www.iaff.org\/wp-content\/uploads\/2024\/07\/OliverMathews-240x240.jpg 240w\" sizes=\"(max-width: 600px) 100vw, 600px\" \/><figcaption class=\"wp-element-caption\">Oliver Mathews<\/figcaption><\/figure>\n\n\n\n<figure class=\"wp-block-image size-full is-style-rounded\"><img decoding=\"async\" width=\"600\" height=\"600\" data-id=\"74429\" src=\"https:\/\/www.iaff.org\/wp-content\/uploads\/2024\/07\/OliviaBuss.jpg\" alt=\"\" class=\"wp-image-74429\" srcset=\"https:\/\/www.iaff.org\/wp-content\/uploads\/2024\/07\/OliviaBuss.jpg 600w, https:\/\/www.iaff.org\/wp-content\/uploads\/2024\/07\/OliviaBuss-300x300.jpg 300w, https:\/\/www.iaff.org\/wp-content\/uploads\/2024\/07\/OliviaBuss-150x150.jpg 150w, https:\/\/www.iaff.org\/wp-content\/uploads\/2024\/07\/OliviaBuss-240x240.jpg 240w\" sizes=\"(max-width: 600px) 100vw, 600px\" \/><figcaption class=\"wp-element-caption\">Olivia Buss<\/figcaption><\/figure>\n\n\n\n<figure class=\"wp-block-image size-full is-style-rounded\"><img decoding=\"async\" width=\"600\" height=\"600\" data-id=\"74431\" src=\"https:\/\/www.iaff.org\/wp-content\/uploads\/2024\/07\/RileyMarr.jpg\" alt=\"\" class=\"wp-image-74431\" srcset=\"https:\/\/www.iaff.org\/wp-content\/uploads\/2024\/07\/RileyMarr.jpg 600w, https:\/\/www.iaff.org\/wp-content\/uploads\/2024\/07\/RileyMarr-300x300.jpg 300w, https:\/\/www.iaff.org\/wp-content\/uploads\/2024\/07\/RileyMarr-150x150.jpg 150w, https:\/\/www.iaff.org\/wp-content\/uploads\/2024\/07\/RileyMarr-240x240.jpg 240w\" sizes=\"(max-width: 600px) 100vw, 600px\" \/><figcaption class=\"wp-element-caption\">Riley Marr<\/figcaption><\/figure>\n\n\n\n<figure class=\"wp-block-image size-full is-style-rounded\"><img decoding=\"async\" width=\"239\" height=\"240\" data-id=\"74433\" src=\"https:\/\/www.iaff.org\/wp-content\/uploads\/2024\/07\/schenek.jpeg\" alt=\"\" class=\"wp-image-74433\" srcset=\"https:\/\/www.iaff.org\/wp-content\/uploads\/2024\/07\/schenek.jpeg 239w, https:\/\/www.iaff.org\/wp-content\/uploads\/2024\/07\/schenek-150x150.jpeg 150w\" sizes=\"(max-width: 239px) 100vw, 239px\" \/><figcaption class=\"wp-element-caption\">Mr. Schenek<\/figcaption><\/figure>\n\n\n\n<figure class=\"wp-block-image size-full is-style-rounded\"><img decoding=\"async\" width=\"500\" height=\"500\" data-id=\"74435\" src=\"https:\/\/www.iaff.org\/wp-content\/uploads\/2024\/07\/TannerBaker.jpg\" alt=\"\" class=\"wp-image-74435\" srcset=\"https:\/\/www.iaff.org\/wp-content\/uploads\/2024\/07\/TannerBaker.jpg 500w, https:\/\/www.iaff.org\/wp-content\/uploads\/2024\/07\/TannerBaker-300x300.jpg 300w, https:\/\/www.iaff.org\/wp-content\/uploads\/2024\/07\/TannerBaker-150x150.jpg 150w, https:\/\/www.iaff.org\/wp-content\/uploads\/2024\/07\/TannerBaker-240x240.jpg 240w\" sizes=\"(max-width: 500px) 100vw, 500px\" \/><figcaption class=\"wp-element-caption\">Tanner Baker<\/figcaption><\/figure>\n<\/figure>\n\n<\/div><\/section>\n","protected":false},"featured_media":74577,"menu_order":0,"template":"","tags":[],"class_list":["post-75282","news","type-news","status-publish","has-post-thumbnail","hentry"],"acf":[],"publishpress_future_workflow_manual_trigger":{"enabledWorkflows":[]},"_links":{"self":[{"href":"https:\/\/www.iaff.org\/fr-ca\/wp-json\/wp\/v2\/news\/75282","targetHints":{"allow":["GET"]}}],"collection":[{"href":"https:\/\/www.iaff.org\/fr-ca\/wp-json\/wp\/v2\/news"}],"about":[{"href":"https:\/\/www.iaff.org\/fr-ca\/wp-json\/wp\/v2\/types\/news"}],"version-history":[{"count":0,"href":"https:\/\/www.iaff.org\/fr-ca\/wp-json\/wp\/v2\/news\/75282\/revisions"}],"wp:featuredmedia":[{"embeddable":true,"href":"https:\/\/www.iaff.org\/fr-ca\/wp-json\/wp\/v2\/media\/74577"}],"wp:attachment":[{"href":"https:\/\/www.iaff.org\/fr-ca\/wp-json\/wp\/v2\/media?parent=75282"}],"wp:term":[{"taxonomy":"post_tag","embeddable":true,"href":"https:\/\/www.iaff.org\/fr-ca\/wp-json\/wp\/v2\/tags?post=75282"}],"curies":[{"name":"wp","href":"https:\/\/api.w.org\/{rel}","templated":true}]}}