{"id":3495,"date":"2023-08-04T17:06:49","date_gmt":"2023-08-04T21:06:49","guid":{"rendered":"https:\/\/iaffredesign.wpengine.com\/news\/iaff-welcomes-proposed-legislation-for-stronger-penalties-against-assaults-on-first-responders-fr\/"},"modified":"2025-09-29T15:14:25","modified_gmt":"2025-09-29T19:14:25","slug":"iaff-welcomes-proposed-legislation-for-stronger-penalties-against-assaults-on-first-responders-fr","status":"publish","type":"news","link":"https:\/\/www.iaff.org\/fr-ca\/news\/iaff-welcomes-proposed-legislation-for-stronger-penalties-against-assaults-on-first-responders-fr\/","title":{"rendered":"L\u2019IAFF accueille favorablement un projet de loi visant \u00e0 s\u00e9vir les sanctions contre les agressions contre les premiers r\u00e9pondants"},"content":{"rendered":"<div class=\"wp-block-paragraph \">\n<p>Avec l\u2019augmentation de la violence contre les premiers intervenants au Canada, l\u2019AIP accueille favorablement un projet de loi qui propose de nouvelles peines pr\u00e9vues <em>au Code criminel<\/em> et des peines plus s\u00e9v\u00e8res pour les voies de fait contre les pompiers et les ambulanciers param\u00e9dicaux en service.<\/p>\n<\/div><div class=\"wp-block-paragraph \">\n<p>Le projet de loi C-345 a \u00e9t\u00e9 d\u00e9pos\u00e9 \u00e0 la Chambre des communes le 19 juin par le d\u00e9put\u00e9 n\u00e9o-d\u00e9mocrate de la Colombie-Britannique, Peter Julian, qui a tenu une conf\u00e9rence de presse le 5 juillet avec des dirigeants de l\u2019Association des pompiers professionnels de la Colombie-Britannique (BCPFFA) et des dirigeants et des membres des sections locales de l\u2019AIP 323 Burnaby et 256 New Westminster pour discuter des raisons pour lesquelles de plus grandes protections sont n\u00e9cessaires.<\/p>\n<\/div><div class=\"wp-block-paragraph \">\n<p>\u00ab J\u2019ai \u00e9t\u00e9 troublant de voir une augmentation du nombre d\u2019agressions et de violence contre les pompiers et les ambulanciers \u00bb, a d\u00e9clar\u00e9 Julian, citant des exemples d\u2019agressions r\u00e9centes.<\/p>\n<\/div><div class=\"wp-block-paragraph \">\n<p>Le projet de loi s\u2019appuie sur les protections existantes du <em>Code criminel<\/em> pour les agents de la paix en ajoutant une d\u00e9finition de premiers intervenants qui comprend les pompiers et les ambulanciers param\u00e9dicaux, proposant la nouvelle infraction de voies de fait contre un premier r\u00e9pondant agissant dans l\u2019exercice de ses fonctions. De plus, il propose une peine maximale accrue de 10 ans d\u2019emprisonnement pour voies de fait contre un premier r\u00e9pondant et une peine maximale accrue de 20 ans d\u2019emprisonnement pour voies de fait graves. <\/p>\n<\/div><div class=\"wp-block-paragraph \">\n<p>Le projet de loi propose \u00e9galement une accusation automatique de meurtre au premier degr\u00e9 si une agression contre un pompier ou un ambulancier param\u00e9dical entra\u00eene leur mort, ce qui entra\u00eene une peine d\u2019emprisonnement \u00e0 perp\u00e9tuit\u00e9 sans possibilit\u00e9 de lib\u00e9ration conditionnelle pendant 25 ans.<\/p>\n<\/div><div class=\"wp-block-paragraph \">\n<p>Le pr\u00e9sident de la BCPFFA, Todd Schierling, a d\u00e9clar\u00e9 aux personnes r\u00e9unies qu\u2019il soutenait la loi et la n\u00e9cessit\u00e9 de prot\u00e9ger les pompiers et les ambulanciers param\u00e9dicaux de la violence au travail. \u00ab Il est temps d\u2019inclure les premiers intervenants dans le m\u00eame niveau de protection que les agents de la paix \u00bb, a-t-il d\u00e9clar\u00e9. \u00ab De telles dispositions servent \u00e0 rendre les intervenants d\u2019urgence plus s\u00e9curitaires lorsqu\u2019ils prot\u00e8gent les Canadiens. \u00bb  <\/p>\n<\/div><div class=\"wp-block-paragraph \">\n<p>Le pr\u00e9sident de la section locale 256 de New Westminster, Shane Poole, a fait \u00e9cho \u00e0 ce sentiment. \u00ab Nous savons que notre travail est intrins\u00e8quement dangereux, mais lorsque nous r\u00e9pondons \u00e0 des appels \u00e0 l\u2019aide, nous ne devrions pas avoir \u00e0 faire face \u00e0 la violence ou aux agressions. \u00bb <\/p>\n<\/div><div class=\"wp-block-paragraph \">\n<p>L\u2019AIP a \u00e9galement d\u00e9clar\u00e9 son appui \u00e0 un projet de loi d\u2019initiative parlementaire distinct qui traite de la question. Le projet de loi C-321, pr\u00e9sent\u00e9 par le d\u00e9put\u00e9 conservateur de la Colombie-Britannique Todd Doherty en mars, exigerait que le statut de premier r\u00e9pondant en service d\u2019une victime d\u2019agression soit pris en compte lors de la d\u00e9termination de la peine. <\/p>\n<\/div>","protected":false},"featured_media":230,"menu_order":0,"template":"","tags":[],"class_list":["post-3495","news","type-news","status-publish","has-post-thumbnail","hentry"],"acf":[],"publishpress_future_workflow_manual_trigger":{"enabledWorkflows":[]},"_links":{"self":[{"href":"https:\/\/www.iaff.org\/fr-ca\/wp-json\/wp\/v2\/news\/3495","targetHints":{"allow":["GET"]}}],"collection":[{"href":"https:\/\/www.iaff.org\/fr-ca\/wp-json\/wp\/v2\/news"}],"about":[{"href":"https:\/\/www.iaff.org\/fr-ca\/wp-json\/wp\/v2\/types\/news"}],"version-history":[{"count":0,"href":"https:\/\/www.iaff.org\/fr-ca\/wp-json\/wp\/v2\/news\/3495\/revisions"}],"wp:featuredmedia":[{"embeddable":true,"href":"https:\/\/www.iaff.org\/fr-ca\/wp-json\/wp\/v2\/media\/230"}],"wp:attachment":[{"href":"https:\/\/www.iaff.org\/fr-ca\/wp-json\/wp\/v2\/media?parent=3495"}],"wp:term":[{"taxonomy":"post_tag","embeddable":true,"href":"https:\/\/www.iaff.org\/fr-ca\/wp-json\/wp\/v2\/tags?post=3495"}],"curies":[{"name":"wp","href":"https:\/\/api.w.org\/{rel}","templated":true}]}}