{"id":3492,"date":"2023-06-20T20:21:56","date_gmt":"2023-06-21T00:21:56","guid":{"rendered":"https:\/\/iaffredesign.wpengine.com\/news\/prime-minister-trudeau-thanks-halifax-iaff-members-for-wildfire-response-fr\/"},"modified":"2025-09-29T15:14:25","modified_gmt":"2025-09-29T19:14:25","slug":"prime-minister-trudeau-thanks-halifax-iaff-members-for-wildfire-response-fr","status":"publish","type":"news","link":"https:\/\/www.iaff.org\/fr-ca\/news\/prime-minister-trudeau-thanks-halifax-iaff-members-for-wildfire-response-fr\/","title":{"rendered":"Le premier ministre Trudeau remercie les membres de l\u2019IAFF d\u2019Halifax pour leur r\u00e9ponse aux feux de for\u00eat"},"content":{"rendered":"<div class=\"wp-block-paragraph \">\n<p>Le premier ministre canadien Justin Trudeau a visit\u00e9 une caserne de pompiers \u00e0 Halifax, en Nouvelle-\u00c9cosse, lundi, et a remerci\u00e9 les membres de la section locale 268 de l\u2019AIP pour leur travail h\u00e9ro\u00efque et difficile dans la lutte contre les feux de for\u00eat qui ont ravag\u00e9 les banlieues de la ville au cours des trois derni\u00e8res semaines.<\/p>\n<\/div><div class=\"wp-block-paragraph \">\n<p>\u00ab Merci pour tout le travail incroyable que vous avez fait, en vous unissant dans les moments difficiles, en \u00e9tant l\u00e0 pour la communaut\u00e9 \u00bb, a d\u00e9clar\u00e9 Trudeau aux pompiers. \u00ab Je sais que vous \u00eates r\u00e9guli\u00e8rement dans des situations tr\u00e8s effrayantes, et les Canadiens comptent tellement sur vous pour tout ce que vous faites. \u00bb <\/p>\n<\/div><div class=\"wp-block-paragraph \">\n<p>Accompagn\u00e9 du ministre de la Protection civile Bill Blair et des d\u00e9put\u00e9s n\u00e9o-\u00e9cossais Lena Metlege Diab et Sean Fraser, M. Trudeau a visit\u00e9 les r\u00e9gions d\u2019Halifax touch\u00e9es par les feux de for\u00eat, qui ont \u00e9clat\u00e9 soudainement le 29 mai, for\u00e7ant des milliers de r\u00e9sidents \u00e0 \u00e9vacuer et d\u00e9truisant ou endommageant 150 structures. Trois membres de l\u2019AIP ont perdu leur maison et ont re\u00e7u de l\u2019aide dans le cadre du programme de secours en cas de catastrophe de la Fondation de l\u2019AIP. <\/p>\n<\/div><div class=\"wp-block-paragraph \">\n<p>Au cours de sa visite, le premier ministre Trudeau a f\u00e9licit\u00e9 deux membres de la section locale 268, Kevin Corkum et Conor Scott, qui <a href=\"https:\/\/www.cbc.ca\/news\/canada\/nova-scotia\/halifax-fire-captain-wildfire-saved-life-1.6865761\" target=\"_blank\" rel=\"noreferrer noopener\">ont risqu\u00e9 leur vie pour sauver un homme \u00e2g\u00e9 dans une zone de feu de for\u00eat active<\/a>.<\/p>\n<\/div><div class=\"wp-block-paragraph \">\n<p>Il a \u00e9galement promis que le gouvernement soutiendrait les pompiers alors qu\u2019ils font face aux feux de for\u00eat et \u00e0 d\u2019autres dangers \u00e0 l\u2019avenir. \u00ab Je veux que vous sachiez \u00e0 quel point tout le monde l\u2019appr\u00e9cie et, en tant que gouvernements, nous continuerons d\u2019\u00eatre l\u00e0 pour vous soutenir, vous et vos familles, alors que vous poursuivez votre travail pour assurer notre s\u00e9curit\u00e9. \u00bb <\/p>\n<\/div><div class=\"wp-block-paragraph \">\n<p>La visite du premier ministre a eu lieu deux semaines seulement apr\u00e8s que le gouvernement du Canada a accept\u00e9 de financer un projet pilote d\u2019un an pour le programme de formation Intervention en cas d\u2019incendie de for\u00eat de l\u2019AIP.<\/p>\n<\/div><div class=\"wp-block-paragraph \">\n<p>Le Canada a connu un d\u00e9but de saison sans pr\u00e9c\u00e9dent avec plus de 11 millions d\u2019acres br\u00fbl\u00e9s ce printemps seulement, et les autorit\u00e9s se d\u00e9m\u00e8nent pour trouver des \u00e9quipes pour combattre les incendies. Des feux de for\u00eat ont frapp\u00e9 t\u00f4t en Colombie-Britannique et en Alberta, et des incendies plus r\u00e9cents en Ontario et au Qu\u00e9bec ont envoy\u00e9 de la fum\u00e9e dans les grandes villes de l\u2019Est du Canada et des \u00c9tats-Unis. Les pr\u00e9visions de feux de for\u00eat devraient demeurer graves alors que le temps chaud et sec s\u2019installera partout au Canada pendant les mois d\u2019\u00e9t\u00e9.  <\/p>\n<\/div>","protected":false},"featured_media":281,"menu_order":0,"template":"","tags":[],"class_list":["post-3492","news","type-news","status-publish","has-post-thumbnail","hentry"],"acf":[],"publishpress_future_workflow_manual_trigger":{"enabledWorkflows":[]},"_links":{"self":[{"href":"https:\/\/www.iaff.org\/fr-ca\/wp-json\/wp\/v2\/news\/3492","targetHints":{"allow":["GET"]}}],"collection":[{"href":"https:\/\/www.iaff.org\/fr-ca\/wp-json\/wp\/v2\/news"}],"about":[{"href":"https:\/\/www.iaff.org\/fr-ca\/wp-json\/wp\/v2\/types\/news"}],"version-history":[{"count":0,"href":"https:\/\/www.iaff.org\/fr-ca\/wp-json\/wp\/v2\/news\/3492\/revisions"}],"wp:featuredmedia":[{"embeddable":true,"href":"https:\/\/www.iaff.org\/fr-ca\/wp-json\/wp\/v2\/media\/281"}],"wp:attachment":[{"href":"https:\/\/www.iaff.org\/fr-ca\/wp-json\/wp\/v2\/media?parent=3492"}],"wp:term":[{"taxonomy":"post_tag","embeddable":true,"href":"https:\/\/www.iaff.org\/fr-ca\/wp-json\/wp\/v2\/tags?post=3492"}],"curies":[{"name":"wp","href":"https:\/\/api.w.org\/{rel}","templated":true}]}}