{"id":3462,"date":"2022-04-19T17:25:07","date_gmt":"2022-04-19T21:25:07","guid":{"rendered":"https:\/\/iaffredesign.wpengine.com\/news\/les-membres-canadiens-sont-retournes-sur-la-colline-parlementaire-pour-la-29e-conference-legislative-canadienn\/"},"modified":"2022-04-20T19:22:59","modified_gmt":"2022-04-20T23:22:59","slug":"les-membres-canadiens-sont-retournes-sur-la-colline-parlementaire-pour-la-29e-conference-legislative-canadienn","status":"publish","type":"news","link":"https:\/\/www.iaff.org\/fr-ca\/news\/les-membres-canadiens-sont-retournes-sur-la-colline-parlementaire-pour-la-29e-conference-legislative-canadienn\/","title":{"rendered":"Les membres canadiens sont retourn\u00e9s sur la Colline parlementaire pour la 29e\u00a0Conf\u00e9rence l\u00e9gislative canadienn"},"content":{"rendered":"<p><strong><a href=\"https:\/\/www.iaff.org\/fr-ca\/news\/les-membres-canadiens-sont-retournes-sur-la-colline-parlementaire-pour-la-29e-conference-legislative-canadienn\/\"><img decoding=\"async\" class=\" wp-image-92057 alignright\" src=\"https:\/\/www.iaff.org\/wp-content\/uploads\/2022_IAFF-29th-209.jpg\" alt=\"\" width=\"410\" height=\"313\" \/>English<\/a><\/strong><\/p>\n<p>Apr\u00e8s deux ans de lobbyisme virtuel, les membres canadiens de l\u2019AIP sont finalement revenus sur la Colline parlementaire les 4 et 5\u00a0avril afin de demander \u00e0 leurs d\u00e9put\u00e9s et leurs s\u00e9nateurs de faire progresser deux enjeux importants relatifs \u00e0 la s\u00e9curit\u00e9 des premiers intervenants.<\/p>\n<p>Un nombre record de pr\u00e8s de 160\u00a0dirigeants de l\u2019AIP sont venus \u00e0 Ottawa et ont fait pression aupr\u00e8s des d\u00e9put\u00e9s et des s\u00e9nateurs afin qu\u2019ils soutiennent le projet de loi\u00a0C-224 qui propose un cadre national pour la pr\u00e9vention et le traitement du cancer li\u00e9 au travail et des p\u00e9nalit\u00e9s plus s\u00e9v\u00e8res pour ceux attaquant les pompiers et les ambulanciers en service, et les d\u00e9l\u00e9gu\u00e9s ont re\u00e7u un soutien cons\u00e9quent pour les deux enjeux.<\/p>\n<p>Le pr\u00e9sident g\u00e9n\u00e9ral Edward Kelly et le secr\u00e9taire-tr\u00e9sorier g\u00e9n\u00e9ral Frank L\u00edma se sont tous les deux adress\u00e9s aux d\u00e9l\u00e9gu\u00e9s. M.\u00a0Kelly les a remerci\u00e9s d\u2019avoir pris le temps de venir malgr\u00e9 leurs familles pour participer \u00e0 l\u2019exercice de pressions et a soulign\u00e9 le besoin de progresser sur les deux enjeux au nom de la s\u00e9curit\u00e9 des pompiers.<\/p>\n<p>\u00ab\u2009Tout \u00e7a est concret et interconnect\u00e9. Ce qui compte c\u2019est comment nous r\u00e9ussissons \u00e0 b\u00e2tir ces relations avec les personnes au pouvoir et \u00e0 concr\u00e9tiser tout \u00e7a pour les familles d\u2019o\u00f9 nous venons\u2009\u00bb, a-t-il dit.<\/p>\n<p>Pour la premi\u00e8re fois, la Conf\u00e9rence l\u00e9gislative canadienne a eu droit \u00e0 une diffusion en direct des d\u00e9lib\u00e9rations de la Chambre des communes o\u00f9 la d\u00e9put\u00e9e lib\u00e9rale Sherry Romanado (Longueuil-Charles-LeMoyne) a men\u00e9 <a href=\"https:\/\/www.youtube.com\/watch?v=W7DiKiS0XV4\" target=\"_blank\" rel=\"noopener\">une heure de d\u00e9bat<\/a> sur le projet de loi\u00a0C-224 qu\u2019elle a introduit fin janvier. En plus d\u2019un cadre national sur le cancer pour les pompiers, le projet de loi propose aussi une proclamation nationale afin de rendre janvier le Mois de la pr\u00e9vention contre les cancers des pompiers au Canada.<\/p>\n<p>Peu apr\u00e8s la fin du d\u00e9bat, M<sup>me<\/sup>\u00a0Romanado \u00e9tait \u00e0 la rencontre des d\u00e9l\u00e9gu\u00e9s dans l\u2019h\u00f4tel de la conf\u00e9rence. Elle a expliqu\u00e9 comment son amiti\u00e9 avec Chris Ross le pr\u00e9sident de la section locale\u00a0125 a men\u00e9 \u00e0 son projet de loi et a d\u00e9crit comment elle a d\u00e9j\u00e0 commenc\u00e9 \u00e0 fonder un soutien interparti avant un vote \u00e0 la Chambre des communes qui pourrait se produire plus tard cette ann\u00e9e.<\/p>\n<p>\u00ab\u2009J\u2019ai confiance que le projet de loi\u00a0C-224 deviendra une loi\u2009\u00bb, a-t-elle dit sous un tonnerre d\u2019applaudissements, ajoutant qu\u2019en tant que fille et femme de pompier elle comprenait les sacrifices r\u00e9alis\u00e9s par les pompiers au quotidien. \u00ab\u2009Lorsque les gens sortent d\u2019un immeuble en feu, vous y entrez. C\u2019est apr\u00e8s que la cloche ne sonne plus, une fois retourn\u00e9s \u00e0 la caserne, que nous avons besoin de nous assurer que vous allez bien.\u2009\u00bb, proclame-t-elle.<\/p>\n<p>\u00c0 la suite de ses remarques, le pr\u00e9sident g\u00e9n\u00e9ral M.\u00a0Kelly a pr\u00e9sent\u00e9 un casque de pompier au th\u00e8me de l\u2019AIP \u00e0 M<sup>me<\/sup> Romanado en gage d\u2019appr\u00e9ciation, un geste qui a r\u00e9joui la d\u00e9put\u00e9e de la zone de Montr\u00e9al.<\/p>\n<p>Le ministre de la Protection civile f\u00e9d\u00e9rale Bill Blair a remerci\u00e9 les pompiers de continuer \u00e0 travailler dur \u00e0 prot\u00e9ger les Canadiens lors de la pand\u00e9mie. \u00ab\u2009Au cours des deux ans, et dans une pand\u00e9mie mondiale, vous et vos membres n\u2019ont pas recul\u00e9\u2009\u00bb a-t-il confi\u00e9. \u00ab\u2009Et bien que beaucoup de Canadiens ont eu pour ordre de travailler \u00e0 la maison, vous n\u2019avez pas eu cette option. Vous avez continu\u00e9 \u00e0 lever la t\u00eate et \u00e0 vous mettre en danger, \u00e0 \u00eatre l\u00e0 pour les autres, comme vous l\u2019avez toujours fait.\u2009\u00bb<\/p>\n<p>Blair a aussi f\u00e9licit\u00e9 les pompiers pour leur intervention historique quant aux incendies de for\u00eat dans l\u2019ouest du Canada l\u2019\u00e9t\u00e9 dernier, expliquant qu\u2019il a \u00e9t\u00e9 mandat\u00e9 afin de cr\u00e9er un Centre d\u2019excellence international pour la r\u00e9silience aux feux de for\u00eat qui se concentrera sur la formation et la collaboration, et a fait remarquer que le gouvernement lib\u00e9ral a r\u00e9alis\u00e9 un partenariat avec l\u2019AIP pour une formation contre les mati\u00e8res dangereuses, a introduit un plan d\u2019action visant \u00e0 prot\u00e9ger les pompiers des d\u00e9g\u00e2ts caus\u00e9s par les mat\u00e9riaux ignifugeants chimiques et la mani\u00e8re dont le gouvernement f\u00e9d\u00e9ral a aussi fourni des ressources pour s\u2019attaquer \u00e0 la sant\u00e9 mentale des premiers intervenants.<\/p>\n<p>\u00ab\u2009Nous avons travaill\u00e9 dur au courant des sept derni\u00e8res ann\u00e9es afin de garder les promesses que nous avons faites, et c\u2019est une reconnaissance de l\u2019importance de tout le travail que vous effectuez\u2009\u00bb, a proclam\u00e9 Mr\u00a0Blair.<\/p>\n<p>Les autres conf\u00e9renciers \u00e9taient la d\u00e9put\u00e9e conservatrice Raquel Dancho (Kildonan-St. Paul, Man.), le d\u00e9put\u00e9 du NPD Alistair MacGregor (Cowichan-Malahat-Langford, C.B.) et la chef du parti vert par int\u00e9rim Amita Kuttner.<\/p>\n<p>Aussi, pour la premi\u00e8re fois, la Conf\u00e9rence l\u00e9gislative canadienne a souhait\u00e9 la bienvenue \u00e0 la chef parlant au nom des pompiers des Premi\u00e8res Nations. Michelle Vandevord, une pompi\u00e8re du Service d\u2019incendie de Muskoday des Premi\u00e8res Nations en Saskatchewan et pr\u00e9sidente de l\u2019Association des pompiers autochtones du Canada, a partag\u00e9 d\u2019importantes perspectives quant aux difficult\u00e9s \u00e0 trouver des financements et d\u2019autres enjeux auxquels les pompiers des Premi\u00e8res Nations ont \u00e0 faire face tout en essayant de garder leurs communaut\u00e9s en s\u00fbret\u00e9.<\/p>\n<p>&nbsp;<\/p>\n","protected":false},"featured_media":672,"menu_order":0,"template":"","tags":[],"class_list":["post-3462","news","type-news","status-publish","has-post-thumbnail","hentry"],"acf":[],"publishpress_future_workflow_manual_trigger":{"enabledWorkflows":[]},"_links":{"self":[{"href":"https:\/\/www.iaff.org\/fr-ca\/wp-json\/wp\/v2\/news\/3462","targetHints":{"allow":["GET"]}}],"collection":[{"href":"https:\/\/www.iaff.org\/fr-ca\/wp-json\/wp\/v2\/news"}],"about":[{"href":"https:\/\/www.iaff.org\/fr-ca\/wp-json\/wp\/v2\/types\/news"}],"version-history":[{"count":0,"href":"https:\/\/www.iaff.org\/fr-ca\/wp-json\/wp\/v2\/news\/3462\/revisions"}],"wp:featuredmedia":[{"embeddable":true,"href":"https:\/\/www.iaff.org\/fr-ca\/wp-json\/wp\/v2\/media\/672"}],"wp:attachment":[{"href":"https:\/\/www.iaff.org\/fr-ca\/wp-json\/wp\/v2\/media?parent=3462"}],"wp:term":[{"taxonomy":"post_tag","embeddable":true,"href":"https:\/\/www.iaff.org\/fr-ca\/wp-json\/wp\/v2\/tags?post=3462"}],"curies":[{"name":"wp","href":"https:\/\/api.w.org\/{rel}","templated":true}]}}