{"id":3460,"date":"2022-02-09T20:28:04","date_gmt":"2022-02-10T01:28:04","guid":{"rendered":"https:\/\/iaffredesign.wpengine.com\/news\/les-delegues-se-connectent-a-une-conference-jack-jessop-sur-les-politiques-canadiennes-mouvementee\/"},"modified":"2022-02-10T20:54:57","modified_gmt":"2022-02-11T01:54:57","slug":"les-delegues-se-connectent-a-une-conference-jack-jessop-sur-les-politiques-canadiennes-mouvementee","status":"publish","type":"news","link":"https:\/\/www.iaff.org\/fr-ca\/news\/les-delegues-se-connectent-a-une-conference-jack-jessop-sur-les-politiques-canadiennes-mouvementee\/","title":{"rendered":"LES D\u00c9L\u00c9GU\u00c9S SE CONNECTENT \u00c0 UNE CONF\u00c9RENCE JACK JESSOP SUR LES POLITIQUES CANADIENNES MOUVEMENT\u00c9E"},"content":{"rendered":"<p><img decoding=\"async\" class=\" wp-image-89996 alignright\" src=\"https:\/\/www.iaff.org\/wp-content\/uploads\/\/JJPC-Full-Title-300x169.jpg\" alt=\"\" width=\"462\" height=\"260\" \/>C\u2019est un record de 230 d\u00e9l\u00e9gu\u00e9s qui se sont connect\u00e9s \u00e0 la Conf\u00e9rence sur les politiques canadiennes les 7 et 8\u00a0f\u00e9vrier pour deux jours d\u2019affaires ayant couvert plusieurs enjeux cl\u00e9s, notamment les cancers li\u00e9s au travail, les ressources de sant\u00e9 comportementale, les mandats vaccinaux et le paysage politique f\u00e9d\u00e9ral canadien.<\/p>\n<p>Les d\u00e9l\u00e9gu\u00e9s ont adopt\u00e9 \u00e0 l\u2019unanimit\u00e9 une r\u00e9solution pour la cr\u00e9ation d\u2019une campagne strat\u00e9gique afin d\u2019aider les associations provinciales affili\u00e9es \u00e0 maximiser le nombre de cancers li\u00e9s au travail et d\u2019autres maladies couvertes sous leurs r\u00e9gimes de l\u00e9gislations pr\u00e9somptives respectifs. Les d\u00e9l\u00e9gu\u00e9s ont aussi adopt\u00e9 une r\u00e9solution demandant \u00e0 l\u2019AIP de d\u00e9velopper des ressources afin d\u2019aider les membres \u00e0 naviguer le processus pour postuler \u00e0 des emplois aux quartiers g\u00e9n\u00e9raux \u00e0 Washington D.C. Ou au Bureau canadien \u00e0 Ottawa (ON).<\/p>\n<p>Le pr\u00e9sident g\u00e9n\u00e9ral Ed Kelly et le secr\u00e9taire-tr\u00e9sorier g\u00e9n\u00e9ral Frank L\u00edma se sont tous les deux adress\u00e9s aux d\u00e9l\u00e9gu\u00e9s. Le pr\u00e9sident g\u00e9n\u00e9ral Ed Kelly a saisi l\u2019opportunit\u00e9 pour signer un accord avec Edgewood Health Network (EHN) afin de fournir un traitement et des services de sant\u00e9 comportementale sp\u00e9cifiques aux pompiers aux membres canadiens de l\u2019AIP dans ses sept installations dans l\u2019ensemble du Canada. La signature repr\u00e9sente la conclusion d\u2019un an de n\u00e9gociations avec EHN Canada. L\u2019accord est une grande avanc\u00e9e dans l\u2019aide aux membres ayant des troubles de sant\u00e9 mentale et des d\u00e9pendances, et correspond au Centre d\u2019excellence pour le traitement et la gu\u00e9rison de la sant\u00e9 comportementale de l\u2019AIP aux \u00c9tats-Unis.<\/p>\n<ol>\n<li>Kelly a remerci\u00e9 les d\u00e9l\u00e9gu\u00e9s de la conf\u00e9rence d\u2019avoir pris le temps dans leurs emplois du temps charg\u00e9s pour participer aux affaires importantes du syndicat. \u00ab\u00a0Nous savons tous que c\u2019est la force collective qui a permis de faire avancer ce travail\u00a0\u00bb, a-t-il racont\u00e9.<\/li>\n<\/ol>\n<p><img decoding=\"async\" class=\" wp-image-89997 alignright\" src=\"https:\/\/www.iaff.org\/wp-content\/uploads\/\/PolConf-Group-300x251.jpg\" alt=\"\" width=\"338\" height=\"283\" \/>Des \u00e9lections ont \u00e9t\u00e9 organis\u00e9es pour deux si\u00e8ges canadiens au Comit\u00e9 aux relations humaines de l\u2019AIP, avec comme \u00e9lus Katrina Davison de la section locale\u00a018 de Vancouver (C.-B.) et Clive Deonarine de la section locale\u00a01092 d\u2019Ajax (ON). Ils ont tous deux accept\u00e9 leurs \u00e9lections humblement, tout en reconnaissant la candidate Ann Bryan de Kingston (ON) de la section locale\u00a0498 ayant servi au Comit\u00e9 depuis 2013 pour son service et son d\u00e9vouement.<\/p>\n<p>L\u2019adjoint au pr\u00e9sident g\u00e9n\u00e9ral pour les op\u00e9rations canadiennes et le conseiller juridique canadien Sean McManus a donn\u00e9 aux d\u00e9l\u00e9gu\u00e9s une mise \u00e0 jour l\u00e9gale sur les mandats vaccinaux, couvrant ainsi ce qui avait \u00e9t\u00e9 un enjeu pressant pour les sections locales canadiennes. De plus, les pr\u00e9sidents des associations provinciales ont fourni des mises \u00e0 jour sur des enjeux cl\u00e9s dans leurs r\u00e9gions. L\u2019administrateur canadien Alex Forrest a donn\u00e9 un rapport aux d\u00e9l\u00e9gu\u00e9s, et l\u2019adjointe aux affaires gouvernementales canadiennes de l\u2019AIP Sandy Hamamoto a fourni une mise \u00e0 jour sur les politiques f\u00e9d\u00e9rales et le programme l\u00e9gislatif canadien de l\u2019AIP.<\/p>\n<p>Pamela Musgrave et Averill Stephenson de l\u2019Association de la dystrophie musculaire du Canada ont mis \u00e0 jour les d\u00e9l\u00e9gu\u00e9s sur les collectes de fonds de l\u2019organisation, qui a \u00e9t\u00e9 impact\u00e9e par la COVID-19, mais continue de compter sur le soutien des sections locales de l\u2019AIP de partout au Canada. L\u2019ann\u00e9e derni\u00e8re, l\u2019organisation caritative a re\u00e7u une accr\u00e9ditation par le biais du Programme de normes d\u2019Imagine Canada apr\u00e8s avoir atteint des jalons d\u2019excellence dans plusieurs cat\u00e9gories, notamment la transparence, la gouvernance et la collecte de fonds.<\/p>\n<p>La conf\u00e9rence a \u00e9t\u00e9 nomm\u00e9e selon Jack Jessop, d\u00e9c\u00e9d\u00e9 en 2011, gr\u00e2ce \u00e0 une r\u00e9solution au 55<sup>e<\/sup> Congr\u00e8s de l\u2019AIP l\u2019ann\u00e9e derni\u00e8re. M.\u00a0Jessop \u00e9tait un chef aim\u00e9 de l\u2019ancienne section locale\u00a0113 de Toronto (ON), \u00e9tait le premier directeur canadien de l\u2019AIP au Canada et a ouvert le Bureau canadien de l\u2019AIP \u00e0 Ottawa en 1969. Il \u00e9tait connu pour sa d\u00e9termination et son style engageant. Il est parti \u00e0 la retraite en 1990 et est d\u00e9c\u00e9d\u00e9 en 2011 \u00e0 89 ans.<\/p>\n<p>La prochaine \u00e9dition de la conf\u00e9rence sera organis\u00e9e par la section locale\u00a0323 de Burnaby (C.-B.) en 2023.<\/p>\n<p>&nbsp;<\/p>\n","protected":false},"featured_media":2471,"menu_order":0,"template":"","tags":[],"class_list":["post-3460","news","type-news","status-publish","has-post-thumbnail","hentry"],"acf":[],"publishpress_future_workflow_manual_trigger":{"enabledWorkflows":[]},"_links":{"self":[{"href":"https:\/\/www.iaff.org\/fr-ca\/wp-json\/wp\/v2\/news\/3460","targetHints":{"allow":["GET"]}}],"collection":[{"href":"https:\/\/www.iaff.org\/fr-ca\/wp-json\/wp\/v2\/news"}],"about":[{"href":"https:\/\/www.iaff.org\/fr-ca\/wp-json\/wp\/v2\/types\/news"}],"version-history":[{"count":0,"href":"https:\/\/www.iaff.org\/fr-ca\/wp-json\/wp\/v2\/news\/3460\/revisions"}],"wp:featuredmedia":[{"embeddable":true,"href":"https:\/\/www.iaff.org\/fr-ca\/wp-json\/wp\/v2\/media\/2471"}],"wp:attachment":[{"href":"https:\/\/www.iaff.org\/fr-ca\/wp-json\/wp\/v2\/media?parent=3460"}],"wp:term":[{"taxonomy":"post_tag","embeddable":true,"href":"https:\/\/www.iaff.org\/fr-ca\/wp-json\/wp\/v2\/tags?post=3460"}],"curies":[{"name":"wp","href":"https:\/\/api.w.org\/{rel}","templated":true}]}}