{"id":3456,"date":"2021-09-24T16:19:23","date_gmt":"2021-09-24T20:19:23","guid":{"rendered":"https:\/\/iaffredesign.wpengine.com\/news\/laip-se-rejouit-des-resultats-des-elections-canadiennes\/"},"modified":"2021-09-29T14:45:58","modified_gmt":"2021-09-29T18:45:58","slug":"laip-se-rejouit-des-resultats-des-elections-canadiennes","status":"publish","type":"news","link":"https:\/\/www.iaff.org\/fr-ca\/news\/laip-se-rejouit-des-resultats-des-elections-canadiennes\/","title":{"rendered":"L\u2019AIP se r\u00e9jouit des r\u00e9sultats des \u00e9lections canadiennes\u00a0"},"content":{"rendered":"<p><div class=\"iaff_legacy_shortcode\" data-legacy-shortcode=\"vc_row\" data-legacy-shortcode-attrs=\"{&quot;title&quot;:&quot;En Fran\\u00e7ais&quot;,&quot;style&quot;:&quot;flat&quot;,&quot;gradient_color_1&quot;:&quot;turquoise&quot;,&quot;gradient_color_2&quot;:&quot;blue&quot;,&quot;gradient_custom_color_1&quot;:&quot;#dd3333&quot;,&quot;gradient_custom_color_2&quot;:&quot;#eeee22&quot;,&quot;gradient_text_color&quot;:&quot;#ffffff&quot;,&quot;custom_background&quot;:&quot;#ededed&quot;,&quot;custom_text&quot;:&quot;#666666&quot;,&quot;outline_custom_color&quot;:&quot;#666666&quot;,&quot;outline_custom_hover_background&quot;:&quot;#666666&quot;,&quot;outline_custom_hover_text&quot;:&quot;#ffffff&quot;,&quot;shape&quot;:&quot;rounded&quot;,&quot;color&quot;:&quot;juicy-pink&quot;,&quot;size&quot;:&quot;md&quot;,&quot;align&quot;:&quot;inline&quot;,&quot;button_block&quot;:&quot;&quot;,&quot;add_icon&quot;:&quot;&quot;,&quot;i_align&quot;:&quot;left&quot;,&quot;i_type&quot;:&quot;fontawesome&quot;,&quot;i_icon_the7&quot;:&quot;&quot;,&quot;i_icon_fontawesome&quot;:&quot;fas fa-adjust&quot;,&quot;i_icon_openiconic&quot;:&quot;vc-oi vc-oi-dial&quot;,&quot;i_icon_typicons&quot;:&quot;typcn typcn-adjust-brightness&quot;,&quot;i_icon_entypo&quot;:&quot;entypo-icon entypo-icon-note&quot;,&quot;i_icon_linecons&quot;:&quot;vc_li vc_li-heart&quot;,&quot;i_icon_monosocial&quot;:&quot;vc-mono vc-mono-fivehundredpx&quot;,&quot;i_icon_material&quot;:&quot;vc-material vc-material-cake&quot;,&quot;i_icon_pixelicons&quot;:&quot;vc_pixel_icon vc_pixel_icon-alert&quot;,&quot;custom_onclick&quot;:&quot;&quot;,&quot;smooth_scroll&quot;:&quot;&quot;,&quot;link&quot;:&quot;url:https%3A%2F%2Fwww.iaff.org%2Fgeneral-president-fr%2F|title:LE%20PR%C3%89SIDENT%20G%C3%89N%C3%89RAL%20EDWARD%20A.%20KELLY&quot;,&quot;css&quot;:&quot;.vc_custom_1620135822047{margin-bottom: 20px !important;}&quot;,&quot;custom_onclick_code&quot;:&quot;&quot;}\"><div class=\"iaff_legacy_shortcode\" data-legacy-shortcode=\"vc_column\"><div class=\"iaff_legacy_shortcode\" data-legacy-shortcode=\"vc_btn\" data-legacy-shortcode-attrs=\"{&quot;title&quot;:&quot;English&quot;,&quot;style&quot;:&quot;flat&quot;,&quot;color&quot;:&quot;juicy-pink&quot;,&quot;link&quot;:&quot;url:https%3A%2F%2Fwww.iaff.org%2Fnews%2Fiaff-welcomes-canadian-election-result%2F|title:LE%20PR%C3%89SIDENT%20G%C3%89N%C3%89RAL%20EDWARD%20A.%20KELLY&quot;,&quot;css&quot;:&quot;.vc_custom_1632927171842{margin-bottom: 20px !important;}&quot;}\"><\/div>\n<\/div>\n<\/div><div class=\"iaff_legacy_shortcode\" data-legacy-shortcode=\"vc_row\"><div class=\"iaff_legacy_shortcode\" data-legacy-shortcode=\"vc_column\"><div class=\"iaff_legacy_shortcode\" data-legacy-shortcode=\"vc_column_text\"><p><span data-contrast=\"auto\">Heureuse des r\u00e9sultats des \u00e9lections canadiennes, l\u2019AIP est pr\u00eate \u00e0 collaborer avec le gouvernement minoritaire lib\u00e9ral et les d\u00e9put\u00e9s de tous les partis \u00e0 la progression continue des dossiers touchant les pompiers et la s\u00e9curit\u00e9 publique.<\/span><span data-ccp-props=\"{&quot;201341983&quot;:0,&quot;335559739&quot;:160,&quot;335559740&quot;:259}\">\u00a0<\/span><\/p>\n<p><span data-contrast=\"auto\">\u00ab\u202fNous f\u00e9licitons tous les d\u00e9put\u00e9s \u00e9lus \u00e0 la Chambre des communes le 20\u202fseptembre, et avons h\u00e2te de travailler avec tous les partis sur les dossiers qui importent le plus aux Canadiens, de m\u00eame que ceux que nous mettons de l\u2019avant au nom des pompiers professionnels du Canada\u202f\u00bb, dit Scott Marks, adjoint au pr\u00e9sident g\u00e9n\u00e9ral pour les op\u00e9rations canadiennes de l\u2019AIP.<\/span><span data-ccp-props=\"{&quot;201341983&quot;:0,&quot;335559739&quot;:160,&quot;335559740&quot;:259}\">\u00a0<\/span><\/p>\n<p><span data-contrast=\"auto\">Men\u00e9 par Justin Trudeau, le gouvernement lib\u00e9ral minoritaire est un prolongement de celui de\u202f2019, sous l\u2019\u00e9gide duquel d\u2019importants progr\u00e8s ont \u00e9t\u00e9 r\u00e9alis\u00e9s du c\u00f4t\u00e9 de la r\u00e9duction des m\u00e9faits caus\u00e9s par les mat\u00e9riaux ignifugeants chimiques, et de l\u2019int\u00e9gration de la s\u00e9curit\u00e9 des pompiers dans le Code national du b\u00e2timent. Au cours d\u2019\u00e9ditions r\u00e9centes de la Conf\u00e9rence l\u00e9gislative canadienne, des d\u00e9put\u00e9s de tous les partis, dont le Parti conservateur, le Nouveau parti d\u00e9mocratique (NPD), le Parti vert et le Bloc qu\u00e9b\u00e9cois, ont exprim\u00e9 leur appui par rapport \u00e0 ces enjeux.<\/span><span data-ccp-props=\"{&quot;201341983&quot;:0,&quot;335559739&quot;:160,&quot;335559740&quot;:259}\">\u00a0<\/span><\/p>\n<p><span data-contrast=\"auto\">Au cours de la\u00a0campagne\u00a0\u00e9lectorale, l\u2019AIP a sensibilis\u00e9 ses membres et le public \u00e0 propos des enjeux des pompiers, de l\u2019historique des partis quant \u00e0 l\u2019AIP et de leurs positions quant \u00e0 ces enjeux en s\u2019enregistrant aupr\u00e8s d\u2019\u00c9lections Canada en tant que tiers sous le nom de Pompiers pour le Canada.<\/span><span data-ccp-props=\"{&quot;201341983&quot;:0,&quot;335559739&quot;:160,&quot;335559740&quot;:259}\">\u00a0<\/span><\/p>\n<p><span data-contrast=\"auto\">L\u2019AIP sollicitera le Parlement nouvellement constitu\u00e9 et ses membres d\u00e8s leur entr\u00e9e en fonctions, et elle donnera voix \u00e0 des questions importantes, par exemple la formation en mati\u00e8re d\u2019intervention en milieux p\u00e9riurbains et le besoin de p\u00e9renniser le financement d\u2019urgence des municipalit\u00e9s afin qu\u2019elles puissent maintenir des services de premi\u00e8re ligne essentiels, dont la protection contre les incendies et les services m\u00e9dicaux d\u2019urgence. Apr\u00e8s deux \u00e9ditions virtuelles de la Conf\u00e9rence l\u00e9gislative canadienne virtuelle, l\u2019une ayant eu lieu en 2020 et l\u2019autre, plus t\u00f4t cette ann\u00e9e, une \u00e9dition en personne se tiendra en avril\u202f2022 \u00e0 Ottawa, pourvu que les protocoles relatifs \u00e0 la COVID-19 le permettent.<\/span><span data-ccp-props=\"{&quot;201341983&quot;:0,&quot;335559739&quot;:160,&quot;335559740&quot;:259}\">\u00a0<\/span><\/p>\n<p><span data-contrast=\"auto\">L\u2019AIP ne manque jamais d\u2019exercer son droit d\u2019action politique sur la sc\u00e8ne f\u00e9d\u00e9rale canadienne. Avant les \u00e9lections f\u00e9d\u00e9rales de\u202f2015, elle a obtenu d\u2019importants engagements tant du Parti lib\u00e9ral que du NDP quant \u00e0 certaines priorit\u00e9s cl\u00e9s des pompiers. Une fois \u00e9lu, le gouvernement lib\u00e9ral a agi rapidement sur les enjeux des pompiers et \u00e9tabli un Plan d\u2019action national pour les premiers intervenants sur le stress post-traumatique, de m\u00eame qu\u2019un Programme de subvention comm\u00e9moratif pour les premiers r\u00e9pondants, gr\u00e2ce auquel un total de 42,9\u202fmillions de dollars a \u00e9t\u00e9 vers\u00e9 aux familles de membres canadiens de l\u2019AIP ayant p\u00e9ri en service depuis le 1<\/span><span data-contrast=\"auto\">er<\/span><span data-contrast=\"auto\">\u202favril 2018.<\/span><span data-ccp-props=\"{&quot;201341983&quot;:0,&quot;335559739&quot;:160,&quot;335559740&quot;:259}\">\u00a0<\/span><\/p>\n<p><span data-contrast=\"auto\">Le gouvernement lib\u00e9ral a \u00e9galement \u00e9tabli le Jour comm\u00e9moratif national des pompiers, qui est\u00a0observ\u00e9 le deuxi\u00e8me dimanche du mois de septembre.<\/span><span data-ccp-props=\"{&quot;201341983&quot;:0,&quot;335559739&quot;:160,&quot;335559740&quot;:259}\">\u00a0<\/span><\/p>\n<p><span data-ccp-props=\"{&quot;201341983&quot;:0,&quot;335559739&quot;:160,&quot;335559740&quot;:259}\">\u00a0<\/span><\/p>\n<\/div>\n<\/div>\n<\/div><\/p>\n","protected":false},"featured_media":945,"menu_order":0,"template":"","tags":[],"class_list":["post-3456","news","type-news","status-publish","has-post-thumbnail","hentry"],"acf":[],"publishpress_future_workflow_manual_trigger":{"enabledWorkflows":[]},"_links":{"self":[{"href":"https:\/\/www.iaff.org\/fr-ca\/wp-json\/wp\/v2\/news\/3456","targetHints":{"allow":["GET"]}}],"collection":[{"href":"https:\/\/www.iaff.org\/fr-ca\/wp-json\/wp\/v2\/news"}],"about":[{"href":"https:\/\/www.iaff.org\/fr-ca\/wp-json\/wp\/v2\/types\/news"}],"version-history":[{"count":0,"href":"https:\/\/www.iaff.org\/fr-ca\/wp-json\/wp\/v2\/news\/3456\/revisions"}],"wp:featuredmedia":[{"embeddable":true,"href":"https:\/\/www.iaff.org\/fr-ca\/wp-json\/wp\/v2\/media\/945"}],"wp:attachment":[{"href":"https:\/\/www.iaff.org\/fr-ca\/wp-json\/wp\/v2\/media?parent=3456"}],"wp:term":[{"taxonomy":"post_tag","embeddable":true,"href":"https:\/\/www.iaff.org\/fr-ca\/wp-json\/wp\/v2\/tags?post=3456"}],"curies":[{"name":"wp","href":"https:\/\/api.w.org\/{rel}","templated":true}]}}