{"id":134721,"date":"2026-09-01T13:45:04","date_gmt":"2026-09-01T17:45:04","guid":{"rendered":"https:\/\/www.iaff.org\/news\/le-depute-de-burnaby-c-b-parraine-de-nouvelles-petitions-en-soutien-aux-priorites-legislatives-canadiennes-de-laip-iaff\/"},"modified":"2026-09-01T14:44:56","modified_gmt":"2026-09-01T18:44:56","slug":"le-depute-de-burnaby-c-b-parraine-de-nouvelles-petitions-en-soutien-aux-priorites-legislatives-canadiennes-de-laip-iaff","status":"publish","type":"news","link":"https:\/\/www.iaff.org\/fr-ca\/news\/le-depute-de-burnaby-c-b-parraine-de-nouvelles-petitions-en-soutien-aux-priorites-legislatives-canadiennes-de-laip-iaff\/","title":{"rendered":"Le d\u00e9put\u00e9 de Burnaby, C.-B., parraine de nouvelles p\u00e9titions en soutien aux priorit\u00e9s l\u00e9gislatives canadiennes de l&rsquo;AIP (IAFF)"},"content":{"rendered":"<section\n\t class=\"page-blocks iaff-page-blocks align wp-block-acf-page-blocks\" id=\"page-blocks_block_acb4f11e2f3ea08fd76c6a79659a7444\">\n\t<div class=\"acf-innerblocks-container\">\n<div class=\"wp-block-paragraph \">\n<p class=\"wp-block-paragraph\">Trois priorit\u00e9s l\u00e9gislatives gagnent du terrain au Parlement suite aux efforts de plaidoyer des membres de la section locale 323 de Burnaby, C.-B., lors de la Conf\u00e9rence l\u00e9gislative canadienne de l&rsquo;AIP (IAFF). <\/p>\n<\/div>\n\n<div class=\"wp-block-paragraph \">\n<p class=\"wp-block-paragraph\">Le d\u00e9put\u00e9 lib\u00e9ral Wade Chang, qui repr\u00e9sente Burnaby Centre, a parrain\u00e9 trois p\u00e9titions publiques apr\u00e8s avoir rencontr\u00e9 des membres de la section locale 323 \u00e0 Ottawa. Les p\u00e9titions appellent le gouvernement f\u00e9d\u00e9ral \u00e0 indexer le Programme de subventions comm\u00e9moratives pour les premiers r\u00e9pondants, \u00e0 am\u00e9liorer la s\u00e9curit\u00e9 des batteries au lithium-ion et \u00e0 renforcer la r\u00e9glementation canadienne en mati\u00e8re de lutte contre les incendies dans les a\u00e9roports. <a href=\"https:\/\/www.iaff.org\/wp-content\/uploads\/2026\/04\/2026-CLC-Legislative-Issues-FR.pdf\"><\/a><\/p>\n<\/div>\n\n<div class=\"wp-block-paragraph \">\n<p class=\"wp-block-paragraph\">Chaque p\u00e9tition expose les raisons pour lesquelles les r\u00e9formes sont n\u00e9cessaires et demande au gouvernement f\u00e9d\u00e9ral d\u2019agir. L\u2019AIP (IAFF) exhorte ses membres \u00e0 signer les trois p\u00e9titions et \u00e0 encourager leurs amis, leur famille et leurs coll\u00e8gues \u00e0 faire de m\u00eame. <\/p>\n<\/div>\n\n<div class=\"wp-block-paragraph \">\n<p class=\"wp-block-paragraph\">Les p\u00e9titions peuvent \u00eatre sign\u00e9es en utilisant les liens ci-dessous :<\/p>\n<\/div>\n\n<div class=\"wp-block-list\">\n<ul class=\"wp-block-list\">\n<li><a href=\"https:\/\/www.ourcommons.ca\/petitions\/en\/Petition\/Details?Petition=e-7657&amp;utm_source=brevo&amp;utm_medium=email&amp;utm_campaign=Capital%20Dispatch%20-%2082726%20-%20Convention%20Resolutions\" target=\"_blank\" rel=\"noopener\">P\u00e9tition \u00e9lectronique : Indexation du Programme de subventions comm\u00e9moratives<\/a><\/li>\n\n\n\n<li><a href=\"https:\/\/www.ourcommons.ca\/petitions\/en\/Petition\/Details?Petition=e-7656&amp;utm_source=brevo&amp;utm_medium=email&amp;utm_campaign=Capital%20Dispatch%20-%2082726%20-%20Convention%20Resolutions\" target=\"_blank\" rel=\"noopener\">P\u00e9tition \u00e9lectronique : S\u00e9curit\u00e9 des batteries au lithium-ion<\/a><\/li>\n\n\n\n<li><a href=\"https:\/\/www.ourcommons.ca\/petitions\/en\/Petition\/Details?Petition=e-7655&amp;utm_source=brevo&amp;utm_medium=email&amp;utm_campaign=Capital%20Dispatch%20-%2082726%20-%20Convention%20Resolutions\" target=\"_blank\" rel=\"noopener\">P\u00e9tition \u00e9lectronique : Renforcement de la r\u00e9glementation canadienne en mati\u00e8re de lutte contre les incendies dans les a\u00e9roports<\/a><\/li>\n<\/ul>\n<\/div>\n\n<div class=\"wp-block-paragraph \">\n<p class=\"wp-block-paragraph\">Les sections locales peuvent \u00e9galement t\u00e9l\u00e9charger et imprimer les p\u00e9titions pour les faire signer lors des r\u00e9unions syndicales et des \u00e9v\u00e9nements communautaires :<\/p>\n<\/div>\n\n<div class=\"wp-block-list\">\n<ul class=\"wp-block-list\">\n<li><a href=\"https:\/\/fadr1.r.a.d.sendibm1.com\/mk\/cl\/f\/sh\/7nVU1aA2ng01RCCnP6D6dincclReWJE\/YM-0nnQVHHwW\" target=\"_blank\" rel=\"noreferrer noopener\">P\u00e9tition papier : Indexation du Programme de subventions comm\u00e9moratives<\/a> <\/li>\n\n\n\n<li><a href=\"https:\/\/fadr1.r.a.d.sendibm1.com\/mk\/cl\/f\/sh\/7nVU1aA2ng1uQii6NfRYg57Qn7wRGFk\/_tshQe_pcleG\" target=\"_blank\" rel=\"noreferrer noopener\">P\u00e9tition papier : S\u00e9curit\u00e9 des batteries au lithium-ion<\/a><\/li>\n\n\n\n<li><a href=\"https:\/\/fadr1.r.a.d.sendibm1.com\/mk\/cl\/f\/sh\/7nVU1aA2ng3nQFDPMEg0iRRExURE0CG\/lntnQy7cIIas\" target=\"_blank\" rel=\"noopener\">P\u00e9tition papier : Renforcement de la r\u00e9glementation canadienne en mati\u00e8re de lutte contre les incendies dans les a\u00e9roports<\/a> <\/li>\n<\/ul>\n<\/div>\n\n<div class=\"wp-block-paragraph \">\n<p class=\"wp-block-paragraph\">Une fois qu&rsquo;une p\u00e9tition atteint le nombre de signatures requis \u2013 500 pour la version en ligne et 25 pour la version papier \u2013 elle sera certifi\u00e9e, ce qui obligera le gouvernement f\u00e9d\u00e9ral \u00e0 fournir une r\u00e9ponse \u00e9crite dans les 45 jours.<\/p>\n<\/div>\n\n<div class=\"wp-block-paragraph \">\n<p class=\"wp-block-paragraph\">Les p\u00e9titions resteront ouvertes aux signatures jusqu&rsquo;au 8 d\u00e9cembre 2026.<\/p>\n<\/div>\n\n<div class=\"wp-block-paragraph \">\n<p class=\"wp-block-paragraph\">\u00ab Nous sommes reconnaissants envers le d\u00e9put\u00e9 Chang et enthousiastes \u00e0 l&rsquo;\u00e9gard de cette initiative, qui fera progresser d&rsquo;importantes questions de s\u00e9curit\u00e9 pour les pompiers et le public au nom de nos membres et des membres de l&rsquo;AIP (IAFF) partout au Canada \u00bb, a d\u00e9clar\u00e9 Doug Petti, pr\u00e9sident de la section locale 323 de Burnaby.<a href=\"https:\/\/memorialgrant.ca\/\" target=\"_blank\" rel=\"noopener\"><\/a><\/p>\n<\/div>\n\n<div class=\"wp-block-paragraph \">\n<p class=\"wp-block-paragraph\">C&rsquo;est la deuxi\u00e8me fois que les pompiers de Burnaby s&rsquo;associent \u00e0 un d\u00e9put\u00e9 pour faire avancer les priorit\u00e9s de l&rsquo;AIP (IAFF) par le biais du processus de p\u00e9tition. <a href=\"https:\/\/www.iaff.org\/fr-ca\/news\/liaff-pousse-une-action-federale-face-aux-risques-emergents-auxquels-font-face-les-pompiers-au-canada\/\"><\/a><\/p>\n<\/div>\n\n\n<figure class=\"wp-block-pullquote\"><blockquote><p>Nous sommes reconnaissants envers le d\u00e9put\u00e9 Chang et enthousiastes \u00e0 l&rsquo;\u00e9gard de cette initiative, qui fera progresser d&rsquo;importantes questions de s\u00e9curit\u00e9 pour les pompiers et le public au nom de nos membres et des membres de l&rsquo;AIP (IAFF) partout au Canada.<\/p><cite>Doug Petti, pr\u00e9sident de la section locale 323 de Burnaby, C.-B.<\/cite><\/blockquote><\/figure>\n\n\n<div class=\"wp-block-paragraph \">\n<p class=\"wp-block-paragraph\">En 2024, la section locale 323 a collabor\u00e9 avec le d\u00e9put\u00e9 de l&rsquo;\u00e9poque, Peter Julian, sur une <a href=\"https:\/\/www.iaff.org\/fr-ca\/news\/les-affilies-de-la-c-b-envoient-une-petition-au-gouvernement-du-canada-pour-quil-interdise-les-spfa\/\" data-type=\"link\" data-id=\"https:\/\/www.iaff.org\/news\/bc-affiliates-petition-canadian-government-on-pfas-ban\/\">p\u00e9tition visant \u00e0 interdire les PFAS toxiques<\/a>, qui a recueilli plus de 5 000 signatures. Le 30 juin 2026, le R\u00e8glement sur l&rsquo;interdiction de certaines substances toxiques (2025) est entr\u00e9 en vigueur, r\u00e9voquant les exemptions permanentes pour trois sous-groupes majeurs de PFAS au Canada \u2013 les SPFO, les APFO et les APFC-CL. <\/p>\n<\/div>\n<\/div><\/section>\n","protected":false},"author":2017,"featured_media":134717,"menu_order":0,"template":"","tags":[118,62],"class_list":["post-134721","news","type-news","status-publish","has-post-thumbnail","hentry","tag-action-politique-canadienne","tag-canada-fr-ca"],"acf":[],"publishpress_future_workflow_manual_trigger":{"enabledWorkflows":[]},"_links":{"self":[{"href":"https:\/\/www.iaff.org\/fr-ca\/wp-json\/wp\/v2\/news\/134721","targetHints":{"allow":["GET"]}}],"collection":[{"href":"https:\/\/www.iaff.org\/fr-ca\/wp-json\/wp\/v2\/news"}],"about":[{"href":"https:\/\/www.iaff.org\/fr-ca\/wp-json\/wp\/v2\/types\/news"}],"author":[{"embeddable":true,"href":"https:\/\/www.iaff.org\/fr-ca\/wp-json\/wp\/v2\/users\/2017"}],"version-history":[{"count":3,"href":"https:\/\/www.iaff.org\/fr-ca\/wp-json\/wp\/v2\/news\/134721\/revisions"}],"predecessor-version":[{"id":134729,"href":"https:\/\/www.iaff.org\/fr-ca\/wp-json\/wp\/v2\/news\/134721\/revisions\/134729"}],"wp:featuredmedia":[{"embeddable":true,"href":"https:\/\/www.iaff.org\/fr-ca\/wp-json\/wp\/v2\/media\/134717"}],"wp:attachment":[{"href":"https:\/\/www.iaff.org\/fr-ca\/wp-json\/wp\/v2\/media?parent=134721"}],"wp:term":[{"taxonomy":"post_tag","embeddable":true,"href":"https:\/\/www.iaff.org\/fr-ca\/wp-json\/wp\/v2\/tags?post=134721"}],"curies":[{"name":"wp","href":"https:\/\/api.w.org\/{rel}","templated":true}]}}