{"id":125285,"date":"2026-05-01T11:28:33","date_gmt":"2026-05-01T15:28:33","guid":{"rendered":"https:\/\/www.iaff.org\/news\/les-pompiers-du-maryland-obtiennent-une-semaine-de-travail-de-42-heures-grace-au-plaidoyer-syndical\/"},"modified":"2026-05-01T13:28:03","modified_gmt":"2026-05-01T17:28:03","slug":"les-pompiers-du-maryland-obtiennent-une-semaine-de-travail-de-42-heures-grace-au-plaidoyer-syndical","status":"publish","type":"news","link":"https:\/\/www.iaff.org\/fr-ca\/news\/les-pompiers-du-maryland-obtiennent-une-semaine-de-travail-de-42-heures-grace-au-plaidoyer-syndical\/","title":{"rendered":"Les pompiers du Maryland obtiennent une semaine de travail de 42 heures gr\u00e2ce au plaidoyer syndical"},"content":{"rendered":"<section\n\t class=\"page-blocks iaff-page-blocks align wp-block-acf-page-blocks\" id=\"page-blocks_block_a0d9c2c078f36b663cf6a84f2672ae5c\">\n\t<div class=\"acf-innerblocks-container\">\n<div class=\"wp-block-paragraph \">\n<p><\/p>\n<\/div>\n<\/div><\/section>\n<div class=\"wp-block-paragraph \">\n<p>Le Maryland offre maintenant une semaine de travail standardis\u00e9e de 42 heures pour tous les pompiers de l\u2019\u00c9tat.  <\/p>\n<\/div><div class=\"wp-block-paragraph \">\n<p>Appuy\u00e9 par les Pompiers professionnels du Maryland (PFMD), le <a href=\"https:\/\/mgaleg.maryland.gov\/mgawebsite\/Legislation\/Details\/sb0445?ys=2026RS\" target=\"_blank\" rel=\"noreferrer noopener\">projet de loi S.B. 445<\/a>\/<a href=\"https:\/\/mgaleg.maryland.gov\/mgawebsite\/Legislation\/Details\/HB0532?ys=2026RS\" target=\"_blank\" rel=\"noreferrer noopener\">H.B. 532<\/a> a r\u00e9cemment \u00e9t\u00e9 promulgu\u00e9 par le gouverneur Wes Moore. La l\u00e9gislation exige que les employeurs paient des heures suppl\u00e9mentaires aux pompiers pour toutes les heures travaill\u00e9es au-del\u00e0 de 168 heures sur une p\u00e9riode de 28 jours.   <\/p>\n<\/div><div class=\"wp-block-paragraph \">\n<p>En pratique, cela signifie que tous les pompiers de l\u2019\u00c9tat \u2013 peu importe le comt\u00e9 ou la ville o\u00f9 ils travaillent \u2013 commenceront \u00e0 recevoir des heures suppl\u00e9mentaires apr\u00e8s avoir travaill\u00e9 42 heures par semaine.  <\/p>\n<\/div><div class=\"wp-block-paragraph \">\n<p>\u00ab Les pompiers du Maryland n\u2019h\u00e9sitent pas lorsque nos communaut\u00e9s sont en danger, et notre \u00c9tat n\u2019h\u00e9sitera pas \u00e0 leur offrir le soutien qu\u2019ils m\u00e9ritent \u00bb, a d\u00e9clar\u00e9 le gouverneur Moore. \u00ab En signant cette loi, nous vous remercions et consolidons notre partenariat ind\u00e9fectible avec les hommes et les femmes qui nous prot\u00e8gent. \u00bb   <\/p>\n<\/div><div class=\"wp-block-paragraph \">\n<p>Alors que certains pompiers \u00e0 travers le Maryland ont des semaines de 42 heures, dans des r\u00e9gions comme la ville de Baltimore ou le comt\u00e9 de Montgomery \u2013 le comt\u00e9 le plus peupl\u00e9 de l\u2019\u00c9tat \u2013 les pompiers sont forc\u00e9s de travailler 48 heures par semaine avant d\u2019\u00eatre admissibles aux heures suppl\u00e9mentaires. Ce syst\u00e8me complexe punit non seulement les premiers intervenants dans les zones \u00e0 forte population, mais contribue activement \u00e0 la p\u00e9nurie persistante de pompiers au Maryland.   <\/p>\n<\/div><div class=\"wp-block-paragraph \">\n<p>\u00ab Le PFFMD a compris d\u00e8s le d\u00e9but que cette l\u00e9gislation ne concernait pas seulement les heures suppl\u00e9mentaires \u2013 il s\u2019agissait aussi de s\u00e9curit\u00e9, de personnel et d\u2019\u00e9quit\u00e9 \u00bb, a d\u00e9clar\u00e9 le pr\u00e9sident g\u00e9n\u00e9ral Edward Kelly. \u00ab Leur engagement \u00e0 mener ce projet de loi jusqu\u2019au bout est un exemple solide de ce qu\u2019un plaidoyer d\u00e9termin\u00e9 et dirig\u00e9 par les membres peut accomplir. \u00bb   <\/p>\n<\/div>\n<figure class=\"wp-block-pullquote\"><blockquote><p>Les pompiers du Maryland n\u2019h\u00e9sitent pas lorsque nos communaut\u00e9s sont en danger, et notre \u00c9tat n\u2019h\u00e9sitera pas \u00e0 leur offrir le soutien qu\u2019ils m\u00e9ritent. En signant cette loi, nous disons merci et consolidons notre partenariat ind\u00e9fectible avec les hommes et les femmes qui nous prot\u00e8gent. <\/p><cite>Gouverneur du Maryland Wes Moore<\/cite><\/blockquote><\/figure>\n<div class=\"wp-block-paragraph \">\n<p>Le S.B. 445\/H.B. 532 \u00e9tablit une norme \u00e0 l\u2019\u00e9chelle de l\u2019\u00c9tat, garantissant que tous les pompiers du Maryland soient trait\u00e9s \u00e9quitablement.  <\/p>\n<\/div>\n<figure class=\"wp-block-image aligncenter size-large is-resized\"><img decoding=\"async\" width=\"1024\" height=\"686\" src=\"https:\/\/www.iaff.org\/wp-content\/uploads\/2026\/05\/MD3-1-1024x686.jpg\" alt=\"\" class=\"wp-image-125268\" style=\"aspect-ratio:1.4927648356686438;width:633px;height:auto\" srcset=\"https:\/\/www.iaff.org\/wp-content\/uploads\/2026\/05\/MD3-1-1024x686.jpg 1024w, https:\/\/www.iaff.org\/wp-content\/uploads\/2026\/05\/MD3-1-300x201.jpg 300w, https:\/\/www.iaff.org\/wp-content\/uploads\/2026\/05\/MD3-1-768x514.jpg 768w, https:\/\/www.iaff.org\/wp-content\/uploads\/2026\/05\/MD3-1-1536x1029.jpg 1536w, https:\/\/www.iaff.org\/wp-content\/uploads\/2026\/05\/MD3-1-2048x1372.jpg 2048w, https:\/\/www.iaff.org\/wp-content\/uploads\/2026\/05\/MD3-1-240x161.jpg 240w, https:\/\/www.iaff.org\/wp-content\/uploads\/2026\/05\/MD3-1-1194x800.jpg 1194w, https:\/\/www.iaff.org\/wp-content\/uploads\/2026\/05\/MD3-1-1209x810.jpg 1209w\" sizes=\"(max-width: 1024px) 100vw, 1024px\" \/><figcaption class=\"wp-element-caption\">Les dirigeants de la PFFMD c\u00e9l\u00e8brent sur le parquet du S\u00e9nat du Maryland.  <\/figcaption><\/figure>\n<div class=\"wp-block-paragraph \">\n<p>\u00ab Cette l\u00e9gislation historique reconna\u00eet clairement que le patchwork actuel des r\u00e8gles sur les heures suppl\u00e9mentaires pour les pompiers est in\u00e9quitable et en d\u00e9calage avec la tendance du service d\u2019incendie \u00e0 r\u00e9duire les heures de travail \u00bb, a d\u00e9clar\u00e9 le pr\u00e9sident du PFFMD, Jeffrey Buddle.  <\/p>\n<\/div><div class=\"wp-block-paragraph \">\n<p>\u00ab [Ce projet de loi] assure l\u2019\u00e9quit\u00e9 en cr\u00e9ant une norme uniforme \u00e0 l\u2019\u00e9chelle de l\u2019\u00c9tat o\u00f9 tous les pompiers sont trait\u00e9s de mani\u00e8re \u00e9gale \u00bb, a ajout\u00e9 Buddle. \u00ab Nous remercions le gouverneur Wes Moore pour son leadership fort et son soutien ind\u00e9fectible aux pompiers pour la signature de ce projet de loi. \u00bb   <\/p>\n<\/div>\n<figure class=\"wp-block-pullquote\"><blockquote><p>Le PFFMD a compris d\u00e8s le d\u00e9part que cette l\u00e9gislation ne concernait pas seulement les heures suppl\u00e9mentaires \u2013 il s\u2019agissait aussi de s\u00e9curit\u00e9, de personnel et d\u2019\u00e9quit\u00e9. Leur engagement \u00e0 mener ce projet de loi jusqu\u2019au bout est un exemple solide de ce qu\u2019un plaidoyer d\u00e9termin\u00e9 et dirig\u00e9 par les membres peut accomplir.   <\/p><cite>Pr\u00e9sident g\u00e9n\u00e9ral Edward Kelly<\/cite><\/blockquote><\/figure>\n<div class=\"wp-block-paragraph \">\n<p>La r\u00e9forme des heures suppl\u00e9mentaires a \u00e9t\u00e9 une priorit\u00e9 absolue pour le PFFMD pendant plusieurs sessions l\u00e9gislatives.  <\/p>\n<\/div><div class=\"wp-block-paragraph \">\n<p>L\u2019an dernier, une l\u00e9gislation similaire a \u00e9t\u00e9 adopt\u00e9e \u00e0 la Chambre des d\u00e9l\u00e9gu\u00e9s du Maryland par un vote de 134 contre 1, soulignant le fort soutien bipartisan \u00e0 des heures de travail \u00e9quitables pour les pompiers. Fort de cet \u00e9lan, le PFFMD a travaill\u00e9 en \u00e9troite collaboration avec les l\u00e9gislateurs des deux chambres de la l\u00e9gislature pour obtenir l\u2019adoption finale.   <\/p>\n<\/div><div class=\"wp-block-paragraph \">\n<p>Gr\u00e2ce \u00e0 leur plaidoyer soutenu et \u00e0 la construction de coalitions, leur approche a port\u00e9 ses fruits.  <\/p>\n<\/div>\n<figure class=\"wp-block-image aligncenter size-large is-resized\"><img decoding=\"async\" width=\"771\" height=\"1024\" src=\"https:\/\/www.iaff.org\/wp-content\/uploads\/2026\/05\/MD2-771x1024.jpg\" alt=\"\" class=\"wp-image-125205\" style=\"width:606px;height:auto\" srcset=\"https:\/\/www.iaff.org\/wp-content\/uploads\/2026\/05\/MD2-771x1024.jpg 771w, https:\/\/www.iaff.org\/wp-content\/uploads\/2026\/05\/MD2-226x300.jpg 226w, https:\/\/www.iaff.org\/wp-content\/uploads\/2026\/05\/MD2-768x1020.jpg 768w, https:\/\/www.iaff.org\/wp-content\/uploads\/2026\/05\/MD2-1157x1536.jpg 1157w, https:\/\/www.iaff.org\/wp-content\/uploads\/2026\/05\/MD2-181x240.jpg 181w, https:\/\/www.iaff.org\/wp-content\/uploads\/2026\/05\/MD2-603x800.jpg 603w, https:\/\/www.iaff.org\/wp-content\/uploads\/2026\/05\/MD2-610x810.jpg 610w, https:\/\/www.iaff.org\/wp-content\/uploads\/2026\/05\/MD2.jpg 1496w\" sizes=\"(max-width: 771px) 100vw, 771px\" \/><figcaption class=\"wp-element-caption\">Pantelis et Buddle s\u2019entretiennent avec les m\u00e9dias apr\u00e8s la c\u00e9r\u00e9monie de signature du projet de loi \u00e0 Annapolis.<\/figcaption><\/figure>\n<div class=\"wp-block-paragraph \">\n<p>Le vice-pr\u00e9sident du<sup>4e<\/sup> district, Andrew Pantelis, a \u00e9galement salu\u00e9 les efforts du PFFMD.  <\/p>\n<\/div><div class=\"wp-block-paragraph \">\n<p>\u00ab C\u2019est une victoire attendue depuis longtemps pour les pompiers du Maryland \u00bb, a d\u00e9clar\u00e9 Andrew Pantelis vice-pr\u00e9sident du 4e district. \u00ab Une norme \u00e9quitable \u00e0 l\u2019\u00e9chelle de l\u2019\u00c9tat signifie un meilleur soutien pour nos membres et des protections renforc\u00e9es pour les communaut\u00e9s qu\u2019ils servent.   <\/p>\n<\/div><div class=\"wp-block-paragraph \">\n<p>\u00ab Je suis incroyablement fier du travail accompli par le pr\u00e9sident Buddle, le conseil ex\u00e9cutif de la PFFMD et tous les leaders locaux de l\u2019\u00c9tat tout au long de cette longue lutte \u00bb, a-t-il d\u00e9clar\u00e9.  <\/p>\n<\/div><div class=\"wp-block-paragraph \">\n<p>Le projet de loi, intitul\u00e9 \u00ab Normes d\u2019emploi \u2013 Pompiers \u2013 Paiement des salaires et des informations sur la paie \u00bb, a \u00e9t\u00e9 pr\u00e9sent\u00e9 cette session par le s\u00e9nateur d\u2019\u00c9tat Benjamin Kramer. Le d\u00e9l\u00e9gu\u00e9 Jared Solomon a d\u00e9pos\u00e9 \u00e9galement le projet de loi compagnon \u00e0 la Chambre.   <\/p>\n<\/div><div class=\"wp-block-paragraph \">\n<p>La nouvelle loi entrera en vigueur au cours de l\u2019exercice financier 2029. Les pompiers de la ville de Baltimore ainsi que des comt\u00e9s de Montgomery, Frederick et Howard auront probablement le plus grand impact.   <\/p>\n<\/div><div class=\"wp-block-paragraph \">\n<p><\/p>\n<\/div>","protected":false},"featured_media":125209,"menu_order":0,"template":"","tags":[61,186],"class_list":["post-125285","news","type-news","status-publish","has-post-thumbnail","hentry","tag-legislation-etatsunienne","tag-securite-au-travail-fr-ca"],"acf":[],"publishpress_future_workflow_manual_trigger":{"enabledWorkflows":[]},"_links":{"self":[{"href":"https:\/\/www.iaff.org\/fr-ca\/wp-json\/wp\/v2\/news\/125285","targetHints":{"allow":["GET"]}}],"collection":[{"href":"https:\/\/www.iaff.org\/fr-ca\/wp-json\/wp\/v2\/news"}],"about":[{"href":"https:\/\/www.iaff.org\/fr-ca\/wp-json\/wp\/v2\/types\/news"}],"version-history":[{"count":1,"href":"https:\/\/www.iaff.org\/fr-ca\/wp-json\/wp\/v2\/news\/125285\/revisions"}],"predecessor-version":[{"id":125286,"href":"https:\/\/www.iaff.org\/fr-ca\/wp-json\/wp\/v2\/news\/125285\/revisions\/125286"}],"wp:featuredmedia":[{"embeddable":true,"href":"https:\/\/www.iaff.org\/fr-ca\/wp-json\/wp\/v2\/media\/125209"}],"wp:attachment":[{"href":"https:\/\/www.iaff.org\/fr-ca\/wp-json\/wp\/v2\/media?parent=125285"}],"wp:term":[{"taxonomy":"post_tag","embeddable":true,"href":"https:\/\/www.iaff.org\/fr-ca\/wp-json\/wp\/v2\/tags?post=125285"}],"curies":[{"name":"wp","href":"https:\/\/api.w.org\/{rel}","templated":true}]}}