{"id":122046,"date":"2026-03-16T09:48:31","date_gmt":"2026-03-16T13:48:31","guid":{"rendered":"https:\/\/www.iaff.org\/news\/lancien-president-des-chefs-detat-major-interarmees-joseph-dunford-prendra-la-parole-au-sommet-iaff-strive-for-excellence\/"},"modified":"2026-03-16T15:16:42","modified_gmt":"2026-03-16T19:16:42","slug":"lancien-president-des-chefs-detat-major-interarmees-joseph-dunford-prendra-la-parole-au-sommet-iaff-strive-for-excellence","status":"publish","type":"news","link":"https:\/\/www.iaff.org\/fr-ca\/news\/lancien-president-des-chefs-detat-major-interarmees-joseph-dunford-prendra-la-parole-au-sommet-iaff-strive-for-excellence\/","title":{"rendered":"L\u2019ancien pr\u00e9sident des chefs d\u2019\u00e9tat-major interarm\u00e9es, Joseph Dunford, prendra la parole au sommet AIP (IAFF) Strive for Excellence"},"content":{"rendered":"\n<figure class=\"wp-block-image alignright size-full is-resized float-none md:float-right\"><a href=\"https:\/\/www.jcs.mil\/About\/The-Joint-Staff\/Chairman\/General-Joseph-Francis-Dunford-Jr\/\" target=\"_blank\" rel=\"noopener\"><img decoding=\"async\" width=\"250\" height=\"313\" src=\"https:\/\/www.iaff.org\/wp-content\/uploads\/2026\/03\/general-joseph-francis-dunford-jr.jpg\" alt=\"\" class=\"wp-image-122054\" style=\"aspect-ratio:0.7987474837843883;width:251px;height:auto\" srcset=\"https:\/\/www.iaff.org\/wp-content\/uploads\/2026\/03\/general-joseph-francis-dunford-jr.jpg 250w, https:\/\/www.iaff.org\/wp-content\/uploads\/2026\/03\/general-joseph-francis-dunford-jr-240x300.jpg 240w, https:\/\/www.iaff.org\/wp-content\/uploads\/2026\/03\/general-joseph-francis-dunford-jr-192x240.jpg 192w\" sizes=\"(max-width: 250px) 100vw, 250px\" \/><\/a><figcaption class=\"wp-element-caption\">G\u00e9n\u00e9ral Joseph Francis Dunford, Jr.<\/figcaption><\/figure>\n<div class=\"wp-block-paragraph \">\n<p>Le g\u00e9n\u00e9ral \u00e0 la retraite <a href=\"https:\/\/www.jcs.mil\/About\/The-Joint-Staff\/Chairman\/General-Joseph-Francis-Dunford-Jr\/\" data-type=\"link\" data-id=\"https:\/\/www.jcs.mil\/About\/The-Joint-Staff\/Chairman\/General-Joseph-Francis-Dunford-Jr\/\" target=\"_blank\" rel=\"noopener\">du Corps des Marines des \u00c9tats-Unis, Joseph F. Dunford Jr.<\/a>, s\u2019adressera aux membres de l\u2019AIP (IAFF) lors du tout premier <a href=\"https:\/\/www.iaff.org\/fr-ca\/efforcez-vous\/\">sommet Strive for Excellence<\/a> ce mois-ci, partageant les le\u00e7ons tir\u00e9es de d\u00e9cennies de leadership dans des environnements \u00e0 enjeux \u00e9lev\u00e9s.<\/p>\n<\/div><div class=\"wp-block-paragraph \">\n<p>Dunford a \u00e9t\u00e9 le 19e pr\u00e9sident des chefs d\u2019\u00e9tat-major interarm\u00e9es de 2015 \u00e0 2019, servant comme principal conseiller militaire du pr\u00e9sident. Il a \u00e9t\u00e9 nomm\u00e9 par le pr\u00e9sident Barack Obama en 2015 et renomm\u00e9 pour un second mandat de deux ans par le pr\u00e9sident Donald Trump en 2017. <\/p>\n<\/div><div class=\"wp-block-paragraph \">\n<p>Au cours de sa carri\u00e8re, Dunford a \u00e9galement \u00e9t\u00e9 commandant du Corps des Marines et commandant des forces am\u00e9ricaines et de l\u2019OTAN en Afghanistan.<\/p>\n<\/div><div class=\"wp-block-paragraph \">\n<p>\u00ab Le g\u00e9n\u00e9ral Dunford a dirig\u00e9 au plus haut niveau \u00bb, a d\u00e9clar\u00e9 le pr\u00e9sident g\u00e9n\u00e9ral Edward Kelly. \u00ab Nous sommes honor\u00e9s qu\u2019il partage son point de vue sur le service avec les membres de l\u2019AIP (IAFF). \u00bb <\/p>\n<\/div><div class=\"wp-block-paragraph \">\n<p>\u00c0 partir du 29 mars \u00e0 Las Vegas, Strive for Excellence offrira plus de 100 nouveaux ateliers et cinq jours de formation pratique. C\u2019est la premi\u00e8re conf\u00e9rence de l\u2019AIP (IAFF) con\u00e7ue pour l\u2019ensemble des membres. <\/p>\n<\/div>\n<style>\n@media(max-width: 767px) {\n.wp-block-image.alignright {margin-right: auto; margin-left: auto; float: none;}\n}\n<\/style>\n","protected":false},"featured_media":115319,"menu_order":0,"template":"","tags":[68],"class_list":["post-122046","news","type-news","status-publish","has-post-thumbnail","hentry","tag-formation"],"acf":[],"publishpress_future_workflow_manual_trigger":{"enabledWorkflows":[]},"_links":{"self":[{"href":"https:\/\/www.iaff.org\/fr-ca\/wp-json\/wp\/v2\/news\/122046","targetHints":{"allow":["GET"]}}],"collection":[{"href":"https:\/\/www.iaff.org\/fr-ca\/wp-json\/wp\/v2\/news"}],"about":[{"href":"https:\/\/www.iaff.org\/fr-ca\/wp-json\/wp\/v2\/types\/news"}],"version-history":[{"count":8,"href":"https:\/\/www.iaff.org\/fr-ca\/wp-json\/wp\/v2\/news\/122046\/revisions"}],"predecessor-version":[{"id":122073,"href":"https:\/\/www.iaff.org\/fr-ca\/wp-json\/wp\/v2\/news\/122046\/revisions\/122073"}],"wp:featuredmedia":[{"embeddable":true,"href":"https:\/\/www.iaff.org\/fr-ca\/wp-json\/wp\/v2\/media\/115319"}],"wp:attachment":[{"href":"https:\/\/www.iaff.org\/fr-ca\/wp-json\/wp\/v2\/media?parent=122046"}],"wp:term":[{"taxonomy":"post_tag","embeddable":true,"href":"https:\/\/www.iaff.org\/fr-ca\/wp-json\/wp\/v2\/tags?post=122046"}],"curies":[{"name":"wp","href":"https:\/\/api.w.org\/{rel}","templated":true}]}}