{"id":121937,"date":"2026-03-12T12:52:11","date_gmt":"2026-03-12T16:52:11","guid":{"rendered":"https:\/\/www.iaff.org\/news\/les-pompiers-font-pression-sur-le-congres-sur-le-personnel-et-la-securite-lors-de-la-conference-legislative-de-liaff\/"},"modified":"2026-03-13T11:47:24","modified_gmt":"2026-03-13T15:47:24","slug":"les-pompiers-font-pression-sur-le-congres-sur-le-personnel-et-la-securite-lors-de-la-conference-legislative-de-liaff","status":"publish","type":"news","link":"https:\/\/www.iaff.org\/fr-ca\/news\/les-pompiers-font-pression-sur-le-congres-sur-le-personnel-et-la-securite-lors-de-la-conference-legislative-de-liaff\/","title":{"rendered":"Les pompiers font pression sur le Congr\u00e8s sur le personnel et la s\u00e9curit\u00e9 lors de la conf\u00e9rence l\u00e9gislative de l\u2019AIP (IAFF)"},"content":{"rendered":"<div class=\"wp-block-paragraph \">\n<p>Les pompiers de la section locale 1314 de Fall River, MA, ont r\u00e9pondu \u00e0 un incendie d\u00e9vastateur dans une r\u00e9sidence assist\u00e9e en juillet dernier, mais manquaient de personnel suffisant pour combattre les incendies et secourir les r\u00e9sidents. Neuf personnes sont mortes et plusieurs ont \u00e9t\u00e9 bless\u00e9es. <\/p>\n<\/div><div class=\"wp-block-paragraph \">\n<p>Cette semaine, des membres de la section locale 1314 ont apport\u00e9 cette exp\u00e9rience au Capitole pour la <a href=\"https:\/\/www.iaff.org\/fr-ca\/news\/le-vice-president-vance-sengage-a-continuer-de-soutenir-les-priorites-des-pompiers\/\" target=\"_blank\" rel=\"noreferrer noopener\">conf\u00e9rence l\u00e9gislative Alfred K. Whitehead,<\/a> rejoignant des centaines de membres de l\u2019AIP (IAFF) de partout aux \u00c9tats-Unis pour faire pression sur les l\u00e9gislateurs sur le personnel, la s\u00e9curit\u00e9 et les protections en milieu de travail.<\/p>\n<\/div><div class=\"wp-block-paragraph \">\n<p>\u00ab Seulement six de nos v\u00e9hicules de premi\u00e8re ligne sont dot\u00e9s de quatre pompiers. Le reste, y compris nos camions-\u00e9chelles, manque <a href=\"https:\/\/www.iaff.org\/fr-ca\/news\/un-fort-plaidoyer-syndical-mene-a-une-augmentation-critique-du-personnel-a-fall-river-apres-un-incendie-meurtrier\/\" target=\"_blank\" rel=\"noreferrer noopener\">de personnel<\/a> \u00bb, a d\u00e9clar\u00e9 le pr\u00e9sident de la section locale 1314, Michael O\u2019Reagan. <\/p>\n<\/div><div class=\"wp-block-paragraph \">\n<p>\u00ab Pire encore, nous subissons aussi le poids de la <a href=\"https:\/\/www.iaff.org\/fr-ca\/news\/la-crise-des-vehicules-dincendie-declenche-des-enquetes-des-poursuites-judiciaires-pour-la-flambee-des-prix-et-des-retards\/\" target=\"_blank\" rel=\"noreferrer noopener\">crise des appareils<\/a> \u00bb, a d\u00e9clar\u00e9 O\u2019Reagan. \u00ab Nous attendons un nouveau camion-\u00e9chelle depuis plus d\u2019un an, et nous pr\u00e9voyons attendre encore deux ans et demi. \u00bb <\/p>\n<\/div><div class=\"wp-block-paragraph \">\n<p>Plus de 700 membres de l\u2019AIP (IAFF) issus de plus de 270 sections locales ont pass\u00e9 la semaine \u00e0 promouvoir des \u00e9quipements de protection de nouvelle g\u00e9n\u00e9ration, la formation \u00e0 l\u2019intervention contre les feux de for\u00eat, la Loi sur la libert\u00e9 d\u2019expression des agents de s\u00e9curit\u00e9 publique, des protections renforc\u00e9es pour les pompiers f\u00e9d\u00e9raux et des droits nationaux \u00e0 la n\u00e9gociation collective.<\/p>\n<\/div><div class=\"wp-block-paragraph \">\n<p>Le pr\u00e9sident g\u00e9n\u00e9ral Edward Kelly a d\u00e9clar\u00e9 aux participants \u00e0 la conf\u00e9rence que le lobbying est crucial pour le b\u00e9n\u00e9fice des membres \u00e0 travers le pays.<\/p>\n<\/div><div class=\"wp-block-paragraph \">\n<p>\u00ab Lorsque vous rencontrerez vos membres du Congr\u00e8s et leurs \u00e9quipes, vous parlerez directement avec les personnes responsables des d\u00e9cisions qui affectent votre s\u00e9curit\u00e9, celle de nos familles et les communaut\u00e9s que nous avons pr\u00eat\u00e9 serment de prot\u00e9ger \u00bb, a-t-il d\u00e9clar\u00e9. \u00ab Vos histoires les aident \u00e0 comprendre les risques que nous prenons et les serments que nous pr\u00eatons en tant que pompiers. \u00bb <\/p>\n<\/div>\n<figure class=\"wp-block-gallery has-nested-images columns-default is-cropped wp-block-gallery-1 is-layout-flex wp-block-gallery-is-layout-flex\">\n<figure data-wp-context=\"{&quot;imageId&quot;:&quot;69f0ee690ef3c&quot;}\" data-wp-interactive=\"core\/image\" data-wp-key=\"69f0ee690ef3c\" class=\"wp-block-image size-large wp-lightbox-container\"><img decoding=\"async\" width=\"1024\" height=\"538\" data-wp-class--hide=\"state.isContentHidden\" data-wp-class--show=\"state.isContentVisible\" data-wp-init=\"callbacks.setButtonStyles\" data-wp-on--click=\"actions.showLightbox\" data-wp-on--load=\"callbacks.setButtonStyles\" data-wp-on-window--resize=\"callbacks.setButtonStyles\" data-id=\"121903\" src=\"https:\/\/www.iaff.org\/wp-content\/uploads\/2026\/03\/GPKelly-1024x538.jpg\" alt=\"\" class=\"wp-image-121903\" srcset=\"https:\/\/www.iaff.org\/wp-content\/uploads\/2026\/03\/GPKelly-1024x538.jpg 1024w, https:\/\/www.iaff.org\/wp-content\/uploads\/2026\/03\/GPKelly-300x158.jpg 300w, https:\/\/www.iaff.org\/wp-content\/uploads\/2026\/03\/GPKelly-768x403.jpg 768w, https:\/\/www.iaff.org\/wp-content\/uploads\/2026\/03\/GPKelly-240x126.jpg 240w, https:\/\/www.iaff.org\/wp-content\/uploads\/2026\/03\/GPKelly.jpg 1200w\" sizes=\"(max-width: 1024px) 100vw, 1024px\" \/><button\n\t\t\tclass=\"lightbox-trigger\"\n\t\t\ttype=\"button\"\n\t\t\taria-haspopup=\"dialog\"\n\t\t\taria-label=\"Enlarge\"\n\t\t\tdata-wp-init=\"callbacks.initTriggerButton\"\n\t\t\tdata-wp-on--click=\"actions.showLightbox\"\n\t\t\tdata-wp-style--right=\"state.imageButtonRight\"\n\t\t\tdata-wp-style--top=\"state.imageButtonTop\"\n\t\t>\n\t\t\t<svg xmlns=\"http:\/\/www.w3.org\/2000\/svg\" width=\"12\" height=\"12\" fill=\"none\" viewBox=\"0 0 12 12\">\n\t\t\t\t<path fill=\"#fff\" d=\"M2 0a2 2 0 0 0-2 2v2h1.5V2a.5.5 0 0 1 .5-.5h2V0H2Zm2 10.5H2a.5.5 0 0 1-.5-.5V8H0v2a2 2 0 0 0 2 2h2v-1.5ZM8 12v-1.5h2a.5.5 0 0 0 .5-.5V8H12v2a2 2 0 0 1-2 2H8Zm2-12a2 2 0 0 1 2 2v2h-1.5V2a.5.5 0 0 0-.5-.5H8V0h2Z\" \/>\n\t\t\t<\/svg>\n\t\t<\/button><figcaption class=\"wp-element-caption\">Le pr\u00e9sident g\u00e9n\u00e9ral Kelly s\u2019adresse aux participants \u00e0 la conf\u00e9rence.<\/figcaption><\/figure>\n\n\n\n<figure data-wp-context=\"{&quot;imageId&quot;:&quot;69f0ee690fb1b&quot;}\" data-wp-interactive=\"core\/image\" data-wp-key=\"69f0ee690fb1b\" class=\"wp-block-image size-large wp-lightbox-container\"><img decoding=\"async\" width=\"1024\" height=\"683\" data-wp-class--hide=\"state.isContentHidden\" data-wp-class--show=\"state.isContentVisible\" data-wp-init=\"callbacks.setButtonStyles\" data-wp-on--click=\"actions.showLightbox\" data-wp-on--load=\"callbacks.setButtonStyles\" data-wp-on-window--resize=\"callbacks.setButtonStyles\" data-id=\"121906\" src=\"https:\/\/www.iaff.org\/wp-content\/uploads\/2026\/03\/GST-Shaking-hands-1024x683.jpg\" alt=\"\" class=\"wp-image-121906\" srcset=\"https:\/\/www.iaff.org\/wp-content\/uploads\/2026\/03\/GST-Shaking-hands-1024x683.jpg 1024w, https:\/\/www.iaff.org\/wp-content\/uploads\/2026\/03\/GST-Shaking-hands-300x200.jpg 300w, https:\/\/www.iaff.org\/wp-content\/uploads\/2026\/03\/GST-Shaking-hands-768x512.jpg 768w, https:\/\/www.iaff.org\/wp-content\/uploads\/2026\/03\/GST-Shaking-hands-1536x1024.jpg 1536w, https:\/\/www.iaff.org\/wp-content\/uploads\/2026\/03\/GST-Shaking-hands-2048x1366.jpg 2048w, https:\/\/www.iaff.org\/wp-content\/uploads\/2026\/03\/GST-Shaking-hands-240x160.jpg 240w, https:\/\/www.iaff.org\/wp-content\/uploads\/2026\/03\/GST-Shaking-hands-1200x800.jpg 1200w, https:\/\/www.iaff.org\/wp-content\/uploads\/2026\/03\/GST-Shaking-hands-1215x810.jpg 1215w\" sizes=\"(max-width: 1024px) 100vw, 1024px\" \/><button\n\t\t\tclass=\"lightbox-trigger\"\n\t\t\ttype=\"button\"\n\t\t\taria-haspopup=\"dialog\"\n\t\t\taria-label=\"Enlarge\"\n\t\t\tdata-wp-init=\"callbacks.initTriggerButton\"\n\t\t\tdata-wp-on--click=\"actions.showLightbox\"\n\t\t\tdata-wp-style--right=\"state.imageButtonRight\"\n\t\t\tdata-wp-style--top=\"state.imageButtonTop\"\n\t\t>\n\t\t\t<svg xmlns=\"http:\/\/www.w3.org\/2000\/svg\" width=\"12\" height=\"12\" fill=\"none\" viewBox=\"0 0 12 12\">\n\t\t\t\t<path fill=\"#fff\" d=\"M2 0a2 2 0 0 0-2 2v2h1.5V2a.5.5 0 0 1 .5-.5h2V0H2Zm2 10.5H2a.5.5 0 0 1-.5-.5V8H0v2a2 2 0 0 0 2 2h2v-1.5ZM8 12v-1.5h2a.5.5 0 0 0 .5-.5V8H12v2a2 2 0 0 1-2 2H8Zm2-12a2 2 0 0 1 2 2v2h-1.5V2a.5.5 0 0 0-.5-.5H8V0h2Z\" \/>\n\t\t\t<\/svg>\n\t\t<\/button><figcaption class=\"wp-element-caption\">Le secr\u00e9taire g\u00e9n\u00e9ral-tr\u00e9sorier L\u00edma salue les membres et participe aux efforts de lobbying.<\/figcaption><\/figure>\n\n\n\n<figure data-wp-context=\"{&quot;imageId&quot;:&quot;69f0ee691051a&quot;}\" data-wp-interactive=\"core\/image\" data-wp-key=\"69f0ee691051a\" class=\"wp-block-image size-large wp-lightbox-container\"><img decoding=\"async\" width=\"1024\" height=\"683\" data-wp-class--hide=\"state.isContentHidden\" data-wp-class--show=\"state.isContentVisible\" data-wp-init=\"callbacks.setButtonStyles\" data-wp-on--click=\"actions.showLightbox\" data-wp-on--load=\"callbacks.setButtonStyles\" data-wp-on-window--resize=\"callbacks.setButtonStyles\" data-id=\"121889\" src=\"https:\/\/www.iaff.org\/wp-content\/uploads\/2026\/03\/MembersCapitol-1024x683.jpg\" alt=\"\" class=\"wp-image-121889\"><button\n\t\t\tclass=\"lightbox-trigger\"\n\t\t\ttype=\"button\"\n\t\t\taria-haspopup=\"dialog\"\n\t\t\taria-label=\"Enlarge\"\n\t\t\tdata-wp-init=\"callbacks.initTriggerButton\"\n\t\t\tdata-wp-on--click=\"actions.showLightbox\"\n\t\t\tdata-wp-style--right=\"state.imageButtonRight\"\n\t\t\tdata-wp-style--top=\"state.imageButtonTop\"\n\t\t>\n\t\t\t<svg xmlns=\"http:\/\/www.w3.org\/2000\/svg\" width=\"12\" height=\"12\" fill=\"none\" viewBox=\"0 0 12 12\">\n\t\t\t\t<path fill=\"#fff\" d=\"M2 0a2 2 0 0 0-2 2v2h1.5V2a.5.5 0 0 1 .5-.5h2V0H2Zm2 10.5H2a.5.5 0 0 1-.5-.5V8H0v2a2 2 0 0 0 2 2h2v-1.5ZM8 12v-1.5h2a.5.5 0 0 0 .5-.5V8H12v2a2 2 0 0 1-2 2H8Zm2-12a2 2 0 0 1 2 2v2h-1.5V2a.5.5 0 0 0-.5-.5H8V0h2Z\" \/>\n\t\t\t<\/svg>\n\t\t<\/button><figcaption class=\"wp-element-caption\">Les membres de l\u2019AIP (IAFF) sont fiers de faire du lobbying sur ces enjeux.<\/figcaption><\/figure>\n<\/figure>\n<div class=\"wp-block-paragraph \">\n<p>Le pr\u00e9sident des Minnesota Professional Fire Fighters, Scott Vadnais, a d\u00e9clar\u00e9 que les dirigeants du Congr\u00e8s \u00e9coutent vraiment, et que des relations se b\u00e2tissent qui perdurent.<\/p>\n<\/div><div class=\"wp-block-paragraph \">\n<p>\u00ab Vous savez vraiment que les politiciens vous soutiennent quand ils vous appellent pour obtenir vos conseils sur la fa\u00e7on dont ils devraient voter \u00bb, a-t-il dit.<\/p>\n<\/div><div class=\"wp-block-paragraph \">\n<p>Vadnais a soulign\u00e9 que \u2013 comme les pompiers du Massachusetts \u2013 les pompiers du Minnesota discutent avec leurs membres du Congr\u00e8s de la s\u00e9curit\u00e9 du personnel et de l\u2019importance de maintenir le financement des subventions du Staffing for Adequate Fire and Emergency Response (SAFER).<\/p>\n<\/div><div class=\"wp-block-paragraph \">\n<p>Au Minnesota, de nombreux d\u00e9partements \u00e9taient compos\u00e9s de b\u00e9n\u00e9voles jusqu\u2019\u00e0 il y a environ 15 ans. \u00c0 mesure que les services d\u2019incendie ont commenc\u00e9 \u00e0 ajouter des pompiers r\u00e9mun\u00e9r\u00e9s \u00e0 temps plein, le MPFF a commenc\u00e9 \u00e0 organiser en moyenne un nouveau local par ann\u00e9e. <\/p>\n<\/div><div class=\"wp-block-paragraph \">\n<p>\u00ab Ce que nous avons constat\u00e9, c\u2019est que de nombreuses municipalit\u00e9s et juridictions n\u2019\u00e9taient pas financi\u00e8rement pr\u00eates \u00e0 embaucher suffisamment de pompiers en m\u00eame temps. C\u2019est l\u00e0 que les subventions SAFER se sont r\u00e9v\u00e9l\u00e9es inestimables \u00bb, a d\u00e9clar\u00e9 Vadnais. \u00ab Nous sommes donc ici pour demander \u00e0 nos s\u00e9nateurs et \u00e0 la d\u00e9l\u00e9gation du Congr\u00e8s de continuer \u00e0 assurer le financement des subventions. \u00bb <\/p>\n<\/div><div class=\"wp-block-paragraph \">\n<p>Le MPFF fait \u00e9galement du lobbying pour l\u2019adoption de la Loi sur la libert\u00e9 d\u2019expression des agents de s\u00e9curit\u00e9 publique. Si elle est adopt\u00e9e, elle permettrait aux pompiers et autres membres du personnel de la s\u00e9curit\u00e9 publique de parler publiquement des enjeux li\u00e9s au travail sans craindre de repr\u00e9sailles. <\/p>\n<\/div><div class=\"wp-block-paragraph \">\n<p>Vadnais a not\u00e9 que les pompiers ont fait l\u2019objet de mesures disciplinaires pour avoir publi\u00e9 sur les r\u00e9seaux sociaux des exigences de r\u00e9sidence. L\u2019incident a d\u00e9g\u00e9n\u00e9r\u00e9 au point o\u00f9 le dossier du d\u00e9put\u00e9 \u00e9tait admissible \u00e0 la politique de tuteur de l\u2019AIP (IAFF). Un r\u00e8glement a \u00e9t\u00e9 accord\u00e9, et le pompier a \u00e9t\u00e9 transf\u00e9r\u00e9 dans un autre service.  <\/p>\n<\/div>\n<figure class=\"wp-block-gallery has-nested-images columns-default is-cropped wp-block-gallery-2 is-layout-flex wp-block-gallery-is-layout-flex\">\n<figure data-wp-context=\"{&quot;imageId&quot;:&quot;69f0ee69125f2&quot;}\" data-wp-interactive=\"core\/image\" data-wp-key=\"69f0ee69125f2\" class=\"wp-block-image size-large wp-lightbox-container\"><img decoding=\"async\" width=\"1024\" height=\"683\" data-wp-class--hide=\"state.isContentHidden\" data-wp-class--show=\"state.isContentVisible\" data-wp-init=\"callbacks.setButtonStyles\" data-wp-on--click=\"actions.showLightbox\" data-wp-on--load=\"callbacks.setButtonStyles\" data-wp-on-window--resize=\"callbacks.setButtonStyles\" data-id=\"121893\" src=\"https:\/\/www.iaff.org\/wp-content\/uploads\/2026\/03\/George-Richards-1024x683.jpg\" alt=\"\" class=\"wp-image-121893\" srcset=\"https:\/\/www.iaff.org\/wp-content\/uploads\/2026\/03\/George-Richards-1024x683.jpg 1024w, https:\/\/www.iaff.org\/wp-content\/uploads\/2026\/03\/George-Richards-300x200.jpg 300w, https:\/\/www.iaff.org\/wp-content\/uploads\/2026\/03\/George-Richards-768x512.jpg 768w, https:\/\/www.iaff.org\/wp-content\/uploads\/2026\/03\/George-Richards-1536x1024.jpg 1536w, https:\/\/www.iaff.org\/wp-content\/uploads\/2026\/03\/George-Richards-2048x1366.jpg 2048w, https:\/\/www.iaff.org\/wp-content\/uploads\/2026\/03\/George-Richards-240x160.jpg 240w, https:\/\/www.iaff.org\/wp-content\/uploads\/2026\/03\/George-Richards-1200x800.jpg 1200w, https:\/\/www.iaff.org\/wp-content\/uploads\/2026\/03\/George-Richards-1215x810.jpg 1215w\" sizes=\"(max-width: 1024px) 100vw, 1024px\" \/><button\n\t\t\tclass=\"lightbox-trigger\"\n\t\t\ttype=\"button\"\n\t\t\taria-haspopup=\"dialog\"\n\t\t\taria-label=\"Enlarge\"\n\t\t\tdata-wp-init=\"callbacks.initTriggerButton\"\n\t\t\tdata-wp-on--click=\"actions.showLightbox\"\n\t\t\tdata-wp-style--right=\"state.imageButtonRight\"\n\t\t\tdata-wp-style--top=\"state.imageButtonTop\"\n\t\t>\n\t\t\t<svg xmlns=\"http:\/\/www.w3.org\/2000\/svg\" width=\"12\" height=\"12\" fill=\"none\" viewBox=\"0 0 12 12\">\n\t\t\t\t<path fill=\"#fff\" d=\"M2 0a2 2 0 0 0-2 2v2h1.5V2a.5.5 0 0 1 .5-.5h2V0H2Zm2 10.5H2a.5.5 0 0 1-.5-.5V8H0v2a2 2 0 0 0 2 2h2v-1.5ZM8 12v-1.5h2a.5.5 0 0 0 .5-.5V8H12v2a2 2 0 0 1-2 2H8Zm2-12a2 2 0 0 1 2 2v2h-1.5V2a.5.5 0 0 0-.5-.5H8V0h2Z\" \/>\n\t\t\t<\/svg>\n\t\t<\/button><figcaption class=\"wp-element-caption\">Le pr\u00e9sident du Conseil des pompiers de l\u2019\u00c9tat du Montana, Richards, fait du lobbying au nom de ses membres.<\/figcaption><\/figure>\n\n\n\n<figure data-wp-context=\"{&quot;imageId&quot;:&quot;69f0ee6912faa&quot;}\" data-wp-interactive=\"core\/image\" data-wp-key=\"69f0ee6912faa\" class=\"wp-block-image size-large wp-lightbox-container\"><img decoding=\"async\" width=\"1024\" height=\"683\" data-wp-class--hide=\"state.isContentHidden\" data-wp-class--show=\"state.isContentVisible\" data-wp-init=\"callbacks.setButtonStyles\" data-wp-on--click=\"actions.showLightbox\" data-wp-on--load=\"callbacks.setButtonStyles\" data-wp-on-window--resize=\"callbacks.setButtonStyles\" data-id=\"121896\" src=\"https:\/\/www.iaff.org\/wp-content\/uploads\/2026\/03\/KT-3441-1024x683.jpg\" alt=\"\" class=\"wp-image-121896\" srcset=\"https:\/\/www.iaff.org\/wp-content\/uploads\/2026\/03\/KT-3441-1024x683.jpg 1024w, https:\/\/www.iaff.org\/wp-content\/uploads\/2026\/03\/KT-3441-300x200.jpg 300w, https:\/\/www.iaff.org\/wp-content\/uploads\/2026\/03\/KT-3441-768x512.jpg 768w, https:\/\/www.iaff.org\/wp-content\/uploads\/2026\/03\/KT-3441-1536x1024.jpg 1536w, https:\/\/www.iaff.org\/wp-content\/uploads\/2026\/03\/KT-3441-2048x1366.jpg 2048w, https:\/\/www.iaff.org\/wp-content\/uploads\/2026\/03\/KT-3441-240x160.jpg 240w, https:\/\/www.iaff.org\/wp-content\/uploads\/2026\/03\/KT-3441-1200x800.jpg 1200w, https:\/\/www.iaff.org\/wp-content\/uploads\/2026\/03\/KT-3441-1215x810.jpg 1215w\" sizes=\"(max-width: 1024px) 100vw, 1024px\" \/><button\n\t\t\tclass=\"lightbox-trigger\"\n\t\t\ttype=\"button\"\n\t\t\taria-haspopup=\"dialog\"\n\t\t\taria-label=\"Enlarge\"\n\t\t\tdata-wp-init=\"callbacks.initTriggerButton\"\n\t\t\tdata-wp-on--click=\"actions.showLightbox\"\n\t\t\tdata-wp-style--right=\"state.imageButtonRight\"\n\t\t\tdata-wp-style--top=\"state.imageButtonTop\"\n\t\t>\n\t\t\t<svg xmlns=\"http:\/\/www.w3.org\/2000\/svg\" width=\"12\" height=\"12\" fill=\"none\" viewBox=\"0 0 12 12\">\n\t\t\t\t<path fill=\"#fff\" d=\"M2 0a2 2 0 0 0-2 2v2h1.5V2a.5.5 0 0 1 .5-.5h2V0H2Zm2 10.5H2a.5.5 0 0 1-.5-.5V8H0v2a2 2 0 0 0 2 2h2v-1.5ZM8 12v-1.5h2a.5.5 0 0 0 .5-.5V8H12v2a2 2 0 0 1-2 2H8Zm2-12a2 2 0 0 1 2 2v2h-1.5V2a.5.5 0 0 0-.5-.5H8V0h2Z\" \/>\n\t\t\t<\/svg>\n\t\t<\/button><figcaption class=\"wp-element-caption\">Les membres de l\u2019AIP (IAFF) \u00e9coutent les derni\u00e8res informations sur les priorit\u00e9s de l\u2019AIP (IAFF).  <\/figcaption><\/figure>\n\n\n\n<figure data-wp-context=\"{&quot;imageId&quot;:&quot;69f0ee691393e&quot;}\" data-wp-interactive=\"core\/image\" data-wp-key=\"69f0ee691393e\" class=\"wp-block-image size-large wp-lightbox-container\"><img decoding=\"async\" width=\"1024\" height=\"683\" data-wp-class--hide=\"state.isContentHidden\" data-wp-class--show=\"state.isContentVisible\" data-wp-init=\"callbacks.setButtonStyles\" data-wp-on--click=\"actions.showLightbox\" data-wp-on--load=\"callbacks.setButtonStyles\" data-wp-on-window--resize=\"callbacks.setButtonStyles\" data-id=\"121899\" src=\"https:\/\/www.iaff.org\/wp-content\/uploads\/2026\/03\/IssuesBook-1024x683.jpg\" alt=\"\" class=\"wp-image-121899\" srcset=\"https:\/\/www.iaff.org\/wp-content\/uploads\/2026\/03\/IssuesBook-1024x683.jpg 1024w, https:\/\/www.iaff.org\/wp-content\/uploads\/2026\/03\/IssuesBook-300x200.jpg 300w, https:\/\/www.iaff.org\/wp-content\/uploads\/2026\/03\/IssuesBook-768x512.jpg 768w, https:\/\/www.iaff.org\/wp-content\/uploads\/2026\/03\/IssuesBook-1536x1024.jpg 1536w, https:\/\/www.iaff.org\/wp-content\/uploads\/2026\/03\/IssuesBook-2048x1366.jpg 2048w, https:\/\/www.iaff.org\/wp-content\/uploads\/2026\/03\/IssuesBook-240x160.jpg 240w, https:\/\/www.iaff.org\/wp-content\/uploads\/2026\/03\/IssuesBook-1200x800.jpg 1200w, https:\/\/www.iaff.org\/wp-content\/uploads\/2026\/03\/IssuesBook-1215x810.jpg 1215w\" sizes=\"(max-width: 1024px) 100vw, 1024px\" \/><button\n\t\t\tclass=\"lightbox-trigger\"\n\t\t\ttype=\"button\"\n\t\t\taria-haspopup=\"dialog\"\n\t\t\taria-label=\"Enlarge\"\n\t\t\tdata-wp-init=\"callbacks.initTriggerButton\"\n\t\t\tdata-wp-on--click=\"actions.showLightbox\"\n\t\t\tdata-wp-style--right=\"state.imageButtonRight\"\n\t\t\tdata-wp-style--top=\"state.imageButtonTop\"\n\t\t>\n\t\t\t<svg xmlns=\"http:\/\/www.w3.org\/2000\/svg\" width=\"12\" height=\"12\" fill=\"none\" viewBox=\"0 0 12 12\">\n\t\t\t\t<path fill=\"#fff\" d=\"M2 0a2 2 0 0 0-2 2v2h1.5V2a.5.5 0 0 1 .5-.5h2V0H2Zm2 10.5H2a.5.5 0 0 1-.5-.5V8H0v2a2 2 0 0 0 2 2h2v-1.5ZM8 12v-1.5h2a.5.5 0 0 0 .5-.5V8H12v2a2 2 0 0 1-2 2H8Zm2-12a2 2 0 0 1 2 2v2h-1.5V2a.5.5 0 0 0-.5-.5H8V0h2Z\" \/>\n\t\t\t<\/svg>\n\t\t<\/button><figcaption class=\"wp-element-caption\">Les membres de l\u2019AIP (IAFF) utilisent le manuel des priorit\u00e9s pour les guider tout au long de la semaine.<\/figcaption><\/figure>\n<\/figure>\n<div class=\"wp-block-paragraph \">\n<p>Le pr\u00e9sident du Conseil des pompiers de l\u2019\u00c9tat du Montana, George Richards, a d\u00e9clar\u00e9 que la libert\u00e9 d\u2019expression \u00e9tait aussi un enjeu dans son \u00c9tat.<\/p>\n<\/div><div class=\"wp-block-paragraph \">\n<p>\u00ab Cette question a d\u00e9pass\u00e9 les dirigeants syndicaux de notre \u00c9tat. M\u00eame les pompiers qui ont exprim\u00e9 des pr\u00e9occupations concernant le respect des codes du b\u00e2timent ont subi des r\u00e9actions n\u00e9gatives \u00bb, a d\u00e9clar\u00e9 Richards.<\/p>\n<\/div><div class=\"wp-block-paragraph \">\n<p>Richards esp\u00e8re aussi que sa d\u00e9l\u00e9gation au Congr\u00e8s aidera \u00e0 r\u00e9pondre \u00e0 l\u2019une de leurs plus grandes pr\u00e9occupations : assurer la couverture de l\u2019indemnisation des travailleurs pour les pompiers diagnostiqu\u00e9s avec un trouble de stress post-traumatique.<\/p>\n<\/div><div class=\"wp-block-paragraph \">\n<p>\u00ab Nous avons re\u00e7u un soutien massif dans les deux chambres de la l\u00e9gislature de l\u2019\u00c9tat, mais le gouverneur a oppos\u00e9 son veto au projet de loi \u00bb, a-t-il d\u00e9clar\u00e9. \u00ab Nos membres sont expos\u00e9s \u00e0 des traumatismes au quotidien. Ils devraient pouvoir obtenir l\u2019aide dont ils ont besoin pour se r\u00e9tablir et retourner au travail. \u00bb <\/p>\n<\/div><div class=\"wp-block-paragraph \">\n<p>La plupart des r\u00e9unions avec les dirigeants du Congr\u00e8s se sont termin\u00e9es mercredi apr\u00e8s-midi. Mais ces liens politiques importants sont maintenant \u00e9tablis pour de nombreux affili\u00e9s de l\u2019AIP (IAFF), ce qui permettra \u00e0 ces discussions de se poursuivre m\u00eame apr\u00e8s leur retour dans leurs \u00c9tats et communaut\u00e9s d\u2019origine. <\/p>\n<\/div><div class=\"wp-block-paragraph \">\n<p>\u00ab Ne vous y trompez pas, ces victoires n\u2019arrivent que si les pompiers arrivent et font entendre leur voix \u00bb, a d\u00e9clar\u00e9 Kelly. \u00ab Et c\u2019est pourquoi nous sommes \u00e0 Washington cette semaine, parce que le travail que nous devons faire continue.   <\/p>\n<\/div>","protected":false},"featured_media":121910,"menu_order":0,"template":"","tags":[61],"class_list":["post-121937","news","type-news","status-publish","has-post-thumbnail","hentry","tag-legislation-etatsunienne"],"acf":[],"publishpress_future_workflow_manual_trigger":{"enabledWorkflows":[]},"_links":{"self":[{"href":"https:\/\/www.iaff.org\/fr-ca\/wp-json\/wp\/v2\/news\/121937","targetHints":{"allow":["GET"]}}],"collection":[{"href":"https:\/\/www.iaff.org\/fr-ca\/wp-json\/wp\/v2\/news"}],"about":[{"href":"https:\/\/www.iaff.org\/fr-ca\/wp-json\/wp\/v2\/types\/news"}],"version-history":[{"count":10,"href":"https:\/\/www.iaff.org\/fr-ca\/wp-json\/wp\/v2\/news\/121937\/revisions"}],"predecessor-version":[{"id":121997,"href":"https:\/\/www.iaff.org\/fr-ca\/wp-json\/wp\/v2\/news\/121937\/revisions\/121997"}],"wp:featuredmedia":[{"embeddable":true,"href":"https:\/\/www.iaff.org\/fr-ca\/wp-json\/wp\/v2\/media\/121910"}],"wp:attachment":[{"href":"https:\/\/www.iaff.org\/fr-ca\/wp-json\/wp\/v2\/media?parent=121937"}],"wp:term":[{"taxonomy":"post_tag","embeddable":true,"href":"https:\/\/www.iaff.org\/fr-ca\/wp-json\/wp\/v2\/tags?post=121937"}],"curies":[{"name":"wp","href":"https:\/\/api.w.org\/{rel}","templated":true}]}}