{"id":119848,"date":"2026-01-23T14:56:31","date_gmt":"2026-01-23T19:56:31","guid":{"rendered":"https:\/\/www.iaff.org\/news\/le-syndicat-lance-un-effort-referendaire-pour-reparer-le-personnel-des-pompiers-de-la-ville-de-los-angeles\/"},"modified":"2026-01-26T15:02:52","modified_gmt":"2026-01-26T20:02:52","slug":"le-syndicat-lance-un-effort-referendaire-pour-reparer-le-personnel-des-pompiers-de-la-ville-de-los-angeles","status":"publish","type":"news","link":"https:\/\/www.iaff.org\/fr-ca\/news\/le-syndicat-lance-un-effort-referendaire-pour-reparer-le-personnel-des-pompiers-de-la-ville-de-los-angeles\/","title":{"rendered":"Le syndicat lance un effort r\u00e9f\u00e9rendaire pour r\u00e9parer le personnel des pompiers de la ville de Los Angeles"},"content":{"rendered":"<section\n\t class=\"page-blocks iaff-page-blocks align wp-block-acf-page-blocks\" id=\"page-blocks_block_160a12539b552aa056ab7da571930c0b\">\n\t<div class=\"acf-innerblocks-container\">\n<div class=\"wp-block-paragraph \">\n<p><\/p>\n<\/div>\n<\/div><\/section>\n<div class=\"wp-block-paragraph \">\n<p>Los Angeles r\u00e9pond \u00e0 plus de cinq fois plus d\u2019appels d\u2019urgence qu\u2019elle ne le faisait dans les ann\u00e9es 1960 \u2013 avec pratiquement le m\u00eame nombre de pompiers.  <\/p>\n<\/div><div class=\"wp-block-paragraph \">\n<p>Aujourd\u2019hui, la section locale 112 de United Fire Fighters of Los Angeles (UFLAC), avec un fort soutien de l\u2019IAFF, lance une initiative r\u00e9f\u00e9rendaire pour inverser des d\u00e9cennies de sous-investissement dans le service d\u2019incendie de Los Angeles (LAFD). Lors d\u2019une r\u00e9cente conf\u00e9rence de presse, le secr\u00e9taire g\u00e9n\u00e9ral-tr\u00e9sorier de l\u2019IAFF, Frank L\u00edma \u2013 capitaine II du LAFD \u2013 s\u2019est joint aux dirigeants et membres de la section locale 112 pour annoncer l\u2019initiative \u2013 une mesure qui permettrait d\u2019amasser des centaines de millions de dollars de nouveaux fonds annuels pour le service d\u2019incendie. Si les \u00e9lecteurs l\u2019approuvent, les fonds serviraient \u00e0 embaucher des pompiers suppl\u00e9mentaires, construire de nouvelles casernes, acheter des appareils, engager des m\u00e9caniciens (SEIU Local 721) et acheter l\u2019\u00e9quipement n\u00e9cessaire pour prot\u00e9ger la deuxi\u00e8me plus grande ville des \u00c9tats-Unis.  <\/p>\n<\/div><div class=\"wp-block-paragraph \">\n<p>\u00ab Le personnel est un enjeu national, mais les probl\u00e8mes ici \u00e0 Los Angeles sont pires que dans n\u2019importe quelle autre grande ville am\u00e9ricaine \u00bb, a d\u00e9clar\u00e9 L\u00edma. \u00ab L\u2019UFLAC bat le tambour depuis des d\u00e9cennies \u2013 mais 60 ans de sous-investissement dans le LAFD ont prouv\u00e9 que cette ville est incapable de financer correctement son service d\u2019incendie. \u00bb   <\/p>\n<\/div><div class=\"wp-block-paragraph \">\n<p>\u00ab Nous devons faire adopter cette mesure r\u00e9f\u00e9rendaire, et nous devons financer correctement le LAFD. \u00bb  <\/p>\n<\/div><div class=\"wp-block-paragraph \">\n<p>Une \u00e9tude de 2024 sur les syst\u00e8mes d\u2019information g\u00e9ographique (SIG) men\u00e9e par l\u2019IAFF a soulign\u00e9 l\u2019ampleur du probl\u00e8me. L\u2019analyse a r\u00e9v\u00e9l\u00e9 que Los Angeles devrait ajouter 4 000 nouveaux pompiers \u2013 soit pr\u00e8s du double du personnel actuel \u2013 pour r\u00e9pondre aux normes de la NFPA. L\u2019\u00e9tude a \u00e9galement identifi\u00e9 le besoin de plus de 60 nouvelles casernes pour servir ad\u00e9quatement la ville.  <\/p>\n<\/div>\n<figure class=\"wp-block-pullquote\"><blockquote><p>Le personnel est un enjeu \u00e0 l\u2019\u00e9chelle nationale, mais les probl\u00e8mes ici \u00e0 Los Angeles sont pires que dans n\u2019importe quelle autre grande ville am\u00e9ricaine. L\u2019UFLAC frappe le tambour depuis des d\u00e9cennies \u2013 mais 60 ans de sous-investissement dans le LAFD ont prouv\u00e9 que cette ville est incapable de financer correctement son service d\u2019incendie. <\/p><cite>Secr\u00e9taire g\u00e9n\u00e9ral-tr\u00e9sorier de l\u2019IAFF, Frank L\u00edma<\/cite><\/blockquote><\/figure>\n<div class=\"wp-block-paragraph \">\n<p>En 1960, Los Angeles comptait pr\u00e8s de 3 400 pompiers pour prot\u00e9ger plus de 2,4 millions de r\u00e9sidents. Aujourd\u2019hui, malgr\u00e9 environ 1,5 million de personnes suppl\u00e9mentaires, la ville compte presque autant de pompiers.   <\/p>\n<\/div><div class=\"wp-block-paragraph \">\n<p>Le volume d\u2019appels a augment\u00e9 encore plus rapidement. Dans les ann\u00e9es 1960, le LAFD r\u00e9pondait \u00e0 environ 100 000 appels par ann\u00e9e. En 2025, ce nombre avait d\u00e9pass\u00e9 500 000.  <\/p>\n<\/div><div class=\"wp-block-paragraph \">\n<p>\u00ab Nous avons cinq fois plus de charge d\u2019appels, six casernes de moins que dans les ann\u00e9es 1960, et 42 pompiers de moins que lors de l\u2019incendie de Palisades \u00bb, a d\u00e9clar\u00e9 le pr\u00e9sident par int\u00e9rim de la section locale 112, Doug Coates. \u00ab Quelque chose doit changer. \u00bb   <\/p>\n<\/div><div class=\"wp-block-paragraph \">\n<p>La mesure est appuy\u00e9e par plusieurs responsables municipaux et provinciaux, dont la mairesse Karen Bass, la conseill\u00e8re municipale Traci Park et le chef du LAFD Jamie Moore. Le Local recueille 154 000 signatures afin de qualifier la mesure pour l\u2019\u00e9lection de 2026.  <\/p>\n<\/div>\n<figure class=\"wp-block-pullquote\"><blockquote><p>On a la moiti\u00e9 des pompiers n\u00e9cessaires pour garder L.A. en s\u00e9curit\u00e9. Cette campagne aidera non seulement le LAFD, mais elle aidera aussi les citoyens de Los Angeles. <\/p><cite>Pr\u00e9sident par int\u00e9rim de la section locale 112 de l\u2019IAFF de l\u2019UFLAC, Doug Coates<\/cite><\/blockquote><\/figure>\n<div class=\"wp-block-paragraph \">\n<p>En collaboration avec la section locale 112 et les responsables municipaux, le personnel de l\u2019administration des subventions de l\u2019IAFF a r\u00e9cemment aid\u00e9 le LAFD \u00e0 obtenir un financement de 4 millions de dollars dans le cadre du programme f\u00e9d\u00e9ral Staffing for Adequate Fire and Emergency Response (SAFER).  <\/p>\n<\/div><div class=\"wp-block-paragraph \">\n<p>L\u2019IAFF a jou\u00e9 un r\u00f4le cl\u00e9 pour aider \u00e0 obtenir des dizaines de millions de subventions f\u00e9d\u00e9rales pour Los Angeles, en travaillant en \u00e9troite collaboration avec la section locale 112 et les dirigeants municipaux. Ce financement a contribu\u00e9 \u00e0 compenser les impacts des compressions budg\u00e9taires de la ville en 2010, en restaurant le camion-\u00e9chelle 38 et les camions 1, 20, 73, 75 et 207, et en soutenant l\u2019embauche de 50 pompiers suppl\u00e9mentaires. <\/p>\n<\/div><div class=\"wp-block-paragraph \">\n<p>Le r\u00e9cent prix SAFER financera l\u2019embauche de 12 pompiers suppl\u00e9mentaires pour assurer le personnel d\u2019une nouvelle compagnie de moteurs au Bureau des op\u00e9rations de la vall\u00e9e \u2013 une recommandation cl\u00e9 du rapport sur les normes de couverture de l\u2019IAFF, qui a jet\u00e9 les bases de la mesure r\u00e9f\u00e9rendaire actuelle.<\/p>\n<\/div><div class=\"wp-block-paragraph \">\n<p>Les membres de la section locale 112 esp\u00e8rent que cet \u00e9lan leur donnera les ressources durables n\u00e9cessaires pour enfin s\u2019attaquer au manque chronique de personnel.  <\/p>\n<\/div><div class=\"wp-block-paragraph \">\n<p>\u00ab Nous avons la moiti\u00e9 des pompiers dont nous avons besoin pour assurer la s\u00e9curit\u00e9 de L.A. \u00bb, a d\u00e9clar\u00e9 Coates. \u00ab Cette campagne aidera non seulement le LAFD, mais elle aidera aussi les citoyens de Los Angeles. \u00bb <\/p>\n<\/div>","protected":false},"featured_media":119821,"menu_order":0,"template":"","tags":[116,186],"class_list":["post-119848","news","type-news","status-publish","has-post-thumbnail","hentry","tag-action-politique-etatsunienne","tag-securite-au-travail-fr-ca"],"acf":[],"publishpress_future_workflow_manual_trigger":{"enabledWorkflows":[]},"_links":{"self":[{"href":"https:\/\/www.iaff.org\/fr-ca\/wp-json\/wp\/v2\/news\/119848","targetHints":{"allow":["GET"]}}],"collection":[{"href":"https:\/\/www.iaff.org\/fr-ca\/wp-json\/wp\/v2\/news"}],"about":[{"href":"https:\/\/www.iaff.org\/fr-ca\/wp-json\/wp\/v2\/types\/news"}],"version-history":[{"count":0,"href":"https:\/\/www.iaff.org\/fr-ca\/wp-json\/wp\/v2\/news\/119848\/revisions"}],"wp:featuredmedia":[{"embeddable":true,"href":"https:\/\/www.iaff.org\/fr-ca\/wp-json\/wp\/v2\/media\/119821"}],"wp:attachment":[{"href":"https:\/\/www.iaff.org\/fr-ca\/wp-json\/wp\/v2\/media?parent=119848"}],"wp:term":[{"taxonomy":"post_tag","embeddable":true,"href":"https:\/\/www.iaff.org\/fr-ca\/wp-json\/wp\/v2\/tags?post=119848"}],"curies":[{"name":"wp","href":"https:\/\/api.w.org\/{rel}","templated":true}]}}