{"id":119842,"date":"2026-01-23T13:47:28","date_gmt":"2026-01-23T18:47:28","guid":{"rendered":"https:\/\/www.iaff.org\/news\/dennis-lloyd-chef-de-bataillon-canadien-a-la-retraite-et-leader-syndical-de-liaff-decede\/"},"modified":"2026-01-23T15:17:02","modified_gmt":"2026-01-23T20:17:02","slug":"dennis-lloyd-chef-de-bataillon-canadien-a-la-retraite-et-leader-syndical-de-liaff-decede","status":"publish","type":"news","link":"https:\/\/www.iaff.org\/fr-ca\/news\/dennis-lloyd-chef-de-bataillon-canadien-a-la-retraite-et-leader-syndical-de-liaff-decede\/","title":{"rendered":"Dennis Lloyd, chef de bataillon canadien \u00e0 la retraite et leader syndical de l\u2019IAFF, d\u00e9c\u00e8de"},"content":{"rendered":"<section\n\t class=\"page-blocks iaff-page-blocks align wp-block-acf-page-blocks\" id=\"page-blocks_block_dd362070db53d559bc214e465b0061a9\">\n\t<div class=\"acf-innerblocks-container\">\n<div class=\"wp-block-paragraph \">\n<p>Pendant plus de six d\u00e9cennies, Dennis Lloyd a contribu\u00e9 \u00e0 fa\u00e7onner le service d\u2019incendie et le mouvement ouvrier \u00e0 Winnipeg et partout au Canada.  <\/p>\n<\/div>\n\n<div class=\"wp-block-paragraph \">\n<p>Le chef de bataillon \u00e0 la retraite, pr\u00e9sident \u00e9m\u00e9rite de la section locale 867 de Winnipeg, Manitoba et administrateur \u00e9m\u00e9rite canadien de l\u2019IAFF, est d\u00e9c\u00e9d\u00e9 mardi \u00e0 l\u2019\u00e2ge de 87 ans, laissant un h\u00e9ritage qui a influenc\u00e9 des g\u00e9n\u00e9rations de membres et de dirigeants de l\u2019IAFF.  <\/p>\n<\/div>\n\n<div class=\"wp-block-paragraph \">\n<p>\u00ab Les d\u00e9cennies de service du fr\u00e8re Lloyd \u00e0 l\u2019IAFF ont renforc\u00e9 notre syndicat et notre profession \u00bb, a d\u00e9clar\u00e9 le pr\u00e9sident g\u00e9n\u00e9ral Edward Kelly. \u00ab Son engagement n\u2019a jamais faibli, et nous en sommes tous meilleurs. \u00bb   <\/p>\n<\/div>\n\n<div class=\"wp-block-paragraph \">\n<p>Lloyd a commenc\u00e9 sa carri\u00e8re au service des pompiers de Winnipeg en 1959, et bien qu\u2019il ait gravi les \u00e9chelons du service, c\u2019est son service syndical qui a d\u00e9fini une grande partie de son \u0153uvre. Il est devenu administrateur en 1992.   <\/p>\n<\/div>\n\n\n<figure class=\"wp-block-pullquote\"><blockquote><p>Les d\u00e9cennies de service du fr\u00e8re Lloyd \u00e0 l\u2019IAFF ont renforc\u00e9 notre syndicat et notre profession. Son engagement n\u2019a jamais faibli, et nous en sommes tous mieux. <\/p><cite>Le pr\u00e9sident g\u00e9n\u00e9ral Edward Kelly  <\/cite><\/blockquote><\/figure>\n\n\n\n<figure class=\"wp-block-gallery has-nested-images columns-default is-cropped wp-block-gallery-1 is-layout-flex wp-block-gallery-is-layout-flex\">\n<figure data-wp-context=\"{&quot;imageId&quot;:&quot;69f4f178724d6&quot;}\" data-wp-interactive=\"core\/image\" data-wp-key=\"69f4f178724d6\" class=\"wp-block-image size-large wp-lightbox-container\"><img decoding=\"async\" width=\"768\" height=\"1024\" data-wp-class--hide=\"state.isContentHidden\" data-wp-class--show=\"state.isContentVisible\" data-wp-init=\"callbacks.setButtonStyles\" data-wp-on--click=\"actions.showLightbox\" data-wp-on--load=\"callbacks.setButtonStyles\" data-wp-on-window--resize=\"callbacks.setButtonStyles\" data-id=\"119793\" src=\"https:\/\/www.iaff.org\/wp-content\/uploads\/2026\/01\/IMG_2336-768x1024.jpeg\" alt=\"\" class=\"wp-image-119793\"><button\n\t\t\tclass=\"lightbox-trigger\"\n\t\t\ttype=\"button\"\n\t\t\taria-haspopup=\"dialog\"\n\t\t\taria-label=\"Enlarge\"\n\t\t\tdata-wp-init=\"callbacks.initTriggerButton\"\n\t\t\tdata-wp-on--click=\"actions.showLightbox\"\n\t\t\tdata-wp-style--right=\"state.imageButtonRight\"\n\t\t\tdata-wp-style--top=\"state.imageButtonTop\"\n\t\t>\n\t\t\t<svg xmlns=\"http:\/\/www.w3.org\/2000\/svg\" width=\"12\" height=\"12\" fill=\"none\" viewBox=\"0 0 12 12\">\n\t\t\t\t<path fill=\"#fff\" d=\"M2 0a2 2 0 0 0-2 2v2h1.5V2a.5.5 0 0 1 .5-.5h2V0H2Zm2 10.5H2a.5.5 0 0 1-.5-.5V8H0v2a2 2 0 0 0 2 2h2v-1.5ZM8 12v-1.5h2a.5.5 0 0 0 .5-.5V8H12v2a2 2 0 0 1-2 2H8Zm2-12a2 2 0 0 1 2 2v2h-1.5V2a.5.5 0 0 0-.5-.5H8V0h2Z\" \/>\n\t\t\t<\/svg>\n\t\t<\/button><figcaption class=\"wp-element-caption\">Dennis Lloyd sur une photo r\u00e9cente partag\u00e9e par le pr\u00e9sident de la section locale 867, Nick Kasper.<\/figcaption><\/figure>\n\n\n\n<figure data-wp-context=\"{&quot;imageId&quot;:&quot;69f4f17872d91&quot;}\" data-wp-interactive=\"core\/image\" data-wp-key=\"69f4f17872d91\" class=\"wp-block-image size-large wp-lightbox-container\"><img decoding=\"async\" width=\"1024\" height=\"768\" data-wp-class--hide=\"state.isContentHidden\" data-wp-class--show=\"state.isContentVisible\" data-wp-init=\"callbacks.setButtonStyles\" data-wp-on--click=\"actions.showLightbox\" data-wp-on--load=\"callbacks.setButtonStyles\" data-wp-on-window--resize=\"callbacks.setButtonStyles\" data-id=\"119790\" src=\"https:\/\/www.iaff.org\/wp-content\/uploads\/2026\/01\/IMG_2327-1024x768.jpeg\" alt=\"\" class=\"wp-image-119790\"><button\n\t\t\tclass=\"lightbox-trigger\"\n\t\t\ttype=\"button\"\n\t\t\taria-haspopup=\"dialog\"\n\t\t\taria-label=\"Enlarge\"\n\t\t\tdata-wp-init=\"callbacks.initTriggerButton\"\n\t\t\tdata-wp-on--click=\"actions.showLightbox\"\n\t\t\tdata-wp-style--right=\"state.imageButtonRight\"\n\t\t\tdata-wp-style--top=\"state.imageButtonTop\"\n\t\t>\n\t\t\t<svg xmlns=\"http:\/\/www.w3.org\/2000\/svg\" width=\"12\" height=\"12\" fill=\"none\" viewBox=\"0 0 12 12\">\n\t\t\t\t<path fill=\"#fff\" d=\"M2 0a2 2 0 0 0-2 2v2h1.5V2a.5.5 0 0 1 .5-.5h2V0H2Zm2 10.5H2a.5.5 0 0 1-.5-.5V8H0v2a2 2 0 0 0 2 2h2v-1.5ZM8 12v-1.5h2a.5.5 0 0 0 .5-.5V8H12v2a2 2 0 0 1-2 2H8Zm2-12a2 2 0 0 1 2 2v2h-1.5V2a.5.5 0 0 0-.5-.5H8V0h2Z\" \/>\n\t\t\t<\/svg>\n\t\t<\/button><figcaption class=\"wp-element-caption\">Lloyd avec des membres de la section locale 867.<\/figcaption><\/figure>\n<\/figure>\n\n\n<div class=\"wp-block-paragraph \">\n<p>\u00ab Dennis comprenait que les syndicats sont construits par des gens qui se soucient profond\u00e9ment et qui se pr\u00e9sentent constamment \u00bb, a d\u00e9clar\u00e9 le pr\u00e9sident de la section locale 867, Nick Kasper. \u00ab Il a consacr\u00e9 sa vie \u00e0 am\u00e9liorer le service d\u2019incendie et \u00e0 prot\u00e9ger les pompiers, et il n\u2019a jamais cess\u00e9 de croire en l\u2019importance de rester unis. Son influence se fait encore sentir chaque jour dans notre local. \u00bb   <\/p>\n<\/div>\n\n<div class=\"wp-block-paragraph \">\n<p>Ceux qui ont servi \u00e0 ses c\u00f4t\u00e9s se souviennent d\u2019un leader qui comprenait non seulement o\u00f9 le syndicat devait aller, mais aussi o\u00f9 il avait commenc\u00e9, et pourquoi cette histoire comptait. Le vice-pr\u00e9sident du 13e district, Fred LeBlanc, se souvient de Lloyd non seulement comme un leader, mais aussi comme un enseignant. <s>:<\/s>  <\/p>\n<\/div>\n\n<div class=\"wp-block-paragraph \">\n<p>\u00ab Mon exp\u00e9rience avec Dennis a inclus de nombreuses discussions au fil des ans lors de divers \u00e9v\u00e9nements o\u00f9 il partageait l\u2019histoire de l\u2019IAFF \u00e0 sa mani\u00e8re habituelle et amusante \u00bb, a d\u00e9clar\u00e9 LeBlanc. \u00ab J\u2019ai toujours appr\u00e9ci\u00e9 d\u2019apprendre cette histoire pour mieux comprendre o\u00f9 nous devions aller en tant qu\u2019union.   <\/p>\n<\/div>\n\n<div class=\"wp-block-paragraph \">\n<p>\u00ab J\u2019ai toujours eu l\u2019impression que je ne parlais pas seulement avec lui, mais que j\u2019apprenais aussi de lui \u00bb, ajouta-t-il. \u00ab J\u2019adorais son sens de l\u2019humour, et il avait toujours un bon instinct pour faire ce qui \u00e9tait juste. \u00bb   <\/p>\n<\/div>\n\n\n<figure class=\"wp-block-pullquote\"><blockquote><p>J\u2019ai toujours eu l\u2019impression que je ne parlais pas seulement avec lui, mais que j\u2019apprenais aussi de lui. J\u2019aimais son sens de l\u2019humour, et il avait toujours un bon instinct pour faire ce qui \u00e9tait juste.   <br\/><\/p><cite>Vice-pr\u00e9sident du 13e district, Fred LeBlanc<\/cite><\/blockquote><\/figure>\n\n\n\n<figure data-wp-context=\"{&quot;imageId&quot;:&quot;69f4f178743e7&quot;}\" data-wp-interactive=\"core\/image\" data-wp-key=\"69f4f178743e7\" class=\"wp-block-image aligncenter size-full is-resized wp-lightbox-container\"><img decoding=\"async\" width=\"960\" height=\"896\" data-wp-class--hide=\"state.isContentHidden\" data-wp-class--show=\"state.isContentVisible\" data-wp-init=\"callbacks.setButtonStyles\" data-wp-on--click=\"actions.showLightbox\" data-wp-on--load=\"callbacks.setButtonStyles\" data-wp-on-window--resize=\"callbacks.setButtonStyles\" src=\"https:\/\/www.iaff.org\/wp-content\/uploads\/2026\/01\/Dennis-Anniversary.jpg\" alt=\"\" class=\"wp-image-119796\" style=\"width:271px;height:auto\" srcset=\"https:\/\/www.iaff.org\/wp-content\/uploads\/2026\/01\/Dennis-Anniversary.jpg 960w, https:\/\/www.iaff.org\/wp-content\/uploads\/2026\/01\/Dennis-Anniversary-300x280.jpg 300w, https:\/\/www.iaff.org\/wp-content\/uploads\/2026\/01\/Dennis-Anniversary-768x717.jpg 768w, https:\/\/www.iaff.org\/wp-content\/uploads\/2026\/01\/Dennis-Anniversary-240x224.jpg 240w, https:\/\/www.iaff.org\/wp-content\/uploads\/2026\/01\/Dennis-Anniversary-857x800.jpg 857w, https:\/\/www.iaff.org\/wp-content\/uploads\/2026\/01\/Dennis-Anniversary-868x810.jpg 868w\" sizes=\"(max-width: 960px) 100vw, 960px\" \/><button\n\t\t\tclass=\"lightbox-trigger\"\n\t\t\ttype=\"button\"\n\t\t\taria-haspopup=\"dialog\"\n\t\t\taria-label=\"Enlarge\"\n\t\t\tdata-wp-init=\"callbacks.initTriggerButton\"\n\t\t\tdata-wp-on--click=\"actions.showLightbox\"\n\t\t\tdata-wp-style--right=\"state.imageButtonRight\"\n\t\t\tdata-wp-style--top=\"state.imageButtonTop\"\n\t\t>\n\t\t\t<svg xmlns=\"http:\/\/www.w3.org\/2000\/svg\" width=\"12\" height=\"12\" fill=\"none\" viewBox=\"0 0 12 12\">\n\t\t\t\t<path fill=\"#fff\" d=\"M2 0a2 2 0 0 0-2 2v2h1.5V2a.5.5 0 0 1 .5-.5h2V0H2Zm2 10.5H2a.5.5 0 0 1-.5-.5V8H0v2a2 2 0 0 0 2 2h2v-1.5ZM8 12v-1.5h2a.5.5 0 0 0 .5-.5V8H12v2a2 2 0 0 1-2 2H8Zm2-12a2 2 0 0 1 2 2v2h-1.5V2a.5.5 0 0 0-.5-.5H8V0h2Z\" \/>\n\t\t\t<\/svg>\n\t\t<\/button><figcaption class=\"wp-element-caption\">Dennis et sa femme depuis 65 ans, Doreen.<\/figcaption><\/figure>\n\n\n<div class=\"wp-block-paragraph \">\n<p>Lloyd a \u00e9t\u00e9 vice-pr\u00e9sident de la section locale 867 de 1972 \u00e0 1976, puis pr\u00e9sident jusqu\u2019en 1994. Il a contribu\u00e9 \u00e0 b\u00e2tir une base en d\u00e9fendant des conditions de travail \u00e9quitables et en faisant progresser les efforts du syndicat pour prot\u00e9ger ses membres.   <\/p>\n<\/div>\n\n<div class=\"wp-block-paragraph \">\n<p>Cet engagement allait bien au-del\u00e0 de Winnipeg.  <\/p>\n<\/div>\n\n<div class=\"wp-block-paragraph \">\n<p>Au sein de l\u2019IAFF, Lloyd s\u2019est fait conna\u00eetre comme un leader syndical r\u00e9fl\u00e9chi et engag\u00e9 qui n\u2019a jamais perdu de vue la vision d\u2019ensemble pour prot\u00e9ger la sant\u00e9, la s\u00e9curit\u00e9 et la dignit\u00e9 des membres de l\u2019IAFF. Son influence s\u2019est fait sentir \u00e0 travers le Canada et dans toute l\u2019IAFF.   <\/p>\n<\/div>\n\n<div class=\"wp-block-paragraph \">\n<p>Lloyd est rest\u00e9 un membre loyal et fier de la section locale 867 bien apr\u00e8s sa retraite.  <\/p>\n<\/div>\n\n<div class=\"wp-block-paragraph \">\n<p>\u00ab Nous veillerons \u00e0 ce que son h\u00e9ritage de service, de leadership et de solidarit\u00e9 perdure au sein de l\u2019UFFW, de l\u2019IAFF et de la communaut\u00e9 des pompiers en g\u00e9n\u00e9ral \u00bb, a d\u00e9clar\u00e9 Kasper. \u00ab Qu\u2019il repose en paix, sachant qu\u2019il ne sera jamais oubli\u00e9. \u00bb   <\/p>\n<\/div>\n\n<div class=\"wp-block-paragraph \">\n<p>Lloyd laisse dans le deuil son \u00e9pouse Doreen depuis 65 ans, leur fille Lisa, leurs fils David et Doug ainsi que leurs petits-enfants.  <\/p>\n<\/div>\n<\/div><\/section>\n","protected":false},"featured_media":119800,"menu_order":0,"template":"","tags":[62],"class_list":["post-119842","news","type-news","status-publish","has-post-thumbnail","hentry","tag-canada-fr-ca"],"acf":[],"publishpress_future_workflow_manual_trigger":{"enabledWorkflows":[]},"_links":{"self":[{"href":"https:\/\/www.iaff.org\/fr-ca\/wp-json\/wp\/v2\/news\/119842","targetHints":{"allow":["GET"]}}],"collection":[{"href":"https:\/\/www.iaff.org\/fr-ca\/wp-json\/wp\/v2\/news"}],"about":[{"href":"https:\/\/www.iaff.org\/fr-ca\/wp-json\/wp\/v2\/types\/news"}],"version-history":[{"count":0,"href":"https:\/\/www.iaff.org\/fr-ca\/wp-json\/wp\/v2\/news\/119842\/revisions"}],"wp:featuredmedia":[{"embeddable":true,"href":"https:\/\/www.iaff.org\/fr-ca\/wp-json\/wp\/v2\/media\/119800"}],"wp:attachment":[{"href":"https:\/\/www.iaff.org\/fr-ca\/wp-json\/wp\/v2\/media?parent=119842"}],"wp:term":[{"taxonomy":"post_tag","embeddable":true,"href":"https:\/\/www.iaff.org\/fr-ca\/wp-json\/wp\/v2\/tags?post=119842"}],"curies":[{"name":"wp","href":"https:\/\/api.w.org\/{rel}","templated":true}]}}