{"id":119391,"date":"2026-01-09T12:11:33","date_gmt":"2026-01-09T17:11:33","guid":{"rendered":"https:\/\/www.iaff.org\/news\/un-pompier-recoit-une-transplantation-hepatique-vitale-apres-quun-autre-membre-de-liaff-se-soit-manifeste\/"},"modified":"2026-01-09T13:48:24","modified_gmt":"2026-01-09T18:48:24","slug":"un-pompier-recoit-une-transplantation-hepatique-vitale-apres-quun-autre-membre-de-liaff-se-soit-manifeste","status":"publish","type":"news","link":"https:\/\/www.iaff.org\/fr-ca\/news\/un-pompier-recoit-une-transplantation-hepatique-vitale-apres-quun-autre-membre-de-liaff-se-soit-manifeste\/","title":{"rendered":"Un pompier re\u00e7oit une transplantation h\u00e9patique vitale apr\u00e8s qu\u2019un autre membre de l\u2019IAFF se soit manifest\u00e9"},"content":{"rendered":"<section\n\t class=\"page-blocks iaff-page-blocks align wp-block-acf-page-blocks\" id=\"page-blocks_block_62fa4a3b4155d56629c6d927a44614d4\">\n\t<div class=\"acf-innerblocks-container\">\n<div class=\"wp-block-paragraph \">\n<p>Pour Dan Carr, pompier\/ambulancier et administrateur du comt\u00e9 d\u2019Allegany, MD, section locale 1715, le chemin vers une greffe de foie vitale a commenc\u00e9 avec un sympt\u00f4me qui semblait inoffensif.  <\/p>\n<\/div>\n\n<div class=\"wp-block-paragraph \">\n<p>\u00ab \u00c7a a commenc\u00e9 tr\u00e8s simplement \u00bb, a dit Carr. \u00ab Mon corps me d\u00e9mangeait, alors je suis all\u00e9e voir un dermatologue parce que je pensais que c\u2019\u00e9tait li\u00e9 \u00e0 la peau. \u00bb   <\/p>\n<\/div>\n\n<div class=\"wp-block-paragraph \">\n<p>Carr a ensuite \u00e9t\u00e9 diagnostiqu\u00e9 avec une cholangite scl\u00e9rosante primaire (PSC), une maladie rare du foie caus\u00e9e par l\u2019inflammation des voies biliaires. Avec le temps, les cicatrices et le r\u00e9tr\u00e9cissement des canaux endommagent le foie, r\u00e9duisant sa capacit\u00e9 \u00e0 filtrer le sang et \u00e0 faciliter la digestion.   <\/p>\n<\/div>\n\n<div class=\"wp-block-paragraph \">\n<p>Selon la <a href=\"https:\/\/www.mayoclinic.org\/diseases-conditions\/primary-sclerosing-cholangitis\/symptoms-causes\/syc-20355797\" target=\"_blank\" rel=\"noreferrer noopener\">Mayo Clinic<\/a>, le PSC est rare, touchant jusqu\u2019\u00e0 1 personne sur 10 000.  <\/p>\n<\/div>\n\n<div class=\"wp-block-paragraph \">\n<p>\u00ab Le seul rem\u00e8de \u00e0 cela est une greffe de foie \u00bb, a d\u00e9clar\u00e9 Carr.  <\/p>\n<\/div>\n\n<div class=\"wp-block-paragraph \">\n<p>L\u2019\u00e9tat de Carr s\u2019est aggrav\u00e9 lorsqu\u2019il a d\u00e9velopp\u00e9 un cholangiocarcinome, un type de cancer des voies biliaires caus\u00e9 par la CSP. Plac\u00e9 sur la liste des transplant\u00e9s \u00e0 Pittsburgh, son histoire s\u2019est rapidement r\u00e9pandue dans la communaut\u00e9 des pompiers via les r\u00e9seaux sociaux. Il a attir\u00e9 l\u2019attention de Stacey Holden, pompier\/param\u00e9dic \u00e0 Annapolis, MD, section locale 1926.    <\/p>\n<\/div>\n\n<div class=\"wp-block-paragraph \">\n<p>\u00ab Je faisais juste d\u00e9filer les r\u00e9seaux sociaux avant de me pr\u00e9parer \u00e0 aller me coucher, et je suis tomb\u00e9e sur la publication qui disait qu\u2019un autre membre de l\u2019IAFF ici au Maryland avait besoin d\u2019un donneur vivant d\u2019organes pour un foie \u00bb, a-t-elle dit.  <\/p>\n<\/div>\n\n\n<figure data-wp-context=\"{&quot;imageId&quot;:&quot;69f5b52f59d7a&quot;}\" data-wp-interactive=\"core\/image\" data-wp-key=\"69f5b52f59d7a\" class=\"wp-block-image aligncenter size-full is-resized wp-lightbox-container\"><img decoding=\"async\" width=\"1000\" height=\"548\" data-wp-class--hide=\"state.isContentHidden\" data-wp-class--show=\"state.isContentVisible\" data-wp-init=\"callbacks.setButtonStyles\" data-wp-on--click=\"actions.showLightbox\" data-wp-on--load=\"callbacks.setButtonStyles\" data-wp-on-window--resize=\"callbacks.setButtonStyles\" src=\"https:\/\/www.iaff.org\/wp-content\/uploads\/2026\/01\/Graphic-photo-Dan-and-Stacey.jpg\" alt=\"\" class=\"wp-image-119376\" style=\"width:354px;height:auto\" srcset=\"https:\/\/www.iaff.org\/wp-content\/uploads\/2026\/01\/Graphic-photo-Dan-and-Stacey.jpg 1000w, https:\/\/www.iaff.org\/wp-content\/uploads\/2026\/01\/Graphic-photo-Dan-and-Stacey-300x164.jpg 300w, https:\/\/www.iaff.org\/wp-content\/uploads\/2026\/01\/Graphic-photo-Dan-and-Stacey-768x421.jpg 768w, https:\/\/www.iaff.org\/wp-content\/uploads\/2026\/01\/Graphic-photo-Dan-and-Stacey-240x132.jpg 240w\" sizes=\"(max-width: 1000px) 100vw, 1000px\" \/><button\n\t\t\tclass=\"lightbox-trigger\"\n\t\t\ttype=\"button\"\n\t\t\taria-haspopup=\"dialog\"\n\t\t\taria-label=\"Enlarge\"\n\t\t\tdata-wp-init=\"callbacks.initTriggerButton\"\n\t\t\tdata-wp-on--click=\"actions.showLightbox\"\n\t\t\tdata-wp-style--right=\"state.imageButtonRight\"\n\t\t\tdata-wp-style--top=\"state.imageButtonTop\"\n\t\t>\n\t\t\t<svg xmlns=\"http:\/\/www.w3.org\/2000\/svg\" width=\"12\" height=\"12\" fill=\"none\" viewBox=\"0 0 12 12\">\n\t\t\t\t<path fill=\"#fff\" d=\"M2 0a2 2 0 0 0-2 2v2h1.5V2a.5.5 0 0 1 .5-.5h2V0H2Zm2 10.5H2a.5.5 0 0 1-.5-.5V8H0v2a2 2 0 0 0 2 2h2v-1.5ZM8 12v-1.5h2a.5.5 0 0 0 .5-.5V8H12v2a2 2 0 0 1-2 2H8Zm2-12a2 2 0 0 1 2 2v2h-1.5V2a.5.5 0 0 0-.5-.5H8V0h2Z\" \/>\n\t\t\t<\/svg>\n\t\t<\/button><figcaption class=\"wp-element-caption\">Holden et Carr pendant l\u2019entrevue.<\/figcaption><\/figure>\n\n\n<div class=\"wp-block-paragraph \">\n<p>Elle a soumis une demande de renseignements et a attendu pendant des mois jusqu\u2019\u00e0 ce qu\u2019elle re\u00e7oive l\u2019appel confirmant qu\u2019elle \u00e9tait un donneur compatible.  <\/p>\n<\/div>\n\n<div class=\"wp-block-paragraph \">\n<p>\u00ab C\u2019\u00e9tait une sensation absolument incroyable \u00bb, a d\u00e9clar\u00e9 Holden. \u00ab Qu\u2019ils pensent que j\u2019allais \u00eatre un bon choix, je me suis senti tr\u00e8s reconnaissant et honor\u00e9. \u00bb   <\/p>\n<\/div>\n\n<div class=\"wp-block-paragraph \">\n<p>La chirurgie \u00e9tait pr\u00e9vue juste avant l\u2019Action de gr\u00e2ce. Carr a d\u00e9couvert l\u2019identit\u00e9 de son donneur pendant sa convalescence aux soins intensifs.   <\/p>\n<\/div>\n\n\n<figure class=\"wp-block-pullquote\"><blockquote><p>Voil\u00e0 \u00e0 quoi ressemblent la fraternit\u00e9 et la sororit\u00e9 en action \u2013 des pompiers qui prennent soin des pompiers, sans h\u00e9sitation.<\/p><cite>Pr\u00e9sident de la section locale 1715, Steve Corioni  <\/cite><\/blockquote><\/figure>\n\n\n<div class=\"wp-block-paragraph \">\n<p>\u00ab \u00c7a m\u2019a juste fait pleurer, honn\u00eatement. Juste la compassion, l\u2019altruisme. C\u2019est tout ce que repr\u00e9sente le service d\u2019incendie et d\u2019EMS \u00bb, a d\u00e9clar\u00e9 Carr.  <\/p>\n<\/div>\n\n<div class=\"wp-block-paragraph \">\n<p>Maintenant en convalescence, Carr affirme que la greffe lui a redonn\u00e9 la vie.  <\/p>\n<\/div>\n\n<div class=\"wp-block-paragraph \">\n<p>\u00ab Pour la premi\u00e8re fois depuis des ann\u00e9es, je me sens moi-m\u00eame \u00e0 nouveau \u00bb, dit-il. \u00ab Je me r\u00e9veille chaque jour avec un sourire sur le visage. J\u2019ai h\u00e2te de retrouver de l\u2019\u00e9nergie et de retourner au travail. \u00bb  <\/p>\n<\/div>\n\n<div class=\"wp-block-paragraph \">\n<p>Holden affirme que cette exp\u00e9rience a renforc\u00e9 la raison pour laquelle elle a rejoint le service d\u2019incendie. \u00ab C\u2019est d\u00e9finitivement un sentiment de fiert\u00e9 ainsi que de savoir que vous avez tout fait pour aider la vie d\u2019un autre pompier \u00bb, a-t-elle dit.   <\/p>\n<\/div>\n\n\n<figure data-wp-context=\"{&quot;imageId&quot;:&quot;69f5b52f5a912&quot;}\" data-wp-interactive=\"core\/image\" data-wp-key=\"69f5b52f5a912\" class=\"wp-block-image aligncenter size-large is-resized wp-lightbox-container\"><img decoding=\"async\" width=\"935\" height=\"1024\" data-wp-class--hide=\"state.isContentHidden\" data-wp-class--show=\"state.isContentVisible\" data-wp-init=\"callbacks.setButtonStyles\" data-wp-on--click=\"actions.showLightbox\" data-wp-on--load=\"callbacks.setButtonStyles\" data-wp-on-window--resize=\"callbacks.setButtonStyles\" src=\"https:\/\/www.iaff.org\/wp-content\/uploads\/2026\/01\/Dan-Carr-2-935x1024.jpeg\" alt=\"\" class=\"wp-image-119373\" style=\"width:247px;height:auto\" srcset=\"https:\/\/www.iaff.org\/wp-content\/uploads\/2026\/01\/Dan-Carr-2-935x1024.jpeg 935w, https:\/\/www.iaff.org\/wp-content\/uploads\/2026\/01\/Dan-Carr-2-274x300.jpeg 274w, https:\/\/www.iaff.org\/wp-content\/uploads\/2026\/01\/Dan-Carr-2-768x841.jpeg 768w, https:\/\/www.iaff.org\/wp-content\/uploads\/2026\/01\/Dan-Carr-2-219x240.jpeg 219w, https:\/\/www.iaff.org\/wp-content\/uploads\/2026\/01\/Dan-Carr-2-731x800.jpeg 731w, https:\/\/www.iaff.org\/wp-content\/uploads\/2026\/01\/Dan-Carr-2-740x810.jpeg 740w, https:\/\/www.iaff.org\/wp-content\/uploads\/2026\/01\/Dan-Carr-2.jpeg 1000w\" sizes=\"(max-width: 935px) 100vw, 935px\" \/><button\n\t\t\tclass=\"lightbox-trigger\"\n\t\t\ttype=\"button\"\n\t\t\taria-haspopup=\"dialog\"\n\t\t\taria-label=\"Enlarge\"\n\t\t\tdata-wp-init=\"callbacks.initTriggerButton\"\n\t\t\tdata-wp-on--click=\"actions.showLightbox\"\n\t\t\tdata-wp-style--right=\"state.imageButtonRight\"\n\t\t\tdata-wp-style--top=\"state.imageButtonTop\"\n\t\t>\n\t\t\t<svg xmlns=\"http:\/\/www.w3.org\/2000\/svg\" width=\"12\" height=\"12\" fill=\"none\" viewBox=\"0 0 12 12\">\n\t\t\t\t<path fill=\"#fff\" d=\"M2 0a2 2 0 0 0-2 2v2h1.5V2a.5.5 0 0 1 .5-.5h2V0H2Zm2 10.5H2a.5.5 0 0 1-.5-.5V8H0v2a2 2 0 0 0 2 2h2v-1.5ZM8 12v-1.5h2a.5.5 0 0 0 .5-.5V8H12v2a2 2 0 0 1-2 2H8Zm2-12a2 2 0 0 1 2 2v2h-1.5V2a.5.5 0 0 0-.5-.5H8V0h2Z\" \/>\n\t\t\t<\/svg>\n\t\t<\/button><figcaption class=\"wp-element-caption\">Carr \u00e0 la caserne.<\/figcaption><\/figure>\n\n\n<div class=\"wp-block-paragraph \">\n<p>Le pr\u00e9sident de la section locale 1926, Joe Pilat, a salu\u00e9 cette loi.  <\/p>\n<\/div>\n\n<div class=\"wp-block-paragraph \">\n<p>\u00ab La d\u00e9cision de Stacey de devenir donneuse vivante de foie pour un autre membre de l\u2019IAFF, Dan Carr, est l\u2019un des actes les plus d\u00e9sint\u00e9ress\u00e9s que l\u2019un d\u2019entre nous aura jamais vus \u00bb, a-t-il d\u00e9clar\u00e9. \u00ab Son courage et sa compassion incarnent le meilleur du service d\u2019incendie et nous rappellent ce qu\u2019est la v\u00e9ritable fraternit\u00e9 et la sororit\u00e9. \u00bb  <\/p>\n<\/div>\n\n<div class=\"wp-block-paragraph \">\n<p>Le pr\u00e9sident de la section locale 1715, Steve Corioni, a partag\u00e9 ce sentiment.  <\/p>\n<\/div>\n\n<div class=\"wp-block-paragraph \">\n<p>\u00ab Les actions entreprises par Stacey Holden et la famille du service d\u2019incendie d\u2019Annapolis repr\u00e9sentent le meilleur du service d\u2019incendie \u00bb, a d\u00e9clar\u00e9 Corioni. \u00ab Voil\u00e0 \u00e0 quoi ressemble la fraternit\u00e9 et la sororit\u00e9 en action \u2013 des pompiers qui s\u2019occupent des pompiers, sans h\u00e9sitation. \u00bb   <\/p>\n<\/div>\n\n<div class=\"wp-block-paragraph \">\n<p>Carr parle maintenant ouvertement du pouvoir du don d\u2019organes.  <\/p>\n<\/div>\n\n<div class=\"wp-block-paragraph \">\n<p>\u00ab Quand j\u2019ai obtenu mon permis de conduire \u00e0 16 ans, je me suis inscrit pour devenir donneur d\u2019organes \u00bb, a-t-il d\u00e9clar\u00e9. \u00ab Puis, dans la vingtaine, j\u2019ai d\u00e9cid\u00e9 que je ne voulais plus \u00eatre donneur d\u2019organes, et j\u2019ai honte d\u2019avoir pris cette d\u00e9cision. Je suis de nouveau donneur d\u2019organes, et je suis un d\u00e9fenseur de ce projet. \u00c9videmment, \u00e7a m\u2019a sauv\u00e9 la vie. \u00bb   <\/p>\n<\/div>\n\n<div class=\"wp-block-paragraph \">\n<p>Pour Carr et Holden, cette exp\u00e9rience a cr\u00e9\u00e9 un lien durable.  <\/p>\n<\/div>\n\n<div class=\"wp-block-paragraph \">\n<p>\u00ab Elle fait maintenant partie de ma famille pour la vie \u00bb, a d\u00e9clar\u00e9 Carr.  <\/p>\n<\/div>\n<\/div><\/section>\n","protected":false},"featured_media":119385,"menu_order":0,"template":"","tags":[112],"class_list":["post-119391","news","type-news","status-publish","has-post-thumbnail","hentry","tag-redonner"],"acf":[],"publishpress_future_workflow_manual_trigger":{"enabledWorkflows":[]},"_links":{"self":[{"href":"https:\/\/www.iaff.org\/fr-ca\/wp-json\/wp\/v2\/news\/119391","targetHints":{"allow":["GET"]}}],"collection":[{"href":"https:\/\/www.iaff.org\/fr-ca\/wp-json\/wp\/v2\/news"}],"about":[{"href":"https:\/\/www.iaff.org\/fr-ca\/wp-json\/wp\/v2\/types\/news"}],"version-history":[{"count":0,"href":"https:\/\/www.iaff.org\/fr-ca\/wp-json\/wp\/v2\/news\/119391\/revisions"}],"wp:featuredmedia":[{"embeddable":true,"href":"https:\/\/www.iaff.org\/fr-ca\/wp-json\/wp\/v2\/media\/119385"}],"wp:attachment":[{"href":"https:\/\/www.iaff.org\/fr-ca\/wp-json\/wp\/v2\/media?parent=119391"}],"wp:term":[{"taxonomy":"post_tag","embeddable":true,"href":"https:\/\/www.iaff.org\/fr-ca\/wp-json\/wp\/v2\/tags?post=119391"}],"curies":[{"name":"wp","href":"https:\/\/api.w.org\/{rel}","templated":true}]}}