{"id":119034,"date":"2025-12-22T15:39:57","date_gmt":"2025-12-22T20:39:57","guid":{"rendered":"https:\/\/www.iaff.org\/news\/winnipeg-accepte-un-renforcement-historique-du-personnel-apres-une-campagne-soutenue-par-liaff\/"},"modified":"2026-01-05T09:17:04","modified_gmt":"2026-01-05T14:17:04","slug":"winnipeg-accepte-un-renforcement-historique-du-personnel-apres-une-campagne-soutenue-par-liaff","status":"publish","type":"news","link":"https:\/\/www.iaff.org\/fr-ca\/news\/winnipeg-accepte-un-renforcement-historique-du-personnel-apres-une-campagne-soutenue-par-liaff\/","title":{"rendered":"Winnipeg accepte un renforcement historique du personnel apr\u00e8s une campagne soutenue par l\u2019IAFF"},"content":{"rendered":"<section\n\t class=\"page-blocks iaff-page-blocks align wp-block-acf-page-blocks\" id=\"page-blocks_block_e8bf8e43dfe9bf45e9553c148ce1b7c8\">\n\t<div class=\"acf-innerblocks-container\">\n<div class=\"wp-block-paragraph \">\n<p>Les pompiers de Winnipeg, Man. c\u00e9l\u00e8brent une victoire historique pour la s\u00e9curit\u00e9 publique et des pompiers \u00e0 la suite d\u2019une campagne de plusieurs mois, soutenue par l\u2019IAFF, visant \u00e0 augmenter le personnel dans la ville.  <\/p>\n<\/div>\n\n<div class=\"wp-block-paragraph \">\n<p>Le 17 d\u00e9cembre, le conseil municipal de Winnipeg a adopt\u00e9 un amendement budg\u00e9taire extr\u00eamement rare visant \u00e0 doubler l\u2019embauche de pompiers en 2026 et 2027. En cons\u00e9quence, 80 nouveaux pompiers seront recrut\u00e9s pour prot\u00e9ger cette ville chroniquement en sous-effectif, en plus de l\u2019embauche normale pour remplacer les retrait\u00e9s.   <\/p>\n<\/div>\n\n<div class=\"wp-block-paragraph \">\n<p>Le pr\u00e9sident de la section locale 867 de Winnipeg, Nick Kasper, a \u00e9t\u00e9 ravi de cette victoire, la qualifiant d\u2019\u00e9tape extr\u00eamement importante tant pour la s\u00e9curit\u00e9 publique que pour les pompiers dans la ville. Winnipeg, qui compte 854 000 r\u00e9sidents, conna\u00eet en moyenne entre 400 et 600 incendies criminels chaque ann\u00e9e et domine souvent le pays en nombre de pertes humaines et mat\u00e9rielles caus\u00e9es par des incendies de b\u00e2timents.   <\/p>\n<\/div>\n\n<div class=\"wp-block-paragraph \">\n<p>\u00ab Nous avons \u00e9videmment de la place \u00e0 partir, nous avons eu des d\u00e9cennies d\u2019aust\u00e9rit\u00e9 ici \u00e0 Winnipeg qui nous ont laiss\u00e9s tr\u00e8s, tr\u00e8s en p\u00e9nurie de personnel de premi\u00e8re ligne \u00bb, a d\u00e9clar\u00e9 Kasper. \u00ab Mais c\u2019est un grand pas dans la bonne direction, surtout sachant que notre syndicat m\u00e8ne la bataille du ratio du personnel depuis longtemps sans succ\u00e8s. C\u2019est g\u00e9nial de voir ce mouvement. \u00bb   <\/p>\n<\/div>\n\n<div class=\"wp-block-paragraph \">\n<p>Winnipeg compte aujourd\u2019hui moins de pompiers et de camions de pompiers qu\u2019en 1975, malgr\u00e9 le fait que la population de la ville ait presque doubl\u00e9 depuis cette \u00e9poque. En raison d\u2019un manque chronique de personnel, la ville d\u00e9pense environ 10 millions de dollars en heures suppl\u00e9mentaires annuellement, ce qui nuit \u00e0 la fois aux ressources de la ville et \u00e0 la pr\u00e9paration des pompiers.   <\/p>\n<\/div>\n\n<div class=\"wp-block-paragraph \">\n<p>Dans un <a href=\"https:\/\/www.iaff.org\/fr-ca\/news\/les-pompiers-du-manitoba-se-mobilisent-pour-appuyer-une-loi-novatrice-sur-la-sante-mentale\/\" target=\"_blank\" rel=\"noreferrer noopener\">sondage men\u00e9 plus t\u00f4t cette ann\u00e9e aupr\u00e8s de pr\u00e8s de 1 000 membres de la section locale 867<\/a> , 98% ont signal\u00e9 des conditions psychologiques dangereuses au travail. Le m\u00eame pourcentage a d\u00e9clar\u00e9 que l\u2019\u00e9puisement professionnel est une pr\u00e9occupation importante, et que leur vie familiale en souffre \u00e0 cause du stress au travail.   <\/p>\n<\/div>\n\n\n<figure class=\"wp-block-gallery has-nested-images columns-default is-cropped wp-block-gallery-1 is-layout-flex wp-block-gallery-is-layout-flex\">\n<figure data-wp-context=\"{&quot;imageId&quot;:&quot;69f2c32fde520&quot;}\" data-wp-interactive=\"core\/image\" data-wp-key=\"69f2c32fde520\" class=\"wp-block-image size-large wp-lightbox-container\"><img decoding=\"async\" width=\"1024\" height=\"557\" data-wp-class--hide=\"state.isContentHidden\" data-wp-class--show=\"state.isContentVisible\" data-wp-init=\"callbacks.setButtonStyles\" data-wp-on--click=\"actions.showLightbox\" data-wp-on--load=\"callbacks.setButtonStyles\" data-wp-on-window--resize=\"callbacks.setButtonStyles\" data-id=\"119002\" src=\"https:\/\/www.iaff.org\/wp-content\/uploads\/2025\/12\/Winnipeg1-copy-1-1024x557.jpg\" alt=\"\" class=\"wp-image-119002\" srcset=\"https:\/\/www.iaff.org\/wp-content\/uploads\/2025\/12\/Winnipeg1-copy-1-1024x557.jpg 1024w, https:\/\/www.iaff.org\/wp-content\/uploads\/2025\/12\/Winnipeg1-copy-1-300x163.jpg 300w, https:\/\/www.iaff.org\/wp-content\/uploads\/2025\/12\/Winnipeg1-copy-1-768x418.jpg 768w, https:\/\/www.iaff.org\/wp-content\/uploads\/2025\/12\/Winnipeg1-copy-1-1536x836.jpg 1536w, https:\/\/www.iaff.org\/wp-content\/uploads\/2025\/12\/Winnipeg1-copy-1-240x131.jpg 240w, https:\/\/www.iaff.org\/wp-content\/uploads\/2025\/12\/Winnipeg1-copy-1-1256x683.jpg 1256w, https:\/\/www.iaff.org\/wp-content\/uploads\/2025\/12\/Winnipeg1-copy-1-1440x783.jpg 1440w, https:\/\/www.iaff.org\/wp-content\/uploads\/2025\/12\/Winnipeg1-copy-1.jpg 2048w\" sizes=\"(max-width: 1024px) 100vw, 1024px\" \/><button\n\t\t\tclass=\"lightbox-trigger\"\n\t\t\ttype=\"button\"\n\t\t\taria-haspopup=\"dialog\"\n\t\t\taria-label=\"Enlarge\"\n\t\t\tdata-wp-init=\"callbacks.initTriggerButton\"\n\t\t\tdata-wp-on--click=\"actions.showLightbox\"\n\t\t\tdata-wp-style--right=\"state.imageButtonRight\"\n\t\t\tdata-wp-style--top=\"state.imageButtonTop\"\n\t\t>\n\t\t\t<svg xmlns=\"http:\/\/www.w3.org\/2000\/svg\" width=\"12\" height=\"12\" fill=\"none\" viewBox=\"0 0 12 12\">\n\t\t\t\t<path fill=\"#fff\" d=\"M2 0a2 2 0 0 0-2 2v2h1.5V2a.5.5 0 0 1 .5-.5h2V0H2Zm2 10.5H2a.5.5 0 0 1-.5-.5V8H0v2a2 2 0 0 0 2 2h2v-1.5ZM8 12v-1.5h2a.5.5 0 0 0 .5-.5V8H12v2a2 2 0 0 1-2 2H8Zm2-12a2 2 0 0 1 2 2v2h-1.5V2a.5.5 0 0 0-.5-.5H8V0h2Z\" \/>\n\t\t\t<\/svg>\n\t\t<\/button><figcaption class=\"wp-element-caption\">La section locale 867 c\u00e9l\u00e8bre la victoire l\u00e9gislative<\/figcaption><\/figure>\n\n\n\n<figure data-wp-context=\"{&quot;imageId&quot;:&quot;69f2c32fdef09&quot;}\" data-wp-interactive=\"core\/image\" data-wp-key=\"69f2c32fdef09\" class=\"wp-block-image size-large wp-lightbox-container\"><img decoding=\"async\" width=\"1024\" height=\"571\" data-wp-class--hide=\"state.isContentHidden\" data-wp-class--show=\"state.isContentVisible\" data-wp-init=\"callbacks.setButtonStyles\" data-wp-on--click=\"actions.showLightbox\" data-wp-on--load=\"callbacks.setButtonStyles\" data-wp-on-window--resize=\"callbacks.setButtonStyles\" data-id=\"119008\" src=\"https:\/\/www.iaff.org\/wp-content\/uploads\/2025\/12\/Winnipeg3-copy-1-1-1024x571.jpg\" alt=\"\" class=\"wp-image-119008\" srcset=\"https:\/\/www.iaff.org\/wp-content\/uploads\/2025\/12\/Winnipeg3-copy-1-1-1024x571.jpg 1024w, https:\/\/www.iaff.org\/wp-content\/uploads\/2025\/12\/Winnipeg3-copy-1-1-300x167.jpg 300w, https:\/\/www.iaff.org\/wp-content\/uploads\/2025\/12\/Winnipeg3-copy-1-1-768x428.jpg 768w, https:\/\/www.iaff.org\/wp-content\/uploads\/2025\/12\/Winnipeg3-copy-1-1-240x134.jpg 240w, https:\/\/www.iaff.org\/wp-content\/uploads\/2025\/12\/Winnipeg3-copy-1-1-1256x700.jpg 1256w, https:\/\/www.iaff.org\/wp-content\/uploads\/2025\/12\/Winnipeg3-copy-1-1.jpg 1290w\" sizes=\"(max-width: 1024px) 100vw, 1024px\" \/><button\n\t\t\tclass=\"lightbox-trigger\"\n\t\t\ttype=\"button\"\n\t\t\taria-haspopup=\"dialog\"\n\t\t\taria-label=\"Enlarge\"\n\t\t\tdata-wp-init=\"callbacks.initTriggerButton\"\n\t\t\tdata-wp-on--click=\"actions.showLightbox\"\n\t\t\tdata-wp-style--right=\"state.imageButtonRight\"\n\t\t\tdata-wp-style--top=\"state.imageButtonTop\"\n\t\t>\n\t\t\t<svg xmlns=\"http:\/\/www.w3.org\/2000\/svg\" width=\"12\" height=\"12\" fill=\"none\" viewBox=\"0 0 12 12\">\n\t\t\t\t<path fill=\"#fff\" d=\"M2 0a2 2 0 0 0-2 2v2h1.5V2a.5.5 0 0 1 .5-.5h2V0H2Zm2 10.5H2a.5.5 0 0 1-.5-.5V8H0v2a2 2 0 0 0 2 2h2v-1.5ZM8 12v-1.5h2a.5.5 0 0 0 .5-.5V8H12v2a2 2 0 0 1-2 2H8Zm2-12a2 2 0 0 1 2 2v2h-1.5V2a.5.5 0 0 0-.5-.5H8V0h2Z\" \/>\n\t\t\t<\/svg>\n\t\t<\/button><figcaption class=\"wp-element-caption\">Les membres de la section locale 867 regardent la d\u00e9cision prise<\/figcaption><\/figure>\n\n\n\n<figure data-wp-context=\"{&quot;imageId&quot;:&quot;69f2c32fdf76a&quot;}\" data-wp-interactive=\"core\/image\" data-wp-key=\"69f2c32fdf76a\" class=\"wp-block-image size-large wp-lightbox-container\"><img decoding=\"async\" width=\"1024\" height=\"682\" data-wp-class--hide=\"state.isContentHidden\" data-wp-class--show=\"state.isContentVisible\" data-wp-init=\"callbacks.setButtonStyles\" data-wp-on--click=\"actions.showLightbox\" data-wp-on--load=\"callbacks.setButtonStyles\" data-wp-on-window--resize=\"callbacks.setButtonStyles\" data-id=\"119011\" src=\"https:\/\/www.iaff.org\/wp-content\/uploads\/2025\/12\/Winnipeg2-copy-1-1024x682.jpg\" alt=\"\" class=\"wp-image-119011\" srcset=\"https:\/\/www.iaff.org\/wp-content\/uploads\/2025\/12\/Winnipeg2-copy-1-1024x682.jpg 1024w, https:\/\/www.iaff.org\/wp-content\/uploads\/2025\/12\/Winnipeg2-copy-1-300x200.jpg 300w, https:\/\/www.iaff.org\/wp-content\/uploads\/2025\/12\/Winnipeg2-copy-1-768x512.jpg 768w, https:\/\/www.iaff.org\/wp-content\/uploads\/2025\/12\/Winnipeg2-copy-1-1536x1023.jpg 1536w, https:\/\/www.iaff.org\/wp-content\/uploads\/2025\/12\/Winnipeg2-copy-1-240x160.jpg 240w, https:\/\/www.iaff.org\/wp-content\/uploads\/2025\/12\/Winnipeg2-copy-1-1201x800.jpg 1201w, https:\/\/www.iaff.org\/wp-content\/uploads\/2025\/12\/Winnipeg2-copy-1-1216x810.jpg 1216w, https:\/\/www.iaff.org\/wp-content\/uploads\/2025\/12\/Winnipeg2-copy-1.jpg 1729w\" sizes=\"(max-width: 1024px) 100vw, 1024px\" \/><button\n\t\t\tclass=\"lightbox-trigger\"\n\t\t\ttype=\"button\"\n\t\t\taria-haspopup=\"dialog\"\n\t\t\taria-label=\"Enlarge\"\n\t\t\tdata-wp-init=\"callbacks.initTriggerButton\"\n\t\t\tdata-wp-on--click=\"actions.showLightbox\"\n\t\t\tdata-wp-style--right=\"state.imageButtonRight\"\n\t\t\tdata-wp-style--top=\"state.imageButtonTop\"\n\t\t>\n\t\t\t<svg xmlns=\"http:\/\/www.w3.org\/2000\/svg\" width=\"12\" height=\"12\" fill=\"none\" viewBox=\"0 0 12 12\">\n\t\t\t\t<path fill=\"#fff\" d=\"M2 0a2 2 0 0 0-2 2v2h1.5V2a.5.5 0 0 1 .5-.5h2V0H2Zm2 10.5H2a.5.5 0 0 1-.5-.5V8H0v2a2 2 0 0 0 2 2h2v-1.5ZM8 12v-1.5h2a.5.5 0 0 0 .5-.5V8H12v2a2 2 0 0 1-2 2H8Zm2-12a2 2 0 0 1 2 2v2h-1.5V2a.5.5 0 0 0-.5-.5H8V0h2Z\" \/>\n\t\t\t<\/svg>\n\t\t<\/button><figcaption class=\"wp-element-caption\">Le pr\u00e9sident de la section locale 867, Nick Kasper, et les membres du conseil municipal de Winnipeg<\/figcaption><\/figure>\n<\/figure>\n\n\n<div class=\"wp-block-paragraph \">\n<p>Kasper a not\u00e9 que c\u2019\u00e9tait la premi\u00e8re fois en plus de 20 ans qu\u2019un amendement budg\u00e9taire \u00e9tait propos\u00e9 par des conseillers ext\u00e9rieurs au Comit\u00e9 de politique ex\u00e9cutive \u2013 largement consid\u00e9r\u00e9 comme le noyau interne du pouvoir l\u00e9gislatif de la ville \u2013 \u00e9tait adopt\u00e9. Il a ajout\u00e9 que c\u2019est aussi la premi\u00e8re fois que Winnipeg augmente de fa\u00e7on significative le ratio pompiers\/personnel public, malgr\u00e9 le fait que la question ait \u00e9t\u00e9 soulev\u00e9e par la section locale 867 \u00e0 chaque processus budg\u00e9taire municipal depuis des d\u00e9cennies.   <\/p>\n<\/div>\n\n<div class=\"wp-block-paragraph \">\n<p>Kasper a exprim\u00e9 sa gratitude envers le pr\u00e9sident g\u00e9n\u00e9ral Edward Kelly et l\u2019IAFF, y compris le vice-pr\u00e9sident du<sup>13e<\/sup> district Fred LeBlanc, l\u2019adjoint du pr\u00e9sident g\u00e9n\u00e9ral Carmine Santoro, ainsi que Kent Grosse et Marc Sanders de l\u2019\u00e9quipe des campagnes strat\u00e9giques du syndicat.  <\/p>\n<\/div>\n\n<div class=\"wp-block-paragraph \">\n<p>L\u2019IAFF a soutenu la section locale 867 gr\u00e2ce \u00e0 une campagne soutenue dans les m\u00e9dias sociaux et traditionnels au cours des derniers mois, notamment en aidant \u00e0 publier pr\u00e8s d\u2019une douzaine d\u2019\u00e9ditoriales r\u00e9dig\u00e9es par UFFW dans le <em>Winnipeg Free Press <\/em>et <em>le Winnipeg Sun<\/em>.  <\/p>\n<\/div>\n\n<div class=\"wp-block-paragraph \">\n<p>Il comprenait aussi des mois de publicit\u00e9 sur des panneaux publicitaires, un vote de d\u00e9fiance sur le budget propos\u00e9 de la ville \u2013 qui a \u00e9t\u00e9 adopt\u00e9 par 98,5% \u2013 et des mois d\u2019engagement politique et de plaidoyer en coulisses.  <\/p>\n<\/div>\n\n\n<figure class=\"wp-block-pullquote\"><blockquote><p>C\u2019est une grande victoire pour Winnipeg et un parfait exemple de ce que repr\u00e9sente cette union&#8230; S\u2019assurer que nos membres disposent des ressources n\u00e9cessaires pour prot\u00e9ger leurs concitoyens en toute s\u00e9curit\u00e9 et efficacement est la t\u00e2che num\u00e9ro un pour cette IAFF. <\/p><cite>Edward Kelly, pr\u00e9sident g\u00e9n\u00e9ral de l\u2019IAFF<\/cite><\/blockquote><\/figure>\n\n\n<div class=\"wp-block-paragraph \">\n<p>\u00ab Je ne pense pas qu\u2019une telle campagne aurait \u00e9t\u00e9 possible sans le soutien, l\u2019encouragement et la direction de l\u2019IAFF. Il y a eu beaucoup de force et de solidarit\u00e9 l\u00e0-bas \u00bb, a dit Kasper, notant qu\u2019il a aussi re\u00e7u l\u2019encouragement des leaders locaux engag\u00e9s dans des batailles de personnel dans d\u2019autres villes canadiennes.  <\/p>\n<\/div>\n\n<div class=\"wp-block-paragraph \">\n<p>Kelly a indiqu\u00e9 que la victoire du Local 867 \u00e9tait le r\u00e9sultat de son plaidoyer incessant et de l\u2019attention continue de l\u2019IAFF \u00e0 faire progresser la s\u00e9curit\u00e9 du personnel \u00e0 l\u2019\u00e9chelle nationale.  <\/p>\n<\/div>\n\n<div class=\"wp-block-paragraph \">\n<p>\u00ab C\u2019est une grande victoire pour Winnipeg et un parfait exemple de ce que repr\u00e9sente ce syndicat \u00bb, a-t-il d\u00e9clar\u00e9. \u00ab S\u2019assurer que nos membres disposent des ressources n\u00e9cessaires pour prot\u00e9ger leurs concitoyens en toute s\u00e9curit\u00e9 et efficacement est la t\u00e2che num\u00e9ro un pour cette IAFF. \u00bb <\/p>\n<\/div>\n<\/div><\/section>\n","protected":false},"featured_media":119016,"menu_order":0,"template":"","tags":[62,186,114],"class_list":["post-119034","news","type-news","status-publish","has-post-thumbnail","hentry","tag-canada-fr-ca","tag-securite-au-travail-fr-ca","tag-victoires-syndicales"],"acf":[],"publishpress_future_workflow_manual_trigger":{"enabledWorkflows":[]},"_links":{"self":[{"href":"https:\/\/www.iaff.org\/fr-ca\/wp-json\/wp\/v2\/news\/119034","targetHints":{"allow":["GET"]}}],"collection":[{"href":"https:\/\/www.iaff.org\/fr-ca\/wp-json\/wp\/v2\/news"}],"about":[{"href":"https:\/\/www.iaff.org\/fr-ca\/wp-json\/wp\/v2\/types\/news"}],"version-history":[{"count":0,"href":"https:\/\/www.iaff.org\/fr-ca\/wp-json\/wp\/v2\/news\/119034\/revisions"}],"wp:featuredmedia":[{"embeddable":true,"href":"https:\/\/www.iaff.org\/fr-ca\/wp-json\/wp\/v2\/media\/119016"}],"wp:attachment":[{"href":"https:\/\/www.iaff.org\/fr-ca\/wp-json\/wp\/v2\/media?parent=119034"}],"wp:term":[{"taxonomy":"post_tag","embeddable":true,"href":"https:\/\/www.iaff.org\/fr-ca\/wp-json\/wp\/v2\/tags?post=119034"}],"curies":[{"name":"wp","href":"https:\/\/api.w.org\/{rel}","templated":true}]}}