{"id":117993,"date":"2025-12-10T16:36:04","date_gmt":"2025-12-10T21:36:04","guid":{"rendered":"https:\/\/www.iaff.org\/news\/la-legislature-de-lutah-abroge-une-legislation-anti-negociation-apres-des-reactions-negatives-des-travailleurs-et-des-communautes\/"},"modified":"2025-12-11T09:04:01","modified_gmt":"2025-12-11T14:04:01","slug":"la-legislature-de-lutah-abroge-une-legislation-anti-negociation-apres-des-reactions-negatives-des-travailleurs-et-des-communautes","status":"publish","type":"news","link":"https:\/\/www.iaff.org\/fr-ca\/news\/la-legislature-de-lutah-abroge-une-legislation-anti-negociation-apres-des-reactions-negatives-des-travailleurs-et-des-communautes\/","title":{"rendered":"La l\u00e9gislature de l\u2019Utah abroge une l\u00e9gislation anti-n\u00e9gociation apr\u00e8s des r\u00e9actions n\u00e9gatives des travailleurs et des communaut\u00e9s"},"content":{"rendered":"<section\n\t class=\"page-blocks iaff-page-blocks align wp-block-acf-page-blocks\" id=\"page-blocks_block_d33e97b6d74d4c4b975406ccb8730fa2\">\n\t<div class=\"acf-innerblocks-container\">\n<div class=\"wp-block-paragraph \">\n<p><\/p>\n<\/div>\n<\/div><\/section>\n<div class=\"wp-block-paragraph \">\n<p>Hier soir, la l\u00e9gislature de l\u2019\u00c9tat de l\u2019Utah <a href=\"https:\/\/utahnewsdispatch.com\/2025\/12\/09\/utah-legislature-repeal-anti-collective-bargaining-law\/\" target=\"_blank\" rel=\"noreferrer noopener\">a abrog\u00e9 le projet de loi H.B. 267<\/a> lors d\u2019une session l\u00e9gislative extraordinaire \u2013 mettant officiellement fin \u00e0 une bataille de 10 mois entre les travailleurs de l\u2019\u00c9tat et les l\u00e9gislateurs concernant les droits de n\u00e9gociation collective.  <\/p>\n<\/div><div class=\"wp-block-paragraph \">\n<p>Les l\u00e9gislateurs de l\u2019Utah ont adopt\u00e9 les <em>amendements sur les syndicats du secteur public<\/em> en f\u00e9vrier. Cette l\u00e9gislation controvers\u00e9e a priv\u00e9 tous les employ\u00e9s publics de l\u2019Utah de leur droit de n\u00e9gocier collectivement.   <\/p>\n<\/div><div class=\"wp-block-paragraph \">\n<p>Alors que les Pompiers professionnels de l\u2019Utah (PFFU) et d\u2019autres syndicats tentaient de raisonner avec les partisans du projet de loi, les pourparlers ont \u00e9chou\u00e9 apr\u00e8s que la direction du S\u00e9nat de l\u2019Utah a transf\u00e9r\u00e9 le projet de loi au vote en plenifer. Le gouverneur Spencer Cox (R) a ensuite sign\u00e9 le projet de loi le 14 f\u00e9vrier.   <\/p>\n<\/div><div class=\"wp-block-paragraph \">\n<p>\u00ab La n\u00e9gociation collective donne aux travailleurs une voix pour assurer la s\u00e9curit\u00e9 de leurs communaut\u00e9s \u00bb, a d\u00e9clar\u00e9 le pr\u00e9sident g\u00e9n\u00e9ral Edward Kelly. \u00ab Cette l\u00e9gislation a \u00e9chou\u00e9 aux communaut\u00e9s de l\u2019Utah et aux pompiers de l\u2019Utah. \u00bb   <\/p>\n<\/div><div class=\"wp-block-paragraph \">\n<p>\u00ab Sans le travail acharn\u00e9 de la PFFU et de leurs fr\u00e8res et s\u0153urs en travail, le H.B. 267 serait encore dans les registres. Ensemble, ils ont montr\u00e9 ce qui est possible quand tu refuses d\u2019accepter un non pour r\u00e9ponse. \u00bb  <\/p>\n<\/div><div class=\"wp-block-paragraph \">\n<p>Malgr\u00e9 l\u2019adoption du projet de loi H.B. 267, les travailleurs de l\u2019Utah ont refus\u00e9 de reculer.  <\/p>\n<\/div>\n<figure class=\"wp-block-pullquote\"><blockquote><p>Sans le travail acharn\u00e9 de la PFFU et de leurs fr\u00e8res et s\u0153urs en travail, le projet de loi H.B. 267 serait encore en vigueur. Ensemble, ils ont montr\u00e9 ce qui est possible quand on refuse d\u2019accepter un non comme r\u00e9ponse. <\/p><cite>Pr\u00e9sident g\u00e9n\u00e9ral Edward Kelly<\/cite><\/blockquote><\/figure>\n<div class=\"wp-block-paragraph \">\n<p>La PFFU, avec 18 autres groupes syndicaux, a form\u00e9 Protect Utah Workers \u2013 une nouvelle organisation d\u00e9di\u00e9e \u00e0 l\u2019obtention d\u2019une mesure r\u00e9f\u00e9rendaire pour abroger la loi lors des \u00e9lections de 2026.  <\/p>\n<\/div><div class=\"wp-block-paragraph \">\n<p>Le groupe a recueilli plus de <a href=\"https:\/\/www.iaff.org\/fr-ca\/news\/les-syndicats-de-la-pffu-et-de-lutah-retournent-320-000-signatures-pour-un-referendum-contestant-la-loi-anti-negociation-collective\/\" target=\"_blank\" rel=\"noreferrer noopener\">320 000<\/a> signatures valides en faveur de soumettre aux \u00e9lecteurs une abrogation du projet de loi H.B. 267 \u2013 d\u00e9passant largement l\u2019exigence de 140 000 signatures.  <\/p>\n<\/div><div class=\"wp-block-paragraph \">\n<p>Compte tenu de l\u2019opposition unifi\u00e9e des travailleurs de l\u2019Utah, de l\u2019indignation publique et du vote imminent du r\u00e9f\u00e9rendum sur le projet de loi, Cox a convoqu\u00e9 une session sp\u00e9ciale de la l\u00e9gislature pour traiter du projet de loi H.B. 267.  <\/p>\n<\/div><div class=\"wp-block-paragraph \">\n<p>Dans un <a href=\"https:\/\/x.com\/GovCox\/status\/1997825140152004764\" target=\"_blank\" rel=\"noreferrer noopener\">message sur les r\u00e9seaux sociaux<\/a>, Cox a exprim\u00e9 son soutien \u00e0 la fin du projet de loi H.B. 267 \u2013 indiquant qu\u2019il signera l\u2019abrogation apr\u00e8s des votes bipartites massivement dans les deux chambres<\/p>\n<\/div>","protected":false},"featured_media":117985,"menu_order":0,"template":"","tags":[91],"class_list":["post-117993","news","type-news","status-publish","has-post-thumbnail","hentry","tag-negociation-collective"],"acf":[],"publishpress_future_workflow_manual_trigger":{"enabledWorkflows":[]},"_links":{"self":[{"href":"https:\/\/www.iaff.org\/fr-ca\/wp-json\/wp\/v2\/news\/117993","targetHints":{"allow":["GET"]}}],"collection":[{"href":"https:\/\/www.iaff.org\/fr-ca\/wp-json\/wp\/v2\/news"}],"about":[{"href":"https:\/\/www.iaff.org\/fr-ca\/wp-json\/wp\/v2\/types\/news"}],"version-history":[{"count":0,"href":"https:\/\/www.iaff.org\/fr-ca\/wp-json\/wp\/v2\/news\/117993\/revisions"}],"wp:featuredmedia":[{"embeddable":true,"href":"https:\/\/www.iaff.org\/fr-ca\/wp-json\/wp\/v2\/media\/117985"}],"wp:attachment":[{"href":"https:\/\/www.iaff.org\/fr-ca\/wp-json\/wp\/v2\/media?parent=117993"}],"wp:term":[{"taxonomy":"post_tag","embeddable":true,"href":"https:\/\/www.iaff.org\/fr-ca\/wp-json\/wp\/v2\/tags?post=117993"}],"curies":[{"name":"wp","href":"https:\/\/api.w.org\/{rel}","templated":true}]}}