{"id":117924,"date":"2025-12-10T10:10:11","date_gmt":"2025-12-10T15:10:11","guid":{"rendered":"https:\/\/www.iaff.org\/news\/kelly-comment-liaff-transforme-la-sante-et-la-securite-des-pompiers\/"},"modified":"2025-12-10T14:33:10","modified_gmt":"2025-12-10T19:33:10","slug":"kelly-comment-liaff-transforme-la-sante-et-la-securite-des-pompiers","status":"publish","type":"news","link":"https:\/\/www.iaff.org\/fr-ca\/news\/kelly-comment-liaff-transforme-la-sante-et-la-securite-des-pompiers\/","title":{"rendered":"KELLY : Comment l\u2019IAFF transforme la sant\u00e9 et la s\u00e9curit\u00e9 des pompiers"},"content":{"rendered":"<section\n\t class=\"page-blocks iaff-page-blocks align wp-block-acf-page-blocks\" id=\"page-blocks_block_a56c6a142176455e6707ef097a6acaa9\">\n\t<div class=\"acf-innerblocks-container\">\n<div class=\"wp-block-paragraph \">\n<p><em>Voici la chronique du pr\u00e9sident g\u00e9n\u00e9ral Edward Kelly de <a href=\"https:\/\/www.iaff.org\/fr-ca\/magazine\/pompiers-internationaux-automne-2025\/\" target=\"_blank\" data-type=\"link\" data-id=\"https:\/\/www.iaff.org\/magazine\/vol108-no3\/\" rel=\"noreferrer noopener\">l\u2019\u00e9dition d\u2019automne 2025 du magazine Fire Fighter International<\/a><\/em>.<\/p>\n<\/div>\n\n<div class=\"wp-block-paragraph \">\n<p class=\"has-drop-cap\">Vous m\u2019avez entendu dire que la mission de l\u2019IAFF commence devant une \u00e9glise.<\/p>\n<\/div>\n\n<div class=\"wp-block-paragraph \">\n<p>C\u2019est un moment auquel chacun d\u2019entre nous, malheureusement, peut s\u2019identifier \u2013 se rassembler pour honorer un fr\u00e8re ou une s\u0153ur qui a fait le sacrifice ultime. Et, pour moi, c\u2019est le rappel le plus clair de ce qui est en jeu. Cela nous pousse \u00e0 nous demander ce qui aurait pu \u00eatre diff\u00e9rent et ce qui doit changer pour que moins de familles subissent \u00e0 nouveau la m\u00eame perte.  <\/p>\n<\/div>\n\n<div class=\"wp-block-paragraph \">\n<p>C\u2019est pour \u00e7a que notre syndicat existe. L\u2019IAFF se concentre uniquement sur la s\u00e9curit\u00e9 d\u2019un emploi dangereux, et ce travail n\u2019est jamais plus \u00e9vident que dans notre Division de la sant\u00e9, de la s\u00e9curit\u00e9 et de la m\u00e9decine. <\/p>\n<\/div>\n\n<div class=\"wp-block-paragraph \">\n<p>Les menaces auxquelles nous faisons face aujourd\u2019hui sont plus complexes que jamais \u2013 cancers professionnels, \u00e9v\u00e9nements cardiaques, probl\u00e8mes de sant\u00e9 comportementale, augmentation de la violence lors des appels d\u2019urgence, et blessures chroniques qui suivent les membres bien apr\u00e8s qu\u2019ils aient raccroch\u00e9 leur \u00e9quipement. Ce ne sont l\u00e0 que quelques-unes des r\u00e9alit\u00e9s auxquelles l\u2019IAFF fait face de front. Et nous comptons sur nos propres experts pour le faire.  <\/p>\n<\/div>\n\n<div class=\"wp-block-paragraph \">\n<p>Depuis qu\u2019elle est devenue pr\u00e9sidente g\u00e9n\u00e9rale, l\u2019IAFF a beaucoup investi dans une op\u00e9ration moderne de sant\u00e9 et s\u00e9curit\u00e9 qui utilise la recherche et l\u2019exp\u00e9rience sur le terrain pour orienter notre prise de d\u00e9cision. Cette approche guide la fa\u00e7on dont nous am\u00e9liorons l\u2019\u00e9quipement de protection des pompiers, renforcons les protections de s\u00e9curit\u00e9 et b\u00e2tons les initiatives m\u00e9dicales et de sant\u00e9 comportementale sur lesquelles nos membres comptent. Cela garantit que l\u2019approche de notre syndicat ne repose pas sur des hypoth\u00e8ses ou l\u2019influence de l\u2019industrie, mais par des donn\u00e9es cr\u00e9dibles. Et nous en sommes tous mieux lotis.   <\/p>\n<\/div>\n\n<div class=\"wp-block-paragraph \">\n<p><a href=\"https:\/\/www.iaff.org\/fr-ca\/magazine\/pompiers-internationaux-automne-2025\/#flipbook-ffi-vol-108-no-3-fall-2025\/22\/\" data-type=\"link\" data-id=\"https:\/\/www.iaff.org\/magazine\/vol108-no3\/#flipbook-ffi-vol-108-no-3-fall-2025\/22\/\">L\u2019article de couverture<\/a> de ce num\u00e9ro vous donne un aper\u00e7u plus approfondi de ces initiatives \u2013 ainsi que des personnes qui les dirigent : l\u2019adjoint du pr\u00e9sident g\u00e9n\u00e9ral \u00e0 la sant\u00e9 et \u00e0 la s\u00e9curit\u00e9 Sean DeCrane, le m\u00e9decin-chef Dan Whu, MD, et le conseiller scientifique en chef Derek Urwin, Ph.D. Chacun apporte un ensemble de comp\u00e9tences diff\u00e9rent et, de fa\u00e7on impressionnante, chacun vient du terrain. Sean de Cleveland, OH, section locale 93, Dan du comt\u00e9 de Metro-Dade, FL, section locale 1403, et Derek du comt\u00e9 de Los Angeles, CA, section locale 1014. Ensemble, ils dirigent une \u00e9quipe de plus de 20 professionnels au quartier g\u00e9n\u00e9ral qui travaillent chaque jour \u00e0 am\u00e9liorer la vie des pompiers.<\/p>\n<\/div>\n\n<div class=\"wp-block-paragraph \">\n<p>Ils comprennent le m\u00e9tier parce qu\u2019ils l\u2019ont v\u00e9cu \u2013 le stress, les dangers, les expositions, les appels. Ces exp\u00e9riences comptent lorsqu\u2019on cr\u00e9e les normes et les programmes destin\u00e9s \u00e0 prot\u00e9ger les pompiers et les travailleurs m\u00e9dicaux d\u2019urgence. <\/p>\n<\/div>\n\n<div class=\"wp-block-paragraph \">\n<p>Nous avons b\u00e2ti cette \u00e9quipe pour une raison : l\u2019IAFF avait besoin de ses propres experts pour faire avancer les changements et protections que vous m\u00e9ritez.<\/p>\n<\/div>\n\n\n<figure class=\"wp-block-gallery has-nested-images columns-default is-cropped wp-block-gallery-1 is-layout-flex wp-block-gallery-is-layout-flex\">\n<figure class=\"wp-block-image aligncenter size-full is-style-default\"><img decoding=\"async\" width=\"1000\" height=\"667\" data-id=\"117905\" src=\"https:\/\/www.iaff.org\/wp-content\/uploads\/2025\/12\/KT-1376-1.jpg\" alt=\"\" class=\"wp-image-117905\" srcset=\"https:\/\/www.iaff.org\/wp-content\/uploads\/2025\/12\/KT-1376-1.jpg 1000w, https:\/\/www.iaff.org\/wp-content\/uploads\/2025\/12\/KT-1376-1-300x200.jpg 300w, https:\/\/www.iaff.org\/wp-content\/uploads\/2025\/12\/KT-1376-1-768x512.jpg 768w, https:\/\/www.iaff.org\/wp-content\/uploads\/2025\/12\/KT-1376-1-240x160.jpg 240w\" sizes=\"(max-width: 1000px) 100vw, 1000px\" \/><figcaption class=\"wp-element-caption\">Au Monument comm\u00e9moratif des pompiers tomb\u00e9s en 2025, o\u00f9 nous faisons la promesse de transformer le souvenir en action.<\/figcaption><\/figure>\n<\/figure>\n\n\n<div class=\"wp-block-paragraph \">\n<p>Le travail de Sean montre \u00e0 quoi cela ressemble en pratique. Il supervise nos membres si\u00e9geant aux comit\u00e9s de la NFPA et si\u00e8ge lui-m\u00eame \u00e0 plusieurs groupes de politique, y compris le Conseil du Code international. L\u2019IAFF doit \u00eatre \u00e0 la table \u00e0 chaque fois que les normes de s\u00e9curit\u00e9 et de bien-\u00eatre sont d\u00e9cid\u00e9es \u2013 et Sean dirige ces efforts.  <\/p>\n<\/div>\n\n<div class=\"wp-block-paragraph \">\n<p>Il a jou\u00e9 un r\u00f4le central dans la r\u00e9vision des r\u00e9visions de la NFPA 1970 \u2013 <a href=\"https:\/\/www.iaff.org\/fr-ca\/magazine\/pompiers-internationaux-automne-2025\/#flipbook-ffi-vol-108-no-3-fall-2025\/12\/_\">un travail qui a aid\u00e9 \u00e0 retirer les PFAS de notre \u00e9quipement de bunker et \u00e0 tracer une nouvelle voie vers des EPI plus s\u00fbrs<\/a>. Ce changement ne venait pas de l\u2019industrie; Elle venait des pompiers qui fa\u00e7onnaient les normes pour les pompiers.<\/p>\n<\/div>\n\n<div class=\"wp-block-paragraph \">\n<p>En tant que m\u00e9decin-chef, le Dr Whu analyse les nouveaux m\u00e9dicaments \u00e9mergents, les proc\u00e9dures de test et les avanc\u00e9es en sant\u00e9 qui pourraient b\u00e9n\u00e9ficier \u00e0 nos membres.<\/p>\n<\/div>\n\n<div class=\"wp-block-paragraph \">\n<p>Le travail de Dan dans le cadre du programme d\u2019assistance m\u00e9dicale de l\u2019IAFF \u2013 officiellement adopt\u00e9 par les d\u00e9l\u00e9gu\u00e9s lors de notre 57e congr\u00e8s \u2013 a d\u00e9j\u00e0 modifi\u00e9 les r\u00e9sultats pour les familles dont les prestations de d\u00e9c\u00e8s en service ont \u00e9t\u00e9 refus\u00e9es. Il est capable de relier la science m\u00e9dicale aux faits d\u2019une affaire. Et son exp\u00e9rience en tant que pompier lui est tr\u00e8s utile pour d\u00e9fendre nos membres et leurs familles.  <\/p>\n<\/div>\n\n<div class=\"wp-block-paragraph \">\n<p>Le Dr Urwin \u00e9tablit des relations avec des scientifiques et des universit\u00e9s qui aident l\u2019IAFF \u00e0 \u00e9largir la recherche sur les risques uniques pour la sant\u00e9 auxquels font face les pompiers \u2013 y compris la SLA, les maladies cardiaques, les probl\u00e8mes de sant\u00e9 sp\u00e9cifiques aux femmes et le cancer professionnel.<\/p>\n<\/div>\n\n<div class=\"wp-block-paragraph \">\n<p>La recherche continue de Derek sur les feux de for\u00eat nous aide \u00e0 relier les expositions au travail aux r\u00e9sultats de sant\u00e9 auxquels les membres doivent faire face des ann\u00e9es plus tard. Avec de l\u2019exp\u00e9rience tant sur le terrain d\u2019incendie qu\u2019en laboratoire, il construit les preuves dont nous avons besoin pour promouvoir de meilleures protections sanitaires pour les g\u00e9n\u00e9rations \u00e0 venir derri\u00e8re nous. <\/p>\n<\/div>\n\n<div class=\"wp-block-paragraph \">\n<p>En tant qu\u2019organisation syndicale, l\u2019IAFF est \u00e0 l\u2019avant-garde dans le d\u00e9veloppement de ses propres programmes de recherche, de son expertise m\u00e9dicale et de son influence sur les normes et la formation nationales. Cela signifie que nos d\u00e9cisions sont guid\u00e9es par la science et fa\u00e7onn\u00e9es par les personnes qui font le travail \u2013 et non par les fabricants, les int\u00e9r\u00eats ext\u00e9rieurs ou les consultants industriels cherchant \u00e0 faire de l\u2019argent. <\/p>\n<\/div>\n\n<div class=\"wp-block-paragraph \">\n<p>Tout cela vise \u00e0 aider les membres \u00e0 vivre plus longtemps et en meilleure sant\u00e9. Notre loyaut\u00e9 va aux pompiers d\u00e9c\u00e9d\u00e9s, pass\u00e9s et futurs. L\u2019IAFF travaille \u00e0 un jour o\u00f9 nous aurons moins de fun\u00e9railles \u2013 moins de d\u00e9c\u00e8s \u00e9vitables et moins de familles en deuil de la perte de leurs proches.  <\/p>\n<\/div>\n\n<div class=\"wp-block-paragraph \">\n<p>C\u2019est la mission.<\/p>\n<\/div>\n<\/div><\/section>\n","protected":false},"featured_media":117906,"menu_order":0,"template":"","tags":[88,68,186,82],"class_list":["post-117924","news","type-news","status-publish","has-post-thumbnail","hentry","tag-cancer-fr-ca","tag-formation","tag-securite-au-travail-fr-ca","tag-spfa"],"acf":[],"publishpress_future_workflow_manual_trigger":{"enabledWorkflows":[]},"_links":{"self":[{"href":"https:\/\/www.iaff.org\/fr-ca\/wp-json\/wp\/v2\/news\/117924","targetHints":{"allow":["GET"]}}],"collection":[{"href":"https:\/\/www.iaff.org\/fr-ca\/wp-json\/wp\/v2\/news"}],"about":[{"href":"https:\/\/www.iaff.org\/fr-ca\/wp-json\/wp\/v2\/types\/news"}],"version-history":[{"count":0,"href":"https:\/\/www.iaff.org\/fr-ca\/wp-json\/wp\/v2\/news\/117924\/revisions"}],"wp:featuredmedia":[{"embeddable":true,"href":"https:\/\/www.iaff.org\/fr-ca\/wp-json\/wp\/v2\/media\/117906"}],"wp:attachment":[{"href":"https:\/\/www.iaff.org\/fr-ca\/wp-json\/wp\/v2\/media?parent=117924"}],"wp:term":[{"taxonomy":"post_tag","embeddable":true,"href":"https:\/\/www.iaff.org\/fr-ca\/wp-json\/wp\/v2\/tags?post=117924"}],"curies":[{"name":"wp","href":"https:\/\/api.w.org\/{rel}","templated":true}]}}