{"id":117604,"date":"2025-12-04T13:30:11","date_gmt":"2025-12-04T18:30:11","guid":{"rendered":"https:\/\/www.iaff.org\/news\/les-membres-de-liaff-de-la-saskatchewan-demandent-un-financement-de-la-sante-mentale-et-des-reformes-des-services-medicaux-durgence-ems-lors-du-lobbying-provincial\/"},"modified":"2025-12-04T16:04:47","modified_gmt":"2025-12-04T21:04:47","slug":"les-membres-de-liaff-de-la-saskatchewan-demandent-un-financement-de-la-sante-mentale-et-des-reformes-des-services-medicaux-durgence-ems-lors-du-lobbying-provincial","status":"publish","type":"news","link":"https:\/\/www.iaff.org\/fr-ca\/news\/les-membres-de-liaff-de-la-saskatchewan-demandent-un-financement-de-la-sante-mentale-et-des-reformes-des-services-medicaux-durgence-ems-lors-du-lobbying-provincial\/","title":{"rendered":"Les membres de l\u2019AIP de la Saskatchewan demandent un financement de la sant\u00e9 mentale et des r\u00e9formes des services m\u00e9dicaux d\u2019urgence (EMS) lors du lobbying provincial"},"content":{"rendered":"<section\n\t class=\"page-blocks iaff-page-blocks align wp-block-acf-page-blocks\" id=\"page-blocks_block_2622ccb6fc16fa3f61dbda498fb70da4\">\n\t<div class=\"acf-innerblocks-container\">\n<div class=\"wp-block-paragraph \">\n<p>Plus de 30 pompiers et param\u00e9dics de l\u2019AIP ont rencontr\u00e9 des l\u00e9gislateurs provinciaux \u00e0 la fin novembre pour promouvoir l\u2019am\u00e9lioration des ressources en sant\u00e9 mentale, la mise \u00e0 jour de la l\u00e9gislation EMS et d\u2019importants changements en droit du travail lors du<sup>28e<\/sup> lobbying l\u00e9gislatif annuel de la Saskatchewan Professional Fire Fighters and Paramedics Association (SPFFPA).<\/p>\n<\/div>\n\n<div class=\"wp-block-paragraph \">\n<p>L\u2019association, qui repr\u00e9sente 1 205 membres dans 10 sections locales \u00e0 travers la Saskatchewan, utilisait un format de r\u00e9union de groupe pour son lobby, incluant des tables rondes avec des membres du comit\u00e9 des services sociaux du Parti au pouvoir de la Saskatchewan et des politiciens d\u2019opposition du Nouveau Parti d\u00e9mocratique. La SPFFPA a \u00e9galement organis\u00e9 une r\u00e9ception conjointe \u00e0 l\u2019Assembl\u00e9e l\u00e9gislative \u00e0 laquelle ont assist\u00e9 25 membres de l\u2019Assembl\u00e9e l\u00e9gislative provinciale. <\/p>\n<\/div>\n\n<div class=\"wp-block-paragraph \">\n<p>\u00ab On avait un bon lobby cette ann\u00e9e. Nous avons rencontr\u00e9 un bon nombre de d\u00e9put\u00e9s et eu des discussions significatives sur des enjeux tr\u00e8s importants pour nos membres \u00bb, a d\u00e9clar\u00e9 le pr\u00e9sident de la SPFFPA, Aron Gidluck.<\/p>\n<\/div>\n\n<div class=\"wp-block-paragraph \">\n<p>La SPFFPA exhorte le gouvernement de la Saskatchewan \u00e0 \u00e9tablir un Fonds provincial pour la sant\u00e9 mentale et la r\u00e9silience des premiers intervenants d\u2019une valeur allant jusqu\u2019\u00e0 3 millions de dollars pour le soutien par les pairs et la formation \u00e0 la r\u00e9silience, la formation des cliniciens ainsi que les programmes d\u2019intervention pr\u00e9coce et post-incident.<\/p>\n<\/div>\n\n<div class=\"wp-block-paragraph \">\n<p>Les d\u00e9l\u00e9gu\u00e9s ont cit\u00e9 des donn\u00e9es montrant que les demandes de premiers r\u00e9pondants pour les globules blancs li\u00e9s \u00e0 la sant\u00e9 mentale dans la province ont augment\u00e9 de 224% depuis 2019. \u00c0 l\u2019\u00e9chelle nationale, 45% du personnel de la s\u00e9curit\u00e9 publique d\u00e9clare pr\u00e9senter des sympt\u00f4mes de trouble mental, ce qui est plus de quatre fois la moyenne nationale. <\/p>\n<\/div>\n\n<div class=\"wp-block-paragraph \">\n<p>\u00ab Nos membres sont pr\u00eats \u00e0 servir. Assurons-nous qu\u2019ils ont le soutien n\u00e9cessaire pour le faire avec force, r\u00e9silience et dignit\u00e9 \u00bb, ont d\u00e9clar\u00e9 les membres de la SPFFPA aux l\u00e9gislateurs.<\/p>\n<\/div>\n\n<div class=\"wp-block-paragraph \">\n<p>Les d\u00e9l\u00e9gu\u00e9s de la SPFFPA ont \u00e9galement demand\u00e9 aux d\u00e9put\u00e9s d\u2019abroger une section de 2013 de la Loi sur l\u2019emploi de la Saskatchewan qui retirait le droit \u00e0 l\u2019arbitrage contraignant les pompiers dans les villes de moins de 20 000 habitants.<\/p>\n<\/div>\n\n\n<figure class=\"wp-block-pullquote\"><blockquote><p>Nous avions un bon lobby cette ann\u00e9e. Nous avons rencontr\u00e9 un bon nombre de d\u00e9put\u00e9s et eu des discussions significatives sur des enjeux tr\u00e8s importants pour nos membres. <\/p><cite>Pr\u00e9sident de la SPFFPA, Aron Gidluck<\/cite><\/blockquote><\/figure>\n\n\n<div class=\"wp-block-paragraph \">\n<p>La l\u00e9gislation affecte injustement quatre sections locales de l\u2019AIP \u2013 Weyburn Local 2989, North Battleford Local 1756, Yorkton Local 1527 et Swift Current Local 1318 \u2013 qui comptent donc parmi les moins bien pay\u00e9es au Canada. L\u2019acc\u00e8s \u00e0 l\u2019arbitrage contraignant est essentiel pour r\u00e9soudre les n\u00e9gociations standard, maintenir des salaires \u00e9quitables et soutenir le recrutement et la r\u00e9tention. <\/p>\n<\/div>\n\n<div class=\"wp-block-paragraph \">\n<p>\u00ab Nous esp\u00e9rons vraiment que cette ann\u00e9e, nous pourrons enfin \u00e9liminer ce seuil de 20 000 habitants de la Loi sur l\u2019emploi afin que tous nos sections locales puissent arbitrer \u00bb, a d\u00e9clar\u00e9 Gidluck. \u00ab \u00c7a cr\u00e9e un gros \u00e9cart salarial pour nous. Je pense qu\u2019on a suscit\u00e9 l\u2019int\u00e9r\u00eat des gens sur cette question et on esp\u00e8re qu\u2019ils vont aller jusqu\u2019au bout. \u00bb <\/p>\n<\/div>\n\n<div class=\"wp-block-paragraph \">\n<p>Les d\u00e9l\u00e9gu\u00e9s de la SPFFPA ont averti que la l\u00e9gislation d\u00e9su\u00e8te r\u00e9gissant les services d\u2019ambulance terrestre contribue aux d\u00e9fis observ\u00e9s \u00e0 travers le Canada, notamment la p\u00e9nurie de ressources, les d\u00e9lais de r\u00e9ponse prolong\u00e9s, les probl\u00e8mes de recrutement et de r\u00e9tention, ainsi que l\u2019\u00e9puisement du personnel. La Loi sur les ambulances de la Saskatchewan et ses r\u00e8glements ne pr\u00e9cisent pas de r\u00e8gles concernant les pauses repas et la dur\u00e9e des quarts, et les ambulanciers tentent de servir le public avec de l\u2019\u00e9quipement obsol\u00e8te \u2013 y compris des ambulances de plus de 300 000 kilom\u00e8tres. <\/p>\n<\/div>\n\n<div class=\"wp-block-paragraph \">\n<p>Les d\u00e9l\u00e9gu\u00e9s ont demand\u00e9 aux d\u00e9put\u00e9s d\u2019ouvrir la l\u00e9gislation et les r\u00e8glements pour traiter la sant\u00e9 et le bien-\u00eatre des param\u00e9dics et de soutenir les nouveaux mod\u00e8les de soins, tels que la param\u00e9decine communautaire et permettre aux param\u00e9dics de transporter les patients vers des cliniques m\u00e9dicales plut\u00f4t qu\u2019\u00e0 l\u2019h\u00f4pital.<\/p>\n<\/div>\n\n\n<figure class=\"wp-block-gallery has-nested-images columns-default wp-block-gallery-1 is-layout-flex wp-block-gallery-is-layout-flex\">\n<figure data-wp-context=\"{&quot;imageId&quot;:&quot;69f33d533aaa5&quot;}\" data-wp-interactive=\"core\/image\" data-wp-key=\"69f33d533aaa5\" class=\"wp-block-image size-large wp-lightbox-container\"><img decoding=\"async\" width=\"900\" height=\"675\" data-wp-class--hide=\"state.isContentHidden\" data-wp-class--show=\"state.isContentVisible\" data-wp-init=\"callbacks.setButtonStyles\" data-wp-on--click=\"actions.showLightbox\" data-wp-on--load=\"callbacks.setButtonStyles\" data-wp-on-window--resize=\"callbacks.setButtonStyles\" data-id=\"117592\" src=\"https:\/\/www.iaff.org\/wp-content\/uploads\/2025\/12\/MooseJaw.jpg\" alt=\"\" class=\"wp-image-117592\" srcset=\"https:\/\/www.iaff.org\/wp-content\/uploads\/2025\/12\/MooseJaw.jpg 900w, https:\/\/www.iaff.org\/wp-content\/uploads\/2025\/12\/MooseJaw-300x225.jpg 300w, https:\/\/www.iaff.org\/wp-content\/uploads\/2025\/12\/MooseJaw-768x576.jpg 768w, https:\/\/www.iaff.org\/wp-content\/uploads\/2025\/12\/MooseJaw-240x180.jpg 240w\" sizes=\"(max-width: 900px) 100vw, 900px\" \/><button\n\t\t\tclass=\"lightbox-trigger\"\n\t\t\ttype=\"button\"\n\t\t\taria-haspopup=\"dialog\"\n\t\t\taria-label=\"Enlarge\"\n\t\t\tdata-wp-init=\"callbacks.initTriggerButton\"\n\t\t\tdata-wp-on--click=\"actions.showLightbox\"\n\t\t\tdata-wp-style--right=\"state.imageButtonRight\"\n\t\t\tdata-wp-style--top=\"state.imageButtonTop\"\n\t\t>\n\t\t\t<svg xmlns=\"http:\/\/www.w3.org\/2000\/svg\" width=\"12\" height=\"12\" fill=\"none\" viewBox=\"0 0 12 12\">\n\t\t\t\t<path fill=\"#fff\" d=\"M2 0a2 2 0 0 0-2 2v2h1.5V2a.5.5 0 0 1 .5-.5h2V0H2Zm2 10.5H2a.5.5 0 0 1-.5-.5V8H0v2a2 2 0 0 0 2 2h2v-1.5ZM8 12v-1.5h2a.5.5 0 0 0 .5-.5V8H12v2a2 2 0 0 1-2 2H8Zm2-12a2 2 0 0 1 2 2v2h-1.5V2a.5.5 0 0 0-.5-.5H8V0h2Z\" \/>\n\t\t\t<\/svg>\n\t\t<\/button><figcaption class=\"wp-element-caption\">Les membres de la section locale 553 de Moose Jaw ont rencontr\u00e9 la d\u00e9put\u00e9e du Parti de la Saskatchewan, Megan Patterson, lors de la 28e campagne l\u00e9gislative annuelle de la SPFFPA aupr\u00e8s du gouvernement de la Saskatchewan.<\/figcaption><\/figure>\n\n\n\n<figure data-wp-context=\"{&quot;imageId&quot;:&quot;69f33d533b4ac&quot;}\" data-wp-interactive=\"core\/image\" data-wp-key=\"69f33d533b4ac\" class=\"wp-block-image size-large wp-lightbox-container\"><img decoding=\"async\" width=\"1024\" height=\"768\" data-wp-class--hide=\"state.isContentHidden\" data-wp-class--show=\"state.isContentVisible\" data-wp-init=\"callbacks.setButtonStyles\" data-wp-on--click=\"actions.showLightbox\" data-wp-on--load=\"callbacks.setButtonStyles\" data-wp-on-window--resize=\"callbacks.setButtonStyles\" data-id=\"117591\" src=\"https:\/\/www.iaff.org\/wp-content\/uploads\/2025\/12\/SPFFAlobby2-1024x768.jpg\" alt=\"\" class=\"wp-image-117591\" srcset=\"https:\/\/www.iaff.org\/wp-content\/uploads\/2025\/12\/SPFFAlobby2-1024x768.jpg 1024w, https:\/\/www.iaff.org\/wp-content\/uploads\/2025\/12\/SPFFAlobby2-300x225.jpg 300w, https:\/\/www.iaff.org\/wp-content\/uploads\/2025\/12\/SPFFAlobby2-768x576.jpg 768w, https:\/\/www.iaff.org\/wp-content\/uploads\/2025\/12\/SPFFAlobby2-1536x1152.jpg 1536w, https:\/\/www.iaff.org\/wp-content\/uploads\/2025\/12\/SPFFAlobby2-240x180.jpg 240w, https:\/\/www.iaff.org\/wp-content\/uploads\/2025\/12\/SPFFAlobby2-1067x800.jpg 1067w, https:\/\/www.iaff.org\/wp-content\/uploads\/2025\/12\/SPFFAlobby2-1080x810.jpg 1080w, https:\/\/www.iaff.org\/wp-content\/uploads\/2025\/12\/SPFFAlobby2.jpg 2048w\" sizes=\"(max-width: 1024px) 100vw, 1024px\" \/><button\n\t\t\tclass=\"lightbox-trigger\"\n\t\t\ttype=\"button\"\n\t\t\taria-haspopup=\"dialog\"\n\t\t\taria-label=\"Enlarge\"\n\t\t\tdata-wp-init=\"callbacks.initTriggerButton\"\n\t\t\tdata-wp-on--click=\"actions.showLightbox\"\n\t\t\tdata-wp-style--right=\"state.imageButtonRight\"\n\t\t\tdata-wp-style--top=\"state.imageButtonTop\"\n\t\t>\n\t\t\t<svg xmlns=\"http:\/\/www.w3.org\/2000\/svg\" width=\"12\" height=\"12\" fill=\"none\" viewBox=\"0 0 12 12\">\n\t\t\t\t<path fill=\"#fff\" d=\"M2 0a2 2 0 0 0-2 2v2h1.5V2a.5.5 0 0 1 .5-.5h2V0H2Zm2 10.5H2a.5.5 0 0 1-.5-.5V8H0v2a2 2 0 0 0 2 2h2v-1.5ZM8 12v-1.5h2a.5.5 0 0 0 .5-.5V8H12v2a2 2 0 0 1-2 2H8Zm2-12a2 2 0 0 1 2 2v2h-1.5V2a.5.5 0 0 0-.5-.5H8V0h2Z\" \/>\n\t\t\t<\/svg>\n\t\t<\/button><figcaption class=\"wp-element-caption\">Les d\u00e9l\u00e9gu\u00e9s de la SPFFPA posent sur les marches de la l\u00e9gislature de la Saskatchewan \u00e0 Regina lors du lobby provisoire de l\u2019association.<\/figcaption><\/figure>\n<\/figure>\n\n\n\n<figure data-wp-context=\"{&quot;imageId&quot;:&quot;69f33d533d039&quot;}\" data-wp-interactive=\"core\/image\" data-wp-key=\"69f33d533d039\" class=\"wp-block-image aligncenter size-medium !hidden wp-lightbox-container\"><img decoding=\"async\" width=\"240\" height=\"300\" data-wp-class--hide=\"state.isContentHidden\" data-wp-class--show=\"state.isContentVisible\" data-wp-init=\"callbacks.setButtonStyles\" data-wp-on--click=\"actions.showLightbox\" data-wp-on--load=\"callbacks.setButtonStyles\" data-wp-on-window--resize=\"callbacks.setButtonStyles\" src=\"https:\/\/www.iaff.org\/wp-content\/uploads\/2025\/12\/SPFFPAlob-240x300.png\" alt=\"\" class=\"wp-image-117589\" srcset=\"https:\/\/www.iaff.org\/wp-content\/uploads\/2025\/12\/SPFFPAlob-240x300.png 240w, https:\/\/www.iaff.org\/wp-content\/uploads\/2025\/12\/SPFFPAlob-192x240.png 192w, https:\/\/www.iaff.org\/wp-content\/uploads\/2025\/12\/SPFFPAlob.png 540w\" sizes=\"(max-width: 240px) 100vw, 240px\" \/><button\n\t\t\tclass=\"lightbox-trigger\"\n\t\t\ttype=\"button\"\n\t\t\taria-haspopup=\"dialog\"\n\t\t\taria-label=\"Enlarge\"\n\t\t\tdata-wp-init=\"callbacks.initTriggerButton\"\n\t\t\tdata-wp-on--click=\"actions.showLightbox\"\n\t\t\tdata-wp-style--right=\"state.imageButtonRight\"\n\t\t\tdata-wp-style--top=\"state.imageButtonTop\"\n\t\t>\n\t\t\t<svg xmlns=\"http:\/\/www.w3.org\/2000\/svg\" width=\"12\" height=\"12\" fill=\"none\" viewBox=\"0 0 12 12\">\n\t\t\t\t<path fill=\"#fff\" d=\"M2 0a2 2 0 0 0-2 2v2h1.5V2a.5.5 0 0 1 .5-.5h2V0H2Zm2 10.5H2a.5.5 0 0 1-.5-.5V8H0v2a2 2 0 0 0 2 2h2v-1.5ZM8 12v-1.5h2a.5.5 0 0 0 .5-.5V8H12v2a2 2 0 0 1-2 2H8Zm2-12a2 2 0 0 1 2 2v2h-1.5V2a.5.5 0 0 0-.5-.5H8V0h2Z\" \/>\n\t\t\t<\/svg>\n\t\t<\/button><figcaption class=\"wp-element-caption\">La L\u00e9gislature Saskatchewaqn.<\/figcaption><\/figure>\n\n\n<div class=\"wp-block-paragraph \">\n<p>La SPFFPA a r\u00e9alis\u00e9 de solides progr\u00e8s gr\u00e2ce aux efforts pass\u00e9s de lobby. En 2003, la Saskatchewan a \u00e9t\u00e9 parmi les premi\u00e8res provinces \u00e0 mettre en \u0153uvre une l\u00e9gislation sur le cancer pr\u00e9sum\u00e9 pour les pompiers, et elle domine actuellement le Canada avec 22 cancers couverts. <\/p>\n<\/div>\n<\/div><\/section>\n<div class=\"wp-block-paragraph \">\n<p><\/p>\n<\/div>","protected":false},"featured_media":117628,"menu_order":0,"template":"","tags":[118,62,115,186],"class_list":["post-117604","news","type-news","status-publish","has-post-thumbnail","hentry","tag-action-politique-canadienne","tag-canada-fr-ca","tag-legislation-canadienne","tag-securite-au-travail-fr-ca"],"acf":[],"publishpress_future_workflow_manual_trigger":{"enabledWorkflows":[]},"_links":{"self":[{"href":"https:\/\/www.iaff.org\/fr-ca\/wp-json\/wp\/v2\/news\/117604","targetHints":{"allow":["GET"]}}],"collection":[{"href":"https:\/\/www.iaff.org\/fr-ca\/wp-json\/wp\/v2\/news"}],"about":[{"href":"https:\/\/www.iaff.org\/fr-ca\/wp-json\/wp\/v2\/types\/news"}],"version-history":[{"count":0,"href":"https:\/\/www.iaff.org\/fr-ca\/wp-json\/wp\/v2\/news\/117604\/revisions"}],"wp:featuredmedia":[{"embeddable":true,"href":"https:\/\/www.iaff.org\/fr-ca\/wp-json\/wp\/v2\/media\/117628"}],"wp:attachment":[{"href":"https:\/\/www.iaff.org\/fr-ca\/wp-json\/wp\/v2\/media?parent=117604"}],"wp:term":[{"taxonomy":"post_tag","embeddable":true,"href":"https:\/\/www.iaff.org\/fr-ca\/wp-json\/wp\/v2\/tags?post=117604"}],"curies":[{"name":"wp","href":"https:\/\/api.w.org\/{rel}","templated":true}]}}