{"id":115248,"date":"2025-11-05T15:37:09","date_gmt":"2025-11-05T20:37:09","guid":{"rendered":"https:\/\/www.iaff.org\/news\/firepac-assure-des-victoires-electorales-cles-pour-les-pompiers\/"},"modified":"2025-11-06T10:24:09","modified_gmt":"2025-11-06T15:24:09","slug":"firepac-assure-des-victoires-electorales-cles-pour-les-pompiers","status":"publish","type":"news","link":"https:\/\/www.iaff.org\/fr-ca\/news\/firepac-assure-des-victoires-electorales-cles-pour-les-pompiers\/","title":{"rendered":"FIREPAC assure des victoires \u00e9lectorales cl\u00e9s pour les pompiers"},"content":{"rendered":"<section\n\t class=\"page-blocks iaff-page-blocks align wp-block-acf-page-blocks\" id=\"page-blocks_block_f1816d329c1d18a79d1086e420e1a21a\">\n\t<div class=\"acf-innerblocks-container\">\n<div class=\"wp-block-paragraph \">\n<p><\/p>\n<\/div>\n<\/div><\/section>\n<div class=\"wp-block-paragraph \">\n<p>Des h\u00f4tels de ville aux assembl\u00e9es l\u00e9gislatives, les affili\u00e9s de l\u2019IAFF ont aid\u00e9 \u00e0 \u00e9lire des candidats et \u00e0 faire adopter des mesures r\u00e9f\u00e9rendaires qui renforceront la s\u00e9curit\u00e9 publique et le service d\u2019incendie.  <\/p>\n<\/div><div class=\"wp-block-paragraph \">\n<p>Les \u00e9lecteurs se sont rendus aux urnes mardi pour d\u00e9cider de dizaines de courses ayant un impact sur les pompiers et la s\u00e9curit\u00e9 publique. Non seulement ils ont appuy\u00e9 des candidats pro-pompiers et pro-travailleurs, mais ils ont aussi approuv\u00e9 des efforts pour soutenir un personnel s\u00e9curitaire, augmenter les revenus des services d\u2019incendie et d\u2019autres enjeux touchant les pompiers am\u00e9ricains.   <\/p>\n<\/div><div class=\"wp-block-paragraph \">\n<p>FIREPAC a investi plus de 100 000 $ pour soutenir des candidats appuy\u00e9s par l\u2019IAFF et des initiatives du service d\u2019incendie durant le cycle de campagne de 2025. Ces fonds servaient \u00e0 s\u2019assurer que les \u00e9lecteurs savaient o\u00f9 se situaient les pompiers sur les enjeux importants touchant leurs communaut\u00e9s.   <\/p>\n<\/div><div class=\"wp-block-paragraph \">\n<p>\u00ab La mission politique de l\u2019IAFF est simple \u2013 il ne s\u2019agit pas du rouge ou du bleu, c\u2019est des pompiers. C\u2019est tout \u00bb, a d\u00e9clar\u00e9 le pr\u00e9sident g\u00e9n\u00e9ral Edward Kelly. \u00ab Gr\u00e2ce au soutien de nos membres \u00e0 FIREPAC, notre syndicat a pu appuyer des candidats pro-services d\u2019incendie \u00e0 travers le pays, tous essentiels \u00e0 l\u2019\u00e9laboration des politiques affectant les pompiers et les communaut\u00e9s que nous servons. \u00bb   <\/p>\n<\/div><div class=\"wp-block-paragraph \">\n<p>L\u2019une des victoires les plus significatives mardi a \u00e9t\u00e9 celle des <a href=\"https:\/\/www.facebook.com\/TheVPFF\/\" target=\"_blank\" rel=\"noreferrer noopener\">Virginia Professional Fire Fighters<\/a> (VPFF), qui verront Abigail Spanberger devenir la premi\u00e8re femme gouverneure de Virginie lorsqu\u2019elle pr\u00eatera serment en janvier 2026. Le VPFF a fortement appuy\u00e9 Spanberger, qui a men\u00e9 la lutte pour abroger la disposition d\u2019\u00e9limination des can\u00e9es exceptionnelles (WEP) et la compensation des pensions gouvernementales (GPO) pendant son mandat au Congr\u00e8s.   <\/p>\n<\/div><div class=\"wp-block-paragraph \">\n<p>Avec un alli\u00e9 solide dans la r\u00e9sidence du gouverneur et une nouvelle l\u00e9gislature \u00e0 Richmond, les pompiers de Virginie chercheront d\u00e9sormais \u00e0 garantir des droits de n\u00e9gociation collective \u00e0 l\u2019\u00e9chelle de l\u2019\u00c9tat.  <\/p>\n<\/div>\n<figure class=\"wp-block-pullquote\"><blockquote><p>Gr\u00e2ce au soutien de nos membres \u00e0 FIREPAC, notre syndicat a pu appuyer des candidats pro-services d\u2019incendie \u00e0 travers le pays, tous essentiels \u00e0 l\u2019\u00e9laboration des politiques touchant les pompiers et les communaut\u00e9s que nous servons.<\/p><cite>Pr\u00e9sident g\u00e9n\u00e9ral Edward Kelly<\/cite><\/blockquote><\/figure>\n<div class=\"wp-block-paragraph \">\n<p>Au-del\u00e0 de la Virginie, les affili\u00e9s de l\u2019IAFF ont remport\u00e9 plusieurs victoires cl\u00e9s au niveau local \u00e0 travers le pays.  <\/p>\n<\/div><div class=\"wp-block-paragraph \">\n<p>Au Connecticut, les <a href=\"https:\/\/www.facebook.com\/StratfordFire\/posts\/pfbid0JUUWNFVrtV1SwQqQYEzZFKLQdLNz6FEfZEBzEvCky2hXgqJJkA2shabyAkdCvdcjl\" target=\"_blank\" rel=\"noreferrer noopener\">pompiers professionnels de Stratford, l\u2019IAFF Local 998<\/a> et l\u2019Association des pompiers professionnels en uniforme du Connecticut (UPFFA), ont remport\u00e9 une victoire \u00e9norme en destituant la mairesse sortante de Stratford, Laura Hoydick, qui avait un pass\u00e9 de positions politiques anti-syndicales. Le candidat pro-pompier, le Dr David Chess, qui a obtenu le premier appui politique de la section locale en 15 ans, pr\u00eatera serment en d\u00e9cembre.   <\/p>\n<\/div><div class=\"wp-block-paragraph \">\n<p>\u00c0 St. Paul, au Minnesota, les <a href=\"https:\/\/www.facebook.com\/permalink.php?story_fbid=pfbid02U2poT1GohZiatFcHPaGVB8DBPDZqR5P46N9MGd3uM4ELvbpdyf67FUKoEFPFYNUTl&amp;id=61575233762656\" target=\"_blank\" rel=\"noreferrer noopener\">membres de la section locale 21<\/a> ont appuy\u00e9 la candidate Kaohly Her, qui a d\u00e9log\u00e9 le maire sortant Melvin Carter lors d\u2019une grande surprise lors de la soir\u00e9e \u00e9lectorale. Elle a un solide dossier de soutien aux politiques pro-syndicales au sein de la l\u00e9gislature du Minnesota et a re\u00e7u l\u2019appui de la section locale 21 pour son engagement envers la s\u00e9curit\u00e9 publique et pour garantir que les pompiers de St. Paul disposent des ressources n\u00e9cessaires pour bien servir la ville.   <\/p>\n<\/div><div class=\"wp-block-paragraph \">\n<p>D\u2019autres candidats soutenus par FIREPAC en Ohio, en Virginie et au Kansas ont \u00e9galement connu de grandes victoires lors des soir\u00e9es \u00e9lectorales.  <\/p>\n<\/div><div class=\"wp-block-paragraph \">\n<p>Les habitants du Colorado, du Massachusetts, du Michigan, du Minnesota, de l\u2019Ohio et du Texas ont \u00e9galement remport\u00e9 mardi des initiatives importantes sur les bulletins de vote. Les \u00e9lecteurs ont approuv\u00e9 des mesures pour augmenter le personnel des pompiers, augmenter le financement des services d\u2019incendie, construire de nouvelles casernes, acheter de nouveaux v\u00e9hicules et \u00e9largir les droits de n\u00e9gociation collective \u2013 autant de facteurs qui assureront la s\u00e9curit\u00e9 des communaut\u00e9s et des pompiers.   <\/p>\n<\/div><div class=\"wp-block-paragraph \">\n<p>Les <a href=\"https:\/\/www.iaff.org\/fr-ca\/initiatives-strategiques\/\" target=\"_blank\" rel=\"noreferrer noopener\">militants strat\u00e9giques<\/a> de l\u2019IAFF ont jou\u00e9 un r\u00f4le cl\u00e9 dans ces courses, aidant les sections locales \u00e0 prendre des d\u00e9cisions politiques et de communication tout au long de leurs campagnes. Les affili\u00e9s int\u00e9ress\u00e9s \u00e0 utiliser les sp\u00e9cialistes des campagnes strat\u00e9giques pour leurs \u00e9lections peuvent <a href=\"https:\/\/www.iaff.org\/fr-ca\/a-propos-de-nous\/direction\/\" target=\"_blank\" rel=\"noreferrer noopener\">contacter<\/a> leurs vice-pr\u00e9sidents de district (DVP) pour plus d\u2019informations. <\/p>\n<\/div>","protected":false},"featured_media":108227,"menu_order":0,"template":"","tags":[116],"class_list":["post-115248","news","type-news","status-publish","has-post-thumbnail","hentry","tag-action-politique-etatsunienne"],"acf":[],"publishpress_future_workflow_manual_trigger":{"enabledWorkflows":[]},"_links":{"self":[{"href":"https:\/\/www.iaff.org\/fr-ca\/wp-json\/wp\/v2\/news\/115248","targetHints":{"allow":["GET"]}}],"collection":[{"href":"https:\/\/www.iaff.org\/fr-ca\/wp-json\/wp\/v2\/news"}],"about":[{"href":"https:\/\/www.iaff.org\/fr-ca\/wp-json\/wp\/v2\/types\/news"}],"version-history":[{"count":0,"href":"https:\/\/www.iaff.org\/fr-ca\/wp-json\/wp\/v2\/news\/115248\/revisions"}],"wp:featuredmedia":[{"embeddable":true,"href":"https:\/\/www.iaff.org\/fr-ca\/wp-json\/wp\/v2\/media\/108227"}],"wp:attachment":[{"href":"https:\/\/www.iaff.org\/fr-ca\/wp-json\/wp\/v2\/media?parent=115248"}],"wp:term":[{"taxonomy":"post_tag","embeddable":true,"href":"https:\/\/www.iaff.org\/fr-ca\/wp-json\/wp\/v2\/tags?post=115248"}],"curies":[{"name":"wp","href":"https:\/\/api.w.org\/{rel}","templated":true}]}}