{"id":111517,"date":"2025-10-24T16:00:03","date_gmt":"2025-10-24T20:00:03","guid":{"rendered":"https:\/\/www.iaff.org\/news\/le-parlement-fait-avancer-une-legislation-soutenue-par-liaff-pour-dissuader-les-attaques-contre-les-pompiers-et-les-ambulanciers\/"},"modified":"2025-10-31T11:01:37","modified_gmt":"2025-10-31T15:01:37","slug":"le-parlement-fait-avancer-une-legislation-soutenue-par-liaff-pour-dissuader-les-attaques-contre-les-pompiers-et-les-ambulanciers","status":"publish","type":"news","link":"https:\/\/www.iaff.org\/fr-ca\/news\/le-parlement-fait-avancer-une-legislation-soutenue-par-liaff-pour-dissuader-les-attaques-contre-les-pompiers-et-les-ambulanciers\/","title":{"rendered":"Le Parlement fait avancer une l\u00e9gislation soutenue par l\u2019IAFF pour dissuader les attaques contre les pompiers et les ambulanciers"},"content":{"rendered":"<section\n\t class=\"page-blocks iaff-page-blocks align wp-block-acf-page-blocks\" id=\"page-blocks_block_68646927fc17727da4b365864d264d3e\">\n\t<div class=\"acf-innerblocks-container\">\n<div class=\"wp-block-paragraph \">\n<p><br\/>Le gouvernement du Canada a d\u00e9pos\u00e9 un projet de loi appuy\u00e9 par l\u2019IAFF qui renforcerait les peines pour les personnes reconnues coupables d\u2019avoir agress\u00e9 des pompiers, des ambulanciers et d\u2019autres premiers intervenants.<\/p>\n<\/div>\n\n<div class=\"wp-block-paragraph \">\n<p>Le <a href=\"https:\/\/www.parl.ca\/DocumentViewer\/en\/45-1\/bill\/C-14\/first-reading\" target=\"_blank\" rel=\"noopener\">projet de loi C-14<\/a>, la Loi sur la r\u00e9forme de la caution et de la d\u00e9termination des peines, a \u00e9t\u00e9 pr\u00e9sent\u00e9 le 23 octobre et propose un amendement au Code criminel du Canada pour classer les infractions contre un premier r\u00e9pondant comme circonstances aggravantes \u00e0 consid\u00e9rer lors de la d\u00e9termination de la peine.<\/p>\n<\/div>\n\n<div class=\"wp-block-paragraph \">\n<p>L\u2019IAFF accueille favorablement cette mesure, la qualifiant d\u2019\u00e9tape importante pour s\u2019attaquer \u00e0 un nombre croissant d\u2019incidents violents visant les pompiers et les parad\u00e9miques \u00e0 travers le pays.<\/p>\n<\/div>\n\n<div class=\"wp-block-paragraph \">\n<p>\u00ab Nos emplois sont d\u00e9j\u00e0 assez dangereux sans la menace de violence, et nous sommes reconnaissants pour toute initiative l\u00e9gislative qui s\u2019attaque \u00e0 cette menace croissante pour la sant\u00e9 et la s\u00e9curit\u00e9 de nos membres \u00bb, a d\u00e9clar\u00e9 le pr\u00e9sident g\u00e9n\u00e9ral Edward Kelly.  <\/p>\n<\/div>\n\n<div class=\"wp-block-paragraph \">\n<p>Depuis 2022, l\u2019IAFF fait pression aupr\u00e8s des d\u00e9put\u00e9s et s\u00e9nateurs pour renforcer les protections des pompiers et des ambulanciers en service. Les rapports d\u2019agressions ont \u00e9t\u00e9 particuli\u00e8rement \u00e9lev\u00e9s dans les grands centres urbains et lors des visites m\u00e9dicales. <\/p>\n<\/div>\n\n<div class=\"wp-block-paragraph \">\n<p>\u00c0 Winnipeg seulement, plus de 58 incidents de violence contre les pompiers et les ambulanciers ont \u00e9t\u00e9 signal\u00e9s jusqu\u2019\u00e0 pr\u00e9sent en 2025. Dans un cas, un pompier a \u00e9t\u00e9 frapp\u00e9 au visage avec un poteau m\u00e9tallique alors qu\u2019il r\u00e9pondait \u00e0 un incendie de v\u00e9hicule. Quelques jours plus tard, les \u00e9quipes ont d\u00fb d\u00e9sarmer et ma\u00eetriser un patient en surdose qui brandissait un couteau et mena\u00e7ait de le tuer.  <\/p>\n<\/div>\n\n\n<figure class=\"wp-block-pullquote\"><blockquote><p>Nos emplois sont d\u00e9j\u00e0 assez dangereux sans la menace de violence, et nous sommes reconnaissants pour toute initiative l\u00e9gislative qui s\u2019attaque \u00e0 cette menace croissante pour la sant\u00e9 et la s\u00e9curit\u00e9 de nos membres.<\/p><cite>pr\u00e9sident g\u00e9n\u00e9ral Edward Kelly<\/cite><\/blockquote><\/figure>\n\n\n<div class=\"wp-block-paragraph \">\n<p>Le projet de loi C-14 contient des dispositions similaires au <a href=\"https:\/\/www.parl.ca\/legisinfo\/en\/bill\/45-1\/s-233\" target=\"_blank\" rel=\"noopener\">projet de loi S-233<\/a>, un projet de loi d\u2019initiative parlementaire pr\u00e9sent\u00e9 le 23 septembre par le s\u00e9nateur conservateur Leo Housakos et appuy\u00e9 par le s\u00e9nateur ind\u00e9pendant Hassan Yussuff. L\u2019IAFF appuie les deux projets de loi. Le projet de loi S-233 a \u00e9t\u00e9 adopt\u00e9 trois lectures au S\u00e9nat et attend sa premi\u00e8re lecture \u00e0 la Chambre des communes. Il r\u00e9introduit le <a href=\"https:\/\/www.iaff.org\/fr-ca\/news\/le-projet-de-loi-decourageant-la-violence-a-legard-des-pompiers-et-ambulanciers-paramedicaux-avance-au-parlement-canadien\/\">projet de loi C-321<\/a> du d\u00e9put\u00e9 conservateur Todd Doherty, qui a \u00e9t\u00e9 adopt\u00e9 par la Chambre des communes en 2024 mais qui a cess\u00e9 plus t\u00f4t cette ann\u00e9e lorsque le parlement a \u00e9t\u00e9 suspendu.<\/p>\n<\/div>\n\n<div class=\"wp-block-paragraph \">\n<p>\u00ab Toutes ces initiatives l\u00e9gislatives importantes visant \u00e0 assurer la s\u00e9curit\u00e9 de nos pompiers et ambulanciers param\u00e9dics sont le r\u00e9sultat direct du travail acharn\u00e9 que nous avons accompli au niveau f\u00e9d\u00e9ral au Canada \u00bb, a ajout\u00e9 Kelly. \u00ab Nous esp\u00e9rons poursuivre cet \u00e9lan dans quelques semaines seulement, lorsque nous nous r\u00e9unirons sur la Colline du Parlement pour notre Conf\u00e9rence l\u00e9gislative canadienne. <\/p>\n<\/div>\n\n<div class=\"wp-block-paragraph \">\n<p>\u00ab Nous remercions le premier ministre Carney, le ministre de la Justice Fraser et tous les l\u00e9gislateurs qui d\u00e9fendent la s\u00e9curit\u00e9 de nos membres alors qu\u2019ils servent les communaut\u00e9s \u00e0 travers le pays. \u00bb<\/p>\n<\/div>\n\n<div class=\"wp-block-paragraph \">\n<p>La l\u00e9gislation sera un sujet cl\u00e9 lors de la <a href=\"https:\/\/www.iaff.org\/fr-ca\/conference-legislative-canadienne\/\"><sup>32e<\/sup> Conf\u00e9rence l\u00e9gislative canadienne<\/a> qui se tiendra du 2 au 4 novembre \u00e0 Ottawa. Plus de 140 dirigeants affili\u00e9s de partout au Canada rencontreront des d\u00e9put\u00e9s et s\u00e9nateurs pour d\u00e9fendre les mesures et d\u2019autres priorit\u00e9s nationales, y compris des r\u00e8glements plus stricts sur la lutte contre les incendies dans les a\u00e9roports.<\/p>\n<\/div>\n<\/div><\/section>\n<div class=\"wp-block-paragraph \">\n<p><\/p>\n<\/div>","protected":false},"featured_media":111466,"menu_order":0,"template":"","tags":[118,62,115,186],"class_list":["post-111517","news","type-news","status-publish","has-post-thumbnail","hentry","tag-action-politique-canadienne","tag-canada-fr-ca","tag-legislation-canadienne","tag-securite-au-travail-fr-ca"],"acf":[],"publishpress_future_workflow_manual_trigger":{"enabledWorkflows":[]},"_links":{"self":[{"href":"https:\/\/www.iaff.org\/fr-ca\/wp-json\/wp\/v2\/news\/111517","targetHints":{"allow":["GET"]}}],"collection":[{"href":"https:\/\/www.iaff.org\/fr-ca\/wp-json\/wp\/v2\/news"}],"about":[{"href":"https:\/\/www.iaff.org\/fr-ca\/wp-json\/wp\/v2\/types\/news"}],"version-history":[{"count":0,"href":"https:\/\/www.iaff.org\/fr-ca\/wp-json\/wp\/v2\/news\/111517\/revisions"}],"wp:featuredmedia":[{"embeddable":true,"href":"https:\/\/www.iaff.org\/fr-ca\/wp-json\/wp\/v2\/media\/111466"}],"wp:attachment":[{"href":"https:\/\/www.iaff.org\/fr-ca\/wp-json\/wp\/v2\/media?parent=111517"}],"wp:term":[{"taxonomy":"post_tag","embeddable":true,"href":"https:\/\/www.iaff.org\/fr-ca\/wp-json\/wp\/v2\/tags?post=111517"}],"curies":[{"name":"wp","href":"https:\/\/api.w.org\/{rel}","templated":true}]}}