{"id":110872,"date":"2025-10-16T16:34:18","date_gmt":"2025-10-16T20:34:18","guid":{"rendered":"https:\/\/www.iaff.org\/news\/liaff-exhorte-le-parlement-a-proteger-les-pompiers-et-les-ambulanciers-contre-la-montee-de-la-violence\/"},"modified":"2025-10-22T13:41:29","modified_gmt":"2025-10-22T17:41:29","slug":"liaff-exhorte-le-parlement-a-proteger-les-pompiers-et-les-ambulanciers-contre-la-montee-de-la-violence","status":"publish","type":"news","link":"https:\/\/www.iaff.org\/fr-ca\/news\/liaff-exhorte-le-parlement-a-proteger-les-pompiers-et-les-ambulanciers-contre-la-montee-de-la-violence\/","title":{"rendered":"L\u2019IAFF exhorte le Parlement \u00e0 prot\u00e9ger les pompiers et les ambulanciers contre la mont\u00e9e de la violence"},"content":{"rendered":"<section\n\t class=\"page-blocks iaff-page-blocks align wp-block-acf-page-blocks\" id=\"page-blocks_block_f305c131ba2b3f0029592835651bccb2\">\n\t<div class=\"acf-innerblocks-container\">\n<div class=\"wp-block-paragraph \">\n<p><br\/>L\u2019IAFF demande au gouvernement canadien de pr\u00e9senter une l\u00e9gislation pour prot\u00e9ger les pompiers et les ambulanciers du pays, qui deviennent de plus en plus la cible de menaces et de violence alors qu\u2019ils sont en premi\u00e8re ligne pour prot\u00e9ger leurs concitoyens.<\/p>\n<\/div>\n\n<div class=\"wp-block-paragraph \">\n<p>Dans les villes \u00e0 travers le Canada, la liste des incidents violents visant les membres de l\u2019IAFF ne cesse de cro\u00eetre, surtout dans les centres urbains et pendant que les pompiers et les ambulanciers r\u00e9pondent aux appels m\u00e9dicaux.<\/p>\n<\/div>\n\n<div class=\"wp-block-paragraph \">\n<p>En juillet, un pompier de Winnipeg, au Manitoba, a subi une attaque violente lorsqu\u2019il a \u00e9t\u00e9 frapp\u00e9 au visage avec un poteau m\u00e9tallique alors qu\u2019il r\u00e9pondait \u00e0 un incendie de v\u00e9hicule. Quelques jours plus tard, les pompiers de la ville ont d\u00fb d\u00e9sarmer et ma\u00eetriser un patient en surdose qui brandissait un couteau et mena\u00e7ait de le tuer. Il ne s\u2019agissait que de deux des 58 incidents de violence signal\u00e9s par les pompiers et les ambulanciers de Winnipeg jusqu\u2019\u00e0 pr\u00e9sent en 2025.  <\/p>\n<\/div>\n\n<div class=\"wp-block-paragraph \">\n<p>L\u2019an dernier, une ambulance a \u00e9t\u00e9 d\u00e9tourn\u00e9e \u00e0 Saskatoon, en Saskatchewan, avec deux ambulanciers \u00e0 l\u2019int\u00e9rieur, tous deux bless\u00e9s et forc\u00e9s de quitter leur service. \u00c0 Montr\u00e9al, un pompier a pass\u00e9 plus de dix ans en invalidit\u00e9 de longue dur\u00e9e apr\u00e8s avoir subi un traumatisme caus\u00e9 par une attaque au couteau. \u00c0 Vancouver et dans d\u2019autres villes, les pompiers et les ambulanciers font r\u00e9guli\u00e8rement face \u00e0 des personnes combatives lorsqu\u2019ils r\u00e9pondent \u00e0 des surdoses d\u2019opio\u00efdes.  <\/p>\n<\/div>\n\n<div class=\"wp-block-paragraph \">\n<p>Un sondage aupr\u00e8s des affili\u00e9s de l\u2019IAFF a r\u00e9v\u00e9l\u00e9 que, alors que 13% avaient d\u00e9clar\u00e9 qu\u2019un membre avait \u00e9t\u00e9 victime de violence lors d\u2019incendies dans des b\u00e2timents au cours des cinq ann\u00e9es pr\u00e9c\u00e9dentes, ce chiffre est pass\u00e9 \u00e0 40% en ce qui concerne les appels m\u00e9dicaux. L\u2019ampleur r\u00e9elle du probl\u00e8me est potentiellement beaucoup plus grande en raison du manque de collecte centralis\u00e9e des donn\u00e9es et du fait que la majorit\u00e9 des incidents ne sont probablement pas signal\u00e9s. <\/p>\n<\/div>\n\n<div class=\"wp-block-paragraph \">\n<p>\u00ab Quand un pompier ou un ambulancier arrive, c\u2019est parce que quelqu\u2019un a besoin d\u2019aide \u00bb, a d\u00e9clar\u00e9 le pr\u00e9sident g\u00e9n\u00e9ral Edward Kelly. \u00ab Nos membres ne devraient pas avoir \u00e0 craindre d\u2019\u00eatre attaqu\u00e9s pendant leur travail. Il est temps que le Parlement prenne cette menace au s\u00e9rieux et renforce les protections pr\u00e9vues par le Code criminel. \u00bb <\/p>\n<\/div>\n\n<div class=\"wp-block-paragraph \">\n<p>Le plaidoyer de l\u2019IAFF a d\u00e9j\u00e0 mis la question sur le radar du gouvernement canadien par le pass\u00e9. En 2023, lors d\u2019une session pr\u00e9c\u00e9dente du parlement, le d\u00e9put\u00e9 conservateur de la Colombie-Britannique Todd Doherty a pr\u00e9sent\u00e9 <a href=\"https:\/\/www.iaff.org\/fr-ca\/news\/le-projet-de-loi-decourageant-la-violence-a-legard-des-pompiers-et-ambulanciers-paramedicaux-avance-au-parlement-canadien\/\">le projet de loi C-321<\/a>, une loi modifiant le Code criminel (<em>agressions contre les personnes fournissant des services de sant\u00e9 et les premiers intervenants<\/em>). <\/p>\n<\/div>\n\n<div class=\"wp-block-paragraph \">\n<p>Cette l\u00e9gislation soutenue par l\u2019IAFF proposait un langage exigeant que le statut de premi\u00e8re intervention en service de la victime d\u2019agression soit pris en compte lors de la d\u00e9termination de la peine. Le projet de loi a \u00e9t\u00e9 adopt\u00e9 \u00e0 la Chambre des communes avec un appui unanime et \u00e9tait devant le S\u00e9nat pour examen final lorsque le parlement a \u00e9t\u00e9 suspendu plus t\u00f4t cette ann\u00e9e en raison d\u2019une convocation f\u00e9d\u00e9rale. <\/p>\n<\/div>\n\n\n<figure class=\"wp-block-pullquote\"><blockquote><p>Nos membres ne devraient pas avoir \u00e0 craindre d\u2019\u00eatre attaqu\u00e9s pendant qu\u2019ils font leur travail. Il est temps que le Parlement prenne cette menace au s\u00e9rieux et renforce les protections pr\u00e9vues par le Code criminel. <\/p><cite>pr\u00e9sident g\u00e9n\u00e9ral Edward Kelly<\/cite><\/blockquote><\/figure>\n\n\n<div class=\"wp-block-paragraph \">\n<p>On Sept. 23, similar legislation was introduced in the Senate as <a href=\"https:\/\/www.parl.ca\/legisinfo\/en\/bill\/45-1\/s-233\" target=\"_blank\" rel=\"noopener\">Bill S-233<\/a> by Conservative Senator Leo Housakos. The new bill must start the legislative process from the beginning.<\/p>\n<\/div>\n\n<div class=\"wp-block-paragraph \">\n<p>L\u2019IAFF appuie les initiatives des d\u00e9put\u00e9s priv\u00e9s, telles que les projets de loi C-321 et S-233, tout en soulignant que le gouvernement canadien, par l\u2019entremise du ministre de la Justice, peut traiter la question directement en pr\u00e9sentant sa propre l\u00e9gislation pour modifier le Code criminel afin de dissuader ces agressions.<\/p>\n<\/div>\n\n<div class=\"wp-block-paragraph \">\n<p>IAFF leaders from across Canada will be bringing the issue to Parliament Hill and pushing for legislative action during the <a href=\"https:\/\/www.iaff.org\/fr-ca\/conference-legislative-canadienne\/\">32<sup>nd<\/sup> Canadian Legislative Conference<\/a>, which takes place Nov. 2-4 in Ottawa. The conference will feature a roundtable of IAFF leaders <strong> <\/strong>Discuter des actes de violence envers leurs membres et de l\u2019impact que cela a sur leur sant\u00e9 physique et mentale.<\/p>\n<\/div>\n\n<div class=\"wp-block-paragraph \">\n<p>Les d\u00e9l\u00e9gu\u00e9s \u00e0 la<sup>32e<\/sup> Conf\u00e9rence l\u00e9gislative canadienne, qui a \u00e9t\u00e9 d\u00e9plac\u00e9e \u00e0 l\u2019automne de cette ann\u00e9e \u00e0 la suite de l\u2019\u00e9lection f\u00e9d\u00e9rale du printemps, feront aussi pression sur leurs d\u00e9put\u00e9s et s\u00e9nateurs pour modifier le R\u00e8glement canadien sur l\u2019aviation, qui ne respecte pas les normes internationales pour la lutte contre les incendies dans les a\u00e9roports.<\/p>\n<\/div>\n\n<div class=\"wp-block-paragraph \">\n<p>Cette conf\u00e9rence sera la premi\u00e8re \u00e0 avoir lieu depuis que le premier ministre Mark Carney et son Parti lib\u00e9ral ont \u00e9t\u00e9 \u00e9lus dans un gouvernement minoritaire. L\u2019inscription \u00e0 la conf\u00e9rence et d\u2019autres d\u00e9tails ont \u00e9t\u00e9 envoy\u00e9s par courriel aux dirigeants locaux affili\u00e9s. <br\/><\/p>\n<\/div>\n<\/div><\/section>\n","protected":false},"featured_media":105447,"menu_order":0,"template":"","tags":[62,115,186],"class_list":["post-110872","news","type-news","status-publish","has-post-thumbnail","hentry","tag-canada-fr-ca","tag-legislation-canadienne","tag-securite-au-travail-fr-ca"],"acf":[],"publishpress_future_workflow_manual_trigger":{"enabledWorkflows":[]},"_links":{"self":[{"href":"https:\/\/www.iaff.org\/fr-ca\/wp-json\/wp\/v2\/news\/110872","targetHints":{"allow":["GET"]}}],"collection":[{"href":"https:\/\/www.iaff.org\/fr-ca\/wp-json\/wp\/v2\/news"}],"about":[{"href":"https:\/\/www.iaff.org\/fr-ca\/wp-json\/wp\/v2\/types\/news"}],"version-history":[{"count":0,"href":"https:\/\/www.iaff.org\/fr-ca\/wp-json\/wp\/v2\/news\/110872\/revisions"}],"wp:featuredmedia":[{"embeddable":true,"href":"https:\/\/www.iaff.org\/fr-ca\/wp-json\/wp\/v2\/media\/105447"}],"wp:attachment":[{"href":"https:\/\/www.iaff.org\/fr-ca\/wp-json\/wp\/v2\/media?parent=110872"}],"wp:term":[{"taxonomy":"post_tag","embeddable":true,"href":"https:\/\/www.iaff.org\/fr-ca\/wp-json\/wp\/v2\/tags?post=110872"}],"curies":[{"name":"wp","href":"https:\/\/api.w.org\/{rel}","templated":true}]}}