{"id":110510,"date":"2025-10-10T11:38:50","date_gmt":"2025-10-10T15:38:50","guid":{"rendered":"https:\/\/www.iaff.org\/news\/la-nouvelle-ecosse-repond-aux-appels-pour-des-services-dincendie-plus-surs-et-renforces\/"},"modified":"2025-10-10T11:56:53","modified_gmt":"2025-10-10T15:56:53","slug":"la-nouvelle-ecosse-repond-aux-appels-pour-des-services-dincendie-plus-surs-et-renforces","status":"publish","type":"news","link":"https:\/\/www.iaff.org\/fr-ca\/news\/la-nouvelle-ecosse-repond-aux-appels-pour-des-services-dincendie-plus-surs-et-renforces\/","title":{"rendered":"La Nouvelle-\u00c9cosse r\u00e9pond aux appels pour des services d\u2019incendie plus s\u00fbrs et renforc\u00e9s"},"content":{"rendered":"<section\n\t class=\"page-blocks iaff-page-blocks align wp-block-acf-page-blocks\" id=\"page-blocks_block_676fa767039c54ec6490a292b46ef762\">\n\t<div class=\"acf-innerblocks-container\">\n<div class=\"wp-block-paragraph \">\n<p>Les affili\u00e9s de l\u2019IAFF en Nouvelle-\u00c9cosse sont optimistes quant \u00e0 l\u2019engagement r\u00e9cent du gouvernement provincial pour r\u00e9gler des probl\u00e8mes de longue date avec le service d\u2019incendie de la province qui affectent les pompiers et la s\u00e9curit\u00e9 publique depuis des d\u00e9cennies.  <\/p>\n<\/div>\n\n<div class=\"wp-block-paragraph \">\n<p>Le 1er octobre, la ministre de la Gestion des urgences de la Nouvelle-\u00c9cosse, Kim Masland, a annonc\u00e9 le <a href=\"https:\/\/nslegislature.ca\/legc\/bills\/65th_1st\/1st_read\/b158.htm\" target=\"_blank\" rel=\"noreferrer noopener\">projet de loi 158<\/a>, la Loi sur la s\u00e9curit\u00e9 incendie et les services. Le projet de loi \u00e9tablit un cadre pour am\u00e9liorer plusieurs aspects des services d\u2019incendie de la province, y compris la gouvernance et la l\u00e9gislation; la r\u00e9partition des incendies et les communications; des normes de formation et de certification; la sant\u00e9, la s\u00e9curit\u00e9 et le bien-\u00eatre des pompiers; et un financement durable.   <\/p>\n<\/div>\n\n<div class=\"wp-block-paragraph \">\n<p>La l\u00e9gislation pr\u00e9voit un processus de consultation qui orientera les r\u00e9formes des services d\u2019incendie de la province, la l\u00e9gislation finale devant \u00eatre pr\u00e9sent\u00e9e d\u2019ici le 30 septembre 2026.  <\/p>\n<\/div>\n\n<div class=\"wp-block-paragraph \">\n<p>Cette annonce refl\u00e8te des ann\u00e9es de plaidoyer des affili\u00e9s de l\u2019IAFF dans la province et de la famille de Skyler Blackie, membre de la section locale 1627 de Truro, d\u00e9c\u00e9d\u00e9e dans un tragique accident \u00e0 l\u2019\u00c9cole des pompiers de la Nouvelle-\u00c9cosse en 2019.  <\/p>\n<\/div>\n\n\n<figure class=\"wp-block-pullquote\"><blockquote><p>Nous sommes optimistes quant \u00e0 l\u2019engagement de ce gouvernement envers les pompiers de notre province, et nous sommes impatients de collaborer pour faire adopter une l\u00e9gislation significative.  <\/p><cite>Joe Triff, pr\u00e9sident de l\u2019APFFA<\/cite><\/blockquote><\/figure>\n\n\n<div class=\"wp-block-paragraph \">\n<p>Joe Triff, pr\u00e9sident de l\u2019Association des pompiers professionnels des provinces de l\u2019Atlantique (APPFFA), s\u2019est joint \u00e0 Masland pour l\u2019annonce du projet de loi, accompagn\u00e9 du pr\u00e9sident de la section locale 268 d\u2019Halifax, Brendan Meagher, du vice-pr\u00e9sident de l\u2019APPFFA pour la Nouvelle-\u00c9cosse, Mike Sears, et de membres de la famille Blackie.  <\/p>\n<\/div>\n\n<div class=\"wp-block-paragraph \">\n<p>Triff affirme que l\u2019initiative pourrait enfin apporter des am\u00e9liorations longtemps attendues \u00e0 la fa\u00e7on dont les services d\u2019incendie sont gouvern\u00e9s et exploit\u00e9s \u00e0 travers la province, qui compte un peu plus d\u2019un million de personnes.  <\/p>\n<\/div>\n\n<div class=\"wp-block-paragraph \">\n<p>\u00ab Nous sommes optimistes quant \u00e0 l\u2019engagement de ce gouvernement envers les pompiers de notre province, et nous avons h\u00e2te de collaborer pour faire adopter une l\u00e9gislation significative \u00bb, a d\u00e9clar\u00e9 Triff.  <\/p>\n<\/div>\n\n<div class=\"wp-block-paragraph \">\n<p>Pendant des d\u00e9cennies, les services d\u2019incendie professionnels et volontaires de la Nouvelle-\u00c9cosse ont \u00e9t\u00e9 frein\u00e9s par des p\u00e9nuries de personnel, des p\u00e9nuries en sant\u00e9 et s\u00e9curit\u00e9 ainsi que par l\u2019absence de normes de formation communes.  <\/p>\n<\/div>\n\n\n<figure class=\"wp-block-pullquote\"><blockquote><p>La famille Blackie est la colonne vert\u00e9brale de cette campagne depuis ses d\u00e9buts. Notre section locale \u00e9tait enti\u00e8rement favorable, exigeant reddition de comptes et transparence de la part de l\u2019\u00c9cole des pompiers de la Nouvelle-\u00c9cosse. Je sais que nous continuerons de travailler avec le gouvernement de la Nouvelle-\u00c9cosse, la famille Blackie et les autres sections locales de l\u2019IAFF de la Nouvelle-\u00c9cosse pour promouvoir un changement positif.  <\/p><cite>Pr\u00e9sident de la section locale 1627 de Truro, Tom Malone<\/cite><\/blockquote><\/figure>\n\n\n<div class=\"wp-block-paragraph \">\n<p>Un autre facteur ayant contribu\u00e9 \u00e0 cet appel au changement a \u00e9t\u00e9 r\u00e9alis\u00e9 par la province par un audit s\u00e9v\u00e8re offrant un bon rapport qualit\u00e9-prix de l\u2019\u00c9cole des pompiers de la Nouvelle-\u00c9cosse. Publi\u00e9 en ao\u00fbt, l\u2019audit a r\u00e9v\u00e9l\u00e9 de graves probl\u00e8mes de s\u00e9curit\u00e9 dans l\u2019\u00e9cole, notamment des lacunes non r\u00e9solues, une d\u00e9faillance de la responsabilit\u00e9 en mati\u00e8re de s\u00e9curit\u00e9, un mod\u00e8le de gouvernance inad\u00e9quat, un manque de planification strat\u00e9gique et une \u00e9rosion de la confiance du public. La province a ensuite rompu ses liens avec l\u2019\u00e9cole.    <\/p>\n<\/div>\n\n<div class=\"wp-block-paragraph \">\n<p>Le 9 mars 2019, Blackie a \u00e9t\u00e9 frapp\u00e9 \u00e0 la t\u00eate apr\u00e8s qu\u2019un extincteur d\u00e9fectueux, donn\u00e9 \u00e0 l\u2019\u00e9cole, ait explos\u00e9 lors d\u2019un test de recertification. Il est d\u00e9c\u00e9d\u00e9 \u00e0 l\u2019h\u00f4pital 11 jours plus tard \u00e0 l\u2019\u00e2ge de 28 ans, laissant derri\u00e8re lui une \u00e9pouse, ses parents et deux fr\u00e8res et s\u0153urs. Plus de 2 000 personnes ont assist\u00e9 \u00e0 ses fun\u00e9railles.  <\/p>\n<\/div>\n\n<div class=\"wp-block-paragraph \">\n<p>Le pr\u00e9sident de la section locale 1627 de Truro, Tom Malone, a d\u00e9clar\u00e9 que, bien que l\u2019initiative en soit \u00e0 ses d\u00e9buts, ses membres et la famille Blackie sont heureux de constater que leur plaidoyer pour un service d\u2019incendie plus s\u00e9curitaire a men\u00e9 \u00e0 des actions, notant que des enjeux comme la gouvernance, la constance dans la r\u00e9ponse aux incendies, la sant\u00e9 et le bien-\u00eatre des pompiers ainsi que l\u2019acc\u00e8s \u00e0 une formation et une certification s\u00e9curitaires touchent tous les aspects du service d\u2019incendie.  <\/p>\n<\/div>\n\n<div class=\"wp-block-paragraph \">\n<p>\u00ab La famille Blackie est la colonne vert\u00e9brale de cette campagne depuis le d\u00e9but. Notre section locale \u00e9tait enti\u00e8rement favorable, exigeant de la part de l\u2019\u00c9cole des pompiers de la Nouvelle-\u00c9cosse et de la reddition de comptes et de transparence, \u00bb a-t-il d\u00e9clar\u00e9. \u00ab Je sais que nous continuerons de travailler avec le gouvernement de la Nouvelle-\u00c9cosse, la famille Blackie et les autres sections locales de l\u2019IAFF de la Nouvelle-\u00c9cosse pour promouvoir un changement positif. \u00bb   <\/p>\n<\/div>\n\n<div class=\"wp-block-paragraph \">\n<p>L\u2019IAFF repr\u00e9sente 695 membres dans quatre sections locales municipales \u00e0 travers la Nouvelle-\u00c9cosse \u2013 Halifax Local 268, Cape Breton Local 2779, Truro Local 1627 et Yarmouth Local 2094.  <\/p>\n<\/div>\n<\/div><\/section>\n","protected":false},"featured_media":110519,"menu_order":0,"template":"","tags":[62,68,115,186],"class_list":["post-110510","news","type-news","status-publish","has-post-thumbnail","hentry","tag-canada-fr-ca","tag-formation","tag-legislation-canadienne","tag-securite-au-travail-fr-ca"],"acf":[],"publishpress_future_workflow_manual_trigger":{"enabledWorkflows":[]},"_links":{"self":[{"href":"https:\/\/www.iaff.org\/fr-ca\/wp-json\/wp\/v2\/news\/110510","targetHints":{"allow":["GET"]}}],"collection":[{"href":"https:\/\/www.iaff.org\/fr-ca\/wp-json\/wp\/v2\/news"}],"about":[{"href":"https:\/\/www.iaff.org\/fr-ca\/wp-json\/wp\/v2\/types\/news"}],"version-history":[{"count":0,"href":"https:\/\/www.iaff.org\/fr-ca\/wp-json\/wp\/v2\/news\/110510\/revisions"}],"wp:featuredmedia":[{"embeddable":true,"href":"https:\/\/www.iaff.org\/fr-ca\/wp-json\/wp\/v2\/media\/110519"}],"wp:attachment":[{"href":"https:\/\/www.iaff.org\/fr-ca\/wp-json\/wp\/v2\/media?parent=110510"}],"wp:term":[{"taxonomy":"post_tag","embeddable":true,"href":"https:\/\/www.iaff.org\/fr-ca\/wp-json\/wp\/v2\/tags?post=110510"}],"curies":[{"name":"wp","href":"https:\/\/api.w.org\/{rel}","templated":true}]}}