{"id":107453,"date":"2025-08-29T10:51:47","date_gmt":"2025-08-29T14:51:47","guid":{"rendered":"https:\/\/www.iaff.org\/news\/lillinois-interdit-les-pfas-dans-lequipement-des-pompiers-avec-une-nouvelle-loi\/"},"modified":"2025-09-02T09:14:40","modified_gmt":"2025-09-02T13:14:40","slug":"lillinois-interdit-les-pfas-dans-lequipement-des-pompiers-avec-une-nouvelle-loi","status":"publish","type":"news","link":"https:\/\/www.iaff.org\/fr-ca\/news\/lillinois-interdit-les-pfas-dans-lequipement-des-pompiers-avec-une-nouvelle-loi\/","title":{"rendered":"L\u2019Illinois interdit les PFAS dans l\u2019\u00e9quipement des pompiers avec une nouvelle loi"},"content":{"rendered":"<section\n\t class=\"page-blocks iaff-page-blocks align wp-block-acf-page-blocks\" id=\"page-blocks_block_3afddb64823aea50b7a325ce3bcb9abf\">\n\t<div class=\"acf-innerblocks-container\">\n<div class=\"wp-block-paragraph \">\n<p><\/p>\n<\/div>\n<\/div><\/section>\n<div class=\"wp-block-paragraph \">\n<p>L\u2019Illinois est maintenant le troisi\u00e8me \u00c9tat \u00e0 interdire les PFAS ajout\u00e9s intentionnellement, ou \u00ab produits chimiques \u00e9ternels \u00bb, dans les \u00e9quipements de protection des pompiers gr\u00e2ce \u00e0 un nouveau projet de loi sign\u00e9 plus t\u00f4t ce mois-ci.  <\/p>\n<\/div><div class=\"wp-block-paragraph \">\n<p>Le 15 ao\u00fbt, le gouverneur J.B. Pritzker a sign\u00e9 la loi <a href=\"https:\/\/www.ilga.gov\/Legislation\/BillStatus\/FullText?GAID=18&amp;DocNum=2409&amp;DocTypeID=HB&amp;LegId=160142&amp;SessionID=114\" target=\"_blank\" rel=\"noreferrer noopener\">H.B. 2409,<\/a> la loi sur les EPI PFAS du chef adjoint Pete Bendinelli. Nomm\u00e9e en l\u2019honneur de Pete Bendinelli, membre de longue date de la section locale 621 des pompiers de Calumet City, d\u00e9c\u00e9d\u00e9 d\u2019un cancer plus t\u00f4t cette ann\u00e9e, la loi interdit la vente d\u2019\u00e9quipement de branchement et d\u2019EPI avec des PFAS ajout\u00e9s intentionnellement aux services d\u2019incendie \u00e0 compter du 1er janvier 2027.   <\/p>\n<\/div><div class=\"wp-block-paragraph \">\n<p>Les fabricants seront \u00e9galement tenus de fournir un avis \u00e9crit de tout appareil d\u2019aiguillage contenant des SPFA ajout\u00e9es intentionnellement \u00e0 partir de 2026.  <\/p>\n<\/div><div class=\"wp-block-paragraph \">\n<p>D\u00e9fendue par l\u2019Associated Fire Fighters of Illinois (AFFI), la mesure est le r\u00e9sultat d\u2019un fort plaidoyer des pompiers de l\u2019Illinois et des deux principaux parrains du projet de loi : le s\u00e9nateur d\u2019\u00c9tat Ram Villivalam (D) et le repr\u00e9sentant d\u2019\u00c9tat Mike Kelly (D), un pompier de Chicago. Le projet de loi a \u00e9t\u00e9 adopt\u00e9 \u00e0 l\u2019unanimit\u00e9 par la Chambre et le S\u00e9nat.   <\/p>\n<\/div><div class=\"wp-block-paragraph \">\n<p>\u00ab L\u2019AFFI tient \u00e0 remercier le gouverneur Pritzker pour sa signature et f\u00e9licite le repr\u00e9sentant Kelly et le s\u00e9nateur Villivalam pour leur solide leadership et leur engagement \u00bb, a d\u00e9clar\u00e9 le pr\u00e9sident de l\u2019AFFI, Chuck Sullivan. \u00ab Ils ont d\u00e9fendu cette question en tant que parrains principaux dans leurs chambres respectives. \u00bb   <\/p>\n<\/div><div class=\"wp-block-paragraph \">\n<p>La r\u00e9duction de l\u2019exposition aux substances canc\u00e9rog\u00e8nes caus\u00e9es par les \u00e9quipements de protection est un \u00e9l\u00e9ment cl\u00e9 de la mission continue de l\u2019AIP visant \u00e0 lutter contre l\u2019\u00e9pid\u00e9mie de cancer dans les services d\u2019incendie. <a href=\"https:\/\/www.usfa.fema.gov\/blog\/results-of-2nd-nist-study-on-pfas-in-turnout-gear\/#:~:text=Why%20should%20firefighters%20care%20about,compared%20to%20the%20general%20population.\" target=\"_blank\" rel=\"noreferrer noopener\">Des \u00e9tudes<\/a> sugg\u00e8rent une forte association entre les SPFA et les r\u00e9sultats n\u00e9gatifs pour la sant\u00e9 tels que le cancer, les maladies r\u00e9nales et les dommages \u00e0 la reproduction.  <\/p>\n<\/div><div class=\"wp-block-paragraph \">\n<p>\u00ab Nous \u00e9tions loin de nous douter que l\u2019\u00e9quipement con\u00e7u pour nous prot\u00e9ger nous tuait en fait \u00bb, a d\u00e9clar\u00e9 Kelly, qui est membre de la section locale 2 de Chicago depuis pr\u00e8s de 20 ans.  <\/p>\n<\/div>\n<figure class=\"wp-block-pullquote\"><blockquote><p>L\u2019AFFI tient \u00e0 remercier le gouverneur Pritzker pour sa signature et f\u00e9licite le repr\u00e9sentant Kelly et le s\u00e9nateur Villivalam pour leur leadership et leur engagement. Ils ont d\u00e9fendu cette question en tant que parrains principaux dans leurs chambres respectives. <\/p><cite>Le pr\u00e9sident de l\u2019AFFI, Chuck Sullivan<\/cite><\/blockquote><\/figure>\n<div class=\"wp-block-paragraph \">\n<p>Avec la signature du projet de loi H.B. 2409, l\u2019Illinois rejoint maintenant le <a href=\"https:\/\/www.iaff.org\/fr-ca\/news\/icymi-kelly-fait-leloge-de-la-nouvelle-loi-sur-les-spfa-du-massachusetts-appelle-a-dautres-a-suivre-dans-larticle-dopinion-du-boston-globe\/\" target=\"_blank\" rel=\"noreferrer noopener\">Massachusetts<\/a> et le <a href=\"https:\/\/www.theguardian.com\/environment\/article\/2024\/aug\/23\/pfas-firefighter-gear-ban-massachusetts-connecticut\" target=\"_blank\" rel=\"noreferrer noopener\">Connecticut<\/a> comme les premiers \u00c9tats \u00e0 interdire la vente d\u2019\u00e9quipement de protection des pompiers contenant des PFAS ajout\u00e9s intentionnellement.  <\/p>\n<\/div><div class=\"wp-block-paragraph \">\n<p>\u00ab Le cancer professionnel est la plus grande menace pour les membres de l\u2019AIP aujourd\u2019hui, a d\u00e9clar\u00e9 le pr\u00e9sident g\u00e9n\u00e9ral Edward Kelly. \u00ab J\u2019applaudis le travail de nos fr\u00e8res et s\u0153urs de l\u2019AFFI pour avoir donn\u00e9 la priorit\u00e9 \u00e0 la sant\u00e9 et \u00e0 la s\u00e9curit\u00e9 des membres actuels et futurs, et pour avoir obtenu un soutien bipartite aussi large pour cet important projet de loi. \u00bb   <\/p>\n<\/div><div class=\"wp-block-paragraph \">\n<p>On s\u2019attend \u00e0 ce que davantage d\u2019\u00c9tats et de municipalit\u00e9s prennent des mesures similaires \u00e0 mesure que les dangers de ces produits chimiques \u00e9ternels seront mieux compris par les l\u00e9gislateurs et le public gr\u00e2ce au plaidoyer de l\u2019AIP et de ses affili\u00e9s.  <\/p>\n<\/div>\n<figure class=\"wp-block-pullquote\"><blockquote><p>J\u2019applaudis le travail de nos confr\u00e8res et s\u0153urs de l\u2019AFFI qui accordent la priorit\u00e9 \u00e0 la sant\u00e9 et \u00e0 la s\u00e9curit\u00e9 des membres actuels et futurs, et qui obtiennent un soutien bipartite aussi large pour cet important projet de loi.<\/p><cite>Pr\u00e9sident g\u00e9n\u00e9ral Edward Kelly<\/cite><\/blockquote><\/figure>\n<div class=\"wp-block-paragraph \">\n<p>Alors que les minist\u00e8res passent \u00e0 des \u00e9quipements sans PFAS, des tests ind\u00e9pendants restent essentiels pour s\u2019assurer que les \u00e9quipements de protection nouvellement achet\u00e9s sont tels que commercialis\u00e9s. \u00c0 Quincy, au Massachusetts, <a href=\"https:\/\/www.iaff.org\/fr-ca\/news\/des-tests-revelent-les-pfas-dans-les-engins-vendus-comme-sans-pfas\/\" target=\"_blank\" rel=\"noreferrer noopener\">des tests effectu\u00e9s plus t\u00f4t ce mois-ci ont r\u00e9v\u00e9l\u00e9 des niveaux inqui\u00e9tants de PFAS dans les engins vendus comme \u00ab sans PFAS \u00bb,<\/a> soulignant l\u2019importance de ne pas se fier aux assurances du fabricant.   <\/p>\n<\/div><div class=\"wp-block-paragraph \">\n<p>Pour en savoir plus sur la lutte de l\u2019AIP pour r\u00e9duire l\u2019exposition aux SPFA et pour voir une liste de ressources pour les membres, visitez <a href=\"https:\/\/www.iaff.org\/fr-ca\/les-substances-perfluoroalkyliques-et-polyfluoroalkyliques-spfa-et-les-tenues-dintervention\/\" target=\"_blank\" rel=\"noreferrer noopener\">iaff.org\/pfas<\/a>.<\/p>\n<\/div>","protected":false},"featured_media":107417,"menu_order":0,"template":"","tags":[88,61,82],"class_list":["post-107453","news","type-news","status-publish","has-post-thumbnail","hentry","tag-cancer-fr-ca","tag-legislation-etatsunienne","tag-spfa"],"acf":[],"publishpress_future_workflow_manual_trigger":{"enabledWorkflows":[]},"_links":{"self":[{"href":"https:\/\/www.iaff.org\/fr-ca\/wp-json\/wp\/v2\/news\/107453","targetHints":{"allow":["GET"]}}],"collection":[{"href":"https:\/\/www.iaff.org\/fr-ca\/wp-json\/wp\/v2\/news"}],"about":[{"href":"https:\/\/www.iaff.org\/fr-ca\/wp-json\/wp\/v2\/types\/news"}],"version-history":[{"count":0,"href":"https:\/\/www.iaff.org\/fr-ca\/wp-json\/wp\/v2\/news\/107453\/revisions"}],"wp:featuredmedia":[{"embeddable":true,"href":"https:\/\/www.iaff.org\/fr-ca\/wp-json\/wp\/v2\/media\/107417"}],"wp:attachment":[{"href":"https:\/\/www.iaff.org\/fr-ca\/wp-json\/wp\/v2\/media?parent=107453"}],"wp:term":[{"taxonomy":"post_tag","embeddable":true,"href":"https:\/\/www.iaff.org\/fr-ca\/wp-json\/wp\/v2\/tags?post=107453"}],"curies":[{"name":"wp","href":"https:\/\/api.w.org\/{rel}","templated":true}]}}