{"id":105933,"date":"2025-08-11T14:54:02","date_gmt":"2025-08-11T18:54:02","guid":{"rendered":"https:\/\/www.iaff.org\/news\/les-membres-de-laip-reagissent-aux-inondations-record-au-wisconsin\/"},"modified":"2025-09-29T15:15:34","modified_gmt":"2025-09-29T19:15:34","slug":"les-membres-de-laip-reagissent-aux-inondations-record-au-wisconsin","status":"publish","type":"news","link":"https:\/\/www.iaff.org\/fr-ca\/news\/les-membres-de-laip-reagissent-aux-inondations-record-au-wisconsin\/","title":{"rendered":"Les membres de l\u2019IAFF r\u00e9pondent \u00e0 des inondations record au Wisconsin"},"content":{"rendered":"<div class=\"wp-block-paragraph \">\n<p>De violentes temp\u00eates ont d\u00e9vers\u00e9 plusieurs centim\u00e8tres de pluie sur le Midwest au cours du week-end, fracassant des records de pr\u00e9cipitations quotidiennes et provoquant des inondations soudaines. Les membres de l\u2019AIP ont r\u00e9pondu \u00e0 des centaines d\u2019appels d\u2019urgence, allant de fuites de gaz \u00e0 des maisons inond\u00e9es.   <\/p>\n<\/div><div class=\"wp-block-paragraph \">\n<p>Le comt\u00e9 de Milwaukee, au Wisconsin, et les r\u00e9gions environnantes ont \u00e9t\u00e9 parmi les plus durement touch\u00e9s. <a href=\"https:\/\/www.wisn.com\/article\/gov-evers-approves-national-guard-assistance-for-milwaukee-county\/65649339\" target=\"_blank\" rel=\"noopener\">L\u2019a\u00e9roport Timmerman de Milwaukee<\/a> a signal\u00e9 14,5 pouces, le plus grand total v\u00e9rifi\u00e9.  <\/p>\n<\/div><div class=\"wp-block-paragraph \">\n<p>\u00ab Nous n\u2019avons pas vu de pluie comme celle-ci depuis probablement 20 ans. Mais d\u00e8s que les eaux ont commenc\u00e9 \u00e0 monter, nos fr\u00e8res et s\u0153urs \u00e9taient pr\u00eats \u00e0 r\u00e9pondre \u00bb, a d\u00e9clar\u00e9 le vice-pr\u00e9sident du 5e district, Mahlon Mitchell. \u00ab Tout le monde travaillait m\u00eame si certains membres subissaient des inondations dans leurs propres maisons. Je suis tr\u00e8s fier du travail acharn\u00e9 qu\u2019ils ont accompli pour assurer la s\u00e9curit\u00e9 du public. <br\/> <br\/>Mitchell a d\u00e9clar\u00e9 qu\u2019aucun membre n\u2019a signal\u00e9 d\u2019\u00eatre d\u00e9plac\u00e9, mais que plusieurs ont subi des inondations dans leurs sous-sols. \u00ab L\u2019AIP est pr\u00eate \u00e0 aider au besoin \u00bb, a-t-il d\u00e9clar\u00e9.    <\/p>\n<\/div><div class=\"wp-block-paragraph \">\n<p>Les temp\u00eates se sont d\u00e9plac\u00e9es dans la r\u00e9gion le 9 ao\u00fbt et n\u2019ont commenc\u00e9 \u00e0 se calmer que le lendemain. L\u2019eau a rapidement commenc\u00e9 \u00e0 monter, inondant les commerces, les maisons et les rues.   <\/p>\n<\/div><div class=\"wp-block-paragraph \">\n<p>\u00ab Nous avons r\u00e9pondu \u00e0 plus de 600 appels, dont deux grands incendies, des fuites de gaz, des sous-sols inond\u00e9s, des voitures submerg\u00e9es et des sauvetages aquatiques dans les premi\u00e8res heures de la temp\u00eate \u00bb, a d\u00e9clar\u00e9 le pr\u00e9sident de la section locale 215 de Milwaukee, Eric Daun. \u00ab Milwaukee et les d\u00e9partements environnants \u00e9taient n\u00e9cessaires pour g\u00e9rer le volume. \u00bb   <\/p>\n<\/div><div class=\"wp-block-paragraph \">\n<p><a href=\"https:\/\/apnews.com\/article\/weather-wisconsin-flooding-rain-8a80cc7bb23be849ca4eeb088fa6165d\" target=\"_blank\" rel=\"noopener\">Lundi<\/a>, les eaux se retiraient et les appels ralentissaient. En cons\u00e9quence, Daun dit que le service d\u2019incendie de Milwaukee a accord\u00e9 aux membres qui ont subi des inondations un cong\u00e9 pour s\u00e9curiser leurs r\u00e9sidences.  <\/p>\n<\/div>","protected":false},"featured_media":105927,"menu_order":0,"template":"","tags":[90],"class_list":["post-105933","news","type-news","status-publish","has-post-thumbnail","hentry","tag-intervention-en-cas-de-catastrophe"],"acf":[],"publishpress_future_workflow_manual_trigger":{"enabledWorkflows":[]},"_links":{"self":[{"href":"https:\/\/www.iaff.org\/fr-ca\/wp-json\/wp\/v2\/news\/105933","targetHints":{"allow":["GET"]}}],"collection":[{"href":"https:\/\/www.iaff.org\/fr-ca\/wp-json\/wp\/v2\/news"}],"about":[{"href":"https:\/\/www.iaff.org\/fr-ca\/wp-json\/wp\/v2\/types\/news"}],"version-history":[{"count":0,"href":"https:\/\/www.iaff.org\/fr-ca\/wp-json\/wp\/v2\/news\/105933\/revisions"}],"wp:featuredmedia":[{"embeddable":true,"href":"https:\/\/www.iaff.org\/fr-ca\/wp-json\/wp\/v2\/media\/105927"}],"wp:attachment":[{"href":"https:\/\/www.iaff.org\/fr-ca\/wp-json\/wp\/v2\/media?parent=105933"}],"wp:term":[{"taxonomy":"post_tag","embeddable":true,"href":"https:\/\/www.iaff.org\/fr-ca\/wp-json\/wp\/v2\/tags?post=105933"}],"curies":[{"name":"wp","href":"https:\/\/api.w.org\/{rel}","templated":true}]}}