{"id":102000,"date":"2025-07-21T20:21:32","date_gmt":"2025-07-22T00:21:32","guid":{"rendered":"https:\/\/www.iaff.org\/news\/des-centaines-de-personnes-se-rassemblent-a-austin-pour-denoncer-la-proposition-de-reduction-de-la-dotation-en-personnel-securitaire\/"},"modified":"2025-07-23T12:39:06","modified_gmt":"2025-07-23T16:39:06","slug":"des-centaines-de-personnes-se-rassemblent-a-austin-pour-denoncer-la-proposition-de-reduction-de-la-dotation-en-personnel-securitaire","status":"publish","type":"news","link":"https:\/\/www.iaff.org\/fr-ca\/news\/des-centaines-de-personnes-se-rassemblent-a-austin-pour-denoncer-la-proposition-de-reduction-de-la-dotation-en-personnel-securitaire\/","title":{"rendered":"Des centaines de personnes se rassemblent \u00e0 Austin pour d\u00e9noncer la proposition de r\u00e9duction de la dotation en personnel s\u00e9curitaire"},"content":{"rendered":"<section\n\t class=\"page-blocks iaff-page-blocks align wp-block-acf-page-blocks\" id=\"page-blocks_block_cce16b3db7a82d156f2d3e8d0d79caf8\">\n\t<div class=\"acf-innerblocks-container\">\n<div class=\"wp-block-paragraph \">\n<p>L\u2019expression \u00ab risquez beaucoup pour \u00e9conomiser beaucoup \u00bb est plus qu\u2019une devise pour les pompiers; c\u2019est une question de vie ou de mort.<\/p>\n<\/div>\n\n<div class=\"wp-block-paragraph \">\n<p>Le pr\u00e9sident g\u00e9n\u00e9ral Edward Kelly l\u2019a soulign\u00e9 dans un avertissement ferme au directeur municipal d\u2019Austin, T.C. Broadnax, et au chef des pompiers, Joel Baker, alors qu\u2019ils envisagent d\u2019\u00e9quilibrer le budget de la ville sur le dos d\u2019une dotation en personnel s\u00e9curitaire.<\/p>\n<\/div>\n\n<div class=\"wp-block-paragraph \">\n<p>\u00ab Ce que le chef et le directeur municipal proposent, c\u2019est de r\u00e9duire le service d\u2019incendie d\u2019Austin en dessous des normes nationales \u00bb, a d\u00e9clar\u00e9 Kelly <a href=\"https:\/\/www.youtube.com\/watch?v=tQYxx07p5KQ&amp;t=112s\" target=\"_blank\" rel=\"noopener\">sur les marches de l\u2019h\u00f4tel de ville d\u2019Austin<\/a> . \u00ab Cela met les citoyens en danger, et nous avons pr\u00eat\u00e9 serment de prot\u00e9ger les citoyens et de mourir pour eux si n\u00e9cessaire. \u00bb <\/p>\n<\/div>\n\n\n<figure class=\"wp-block-pullquote\"><blockquote><p>Ce que le chef et le directeur municipal proposent, c\u2019est de r\u00e9duire le service d\u2019incendie d\u2019Austin en dessous des normes nationales. Cela met les citoyens en danger, et nous avons pr\u00eat\u00e9 serment de prot\u00e9ger les citoyens et de mourir pour eux si n\u00e9cessaire. <\/p><cite>pr\u00e9sident g\u00e9n\u00e9ral Edward Kelly<\/cite><\/blockquote><\/figure>\n\n\n<div class=\"wp-block-paragraph \">\n<p>Kelly, le vice-pr\u00e9sident du<sup> 11e district, Michael Glynn, et des centaines de pompiers d\u2019Austin se sont r\u00e9unis pour s\u2019opposer \u00e0 un projet de budget visant \u00e0 r\u00e9duire le personnel de 48 des 50 camions de pompiers de la ville de quatre \u00e0 trois pompiers \u00e0 compter du 1er janvier 2026.<\/sup><\/p>\n<\/div>\n\n<div class=\"wp-block-paragraph \">\n<p>Les pompiers d\u2019Austin <a href=\"https:\/\/www.statesman.com\/story\/news\/local\/2025\/07\/21\/austin-firefighters-sound-alarm-over-proposed-staffing-reduction\/85314463007\/\" target=\"_blank\" rel=\"noreferrer noopener\">pr\u00e9conisent<\/a> une dotation de quatre personnes depuis 1993. Il a \u00e9t\u00e9 mis en \u0153uvre par le service en 2013 avant que le conseil municipal d\u2019Austin <a href=\"https:\/\/www.iaff.org\/fr-ca\/news\/une-nouvelle-ordonnance-de-la-ville-daustin-exige-un-personnel-de-quatre-personnes\/?utm_source=chatgpt.com\" target=\"_blank\" rel=\"noreferrer noopener\">n\u2019adopte<\/a> l\u2019une des premi\u00e8res <a href=\"https:\/\/services.austintexas.gov\/edims\/document.cfm?id=312807&amp;utm_source=chatgpt.com\" target=\"_blank\" rel=\"noreferrer noopener\">ordonnances de dotation en personnel<\/a> de quatre personnes du pays en 2018.   <\/p>\n<\/div>\n\n\n<figure class=\"wp-block-gallery has-nested-images columns-default is-cropped wp-block-gallery-1 is-layout-flex wp-block-gallery-is-layout-flex\">\n<figure data-wp-context=\"{&quot;imageId&quot;:&quot;69f4e3e31000d&quot;}\" data-wp-interactive=\"core\/image\" data-wp-key=\"69f4e3e31000d\" class=\"wp-block-image size-large wp-lightbox-container\"><img decoding=\"async\" width=\"1000\" height=\"667\" data-wp-class--hide=\"state.isContentHidden\" data-wp-class--show=\"state.isContentVisible\" data-wp-init=\"callbacks.setButtonStyles\" data-wp-on--click=\"actions.showLightbox\" data-wp-on--load=\"callbacks.setButtonStyles\" data-wp-on-window--resize=\"callbacks.setButtonStyles\" data-id=\"101984\" src=\"https:\/\/www.iaff.org\/wp-content\/uploads\/2025\/07\/Austin-3.jpg\" alt=\"\" class=\"wp-image-101984\" srcset=\"https:\/\/www.iaff.org\/wp-content\/uploads\/2025\/07\/Austin-3.jpg 1000w, https:\/\/www.iaff.org\/wp-content\/uploads\/2025\/07\/Austin-3-300x200.jpg 300w, https:\/\/www.iaff.org\/wp-content\/uploads\/2025\/07\/Austin-3-768x512.jpg 768w, https:\/\/www.iaff.org\/wp-content\/uploads\/2025\/07\/Austin-3-240x160.jpg 240w\" sizes=\"(max-width: 1000px) 100vw, 1000px\" \/><button\n\t\t\tclass=\"lightbox-trigger\"\n\t\t\ttype=\"button\"\n\t\t\taria-haspopup=\"dialog\"\n\t\t\taria-label=\"Enlarge\"\n\t\t\tdata-wp-init=\"callbacks.initTriggerButton\"\n\t\t\tdata-wp-on--click=\"actions.showLightbox\"\n\t\t\tdata-wp-style--right=\"state.imageButtonRight\"\n\t\t\tdata-wp-style--top=\"state.imageButtonTop\"\n\t\t>\n\t\t\t<svg xmlns=\"http:\/\/www.w3.org\/2000\/svg\" width=\"12\" height=\"12\" fill=\"none\" viewBox=\"0 0 12 12\">\n\t\t\t\t<path fill=\"#fff\" d=\"M2 0a2 2 0 0 0-2 2v2h1.5V2a.5.5 0 0 1 .5-.5h2V0H2Zm2 10.5H2a.5.5 0 0 1-.5-.5V8H0v2a2 2 0 0 0 2 2h2v-1.5ZM8 12v-1.5h2a.5.5 0 0 0 .5-.5V8H12v2a2 2 0 0 1-2 2H8Zm2-12a2 2 0 0 1 2 2v2h-1.5V2a.5.5 0 0 0-.5-.5H8V0h2Z\" \/>\n\t\t\t<\/svg>\n\t\t<\/button><figcaption class=\"wp-element-caption\">Austin, TX Membres de la section locale 975 lors d\u2019un rassemblement.<\/figcaption><\/figure>\n\n\n\n<figure data-wp-context=\"{&quot;imageId&quot;:&quot;69f4e3e3109dc&quot;}\" data-wp-interactive=\"core\/image\" data-wp-key=\"69f4e3e3109dc\" class=\"wp-block-image size-large wp-lightbox-container\"><img decoding=\"async\" width=\"1000\" height=\"667\" data-wp-class--hide=\"state.isContentHidden\" data-wp-class--show=\"state.isContentVisible\" data-wp-init=\"callbacks.setButtonStyles\" data-wp-on--click=\"actions.showLightbox\" data-wp-on--load=\"callbacks.setButtonStyles\" data-wp-on-window--resize=\"callbacks.setButtonStyles\" data-id=\"101981\" src=\"https:\/\/www.iaff.org\/wp-content\/uploads\/2025\/07\/Austin-1.jpg\" alt=\"\" class=\"wp-image-101981\" srcset=\"https:\/\/www.iaff.org\/wp-content\/uploads\/2025\/07\/Austin-1.jpg 1000w, https:\/\/www.iaff.org\/wp-content\/uploads\/2025\/07\/Austin-1-300x200.jpg 300w, https:\/\/www.iaff.org\/wp-content\/uploads\/2025\/07\/Austin-1-768x512.jpg 768w, https:\/\/www.iaff.org\/wp-content\/uploads\/2025\/07\/Austin-1-240x160.jpg 240w\" sizes=\"(max-width: 1000px) 100vw, 1000px\" \/><button\n\t\t\tclass=\"lightbox-trigger\"\n\t\t\ttype=\"button\"\n\t\t\taria-haspopup=\"dialog\"\n\t\t\taria-label=\"Enlarge\"\n\t\t\tdata-wp-init=\"callbacks.initTriggerButton\"\n\t\t\tdata-wp-on--click=\"actions.showLightbox\"\n\t\t\tdata-wp-style--right=\"state.imageButtonRight\"\n\t\t\tdata-wp-style--top=\"state.imageButtonTop\"\n\t\t>\n\t\t\t<svg xmlns=\"http:\/\/www.w3.org\/2000\/svg\" width=\"12\" height=\"12\" fill=\"none\" viewBox=\"0 0 12 12\">\n\t\t\t\t<path fill=\"#fff\" d=\"M2 0a2 2 0 0 0-2 2v2h1.5V2a.5.5 0 0 1 .5-.5h2V0H2Zm2 10.5H2a.5.5 0 0 1-.5-.5V8H0v2a2 2 0 0 0 2 2h2v-1.5ZM8 12v-1.5h2a.5.5 0 0 0 .5-.5V8H12v2a2 2 0 0 1-2 2H8Zm2-12a2 2 0 0 1 2 2v2h-1.5V2a.5.5 0 0 0-.5-.5H8V0h2Z\" \/>\n\t\t\t<\/svg>\n\t\t<\/button><figcaption class=\"wp-element-caption\">Membres de la section locale 975 au rassemblement.<\/figcaption><\/figure>\n<\/figure>\n\n\n<div class=\"wp-block-paragraph \">\n<p>Le pr\u00e9sident de la section locale 975 d\u2019Austin, au Texas, Bob Nicks, a qualifi\u00e9 la proposition de dangereuse et d\u2019inacceptable.<\/p>\n<\/div>\n\n<div class=\"wp-block-paragraph \">\n<p>\u00ab Ce qui est scandaleux, c\u2019est que le chef des pompiers d\u2019Austin, Joel Baker, a d\u00e9clar\u00e9 directement qu\u2019ils ne devraient jamais r\u00e9duire le personnel de quatre personnes \u00bb, a d\u00e9clar\u00e9 Nicks. \u00ab La dotation en personnel des pompiers est la derni\u00e8re chose que nous coupons dans un budget difficile, pas la premi\u00e8re. \u00bb   <\/p>\n<\/div>\n\n\n<figure class=\"wp-block-pullquote\"><blockquote><p>La dotation en personnel des pompiers est la derni\u00e8re chose que nous coupons dans un budget difficile, pas la premi\u00e8re.<\/p><cite>Austin, TX, pr\u00e9sident de la section locale 975, Bob Nicks<\/cite><\/blockquote><\/figure>\n\n\n<div class=\"wp-block-paragraph \">\n<p>Le <a href=\"https:\/\/austinmonitor.com\/stories\/2025\/07\/city-looks-to-cut-some-costs-on-police-fire-budgets\/?utm_source=chatgpt.com\" target=\"_blank\" rel=\"noreferrer noopener\">budget propos\u00e9<\/a> comprend une r\u00e9duction de 8,3 millions de dollars du budget des heures suppl\u00e9mentaires du service d\u2019incendie d\u2019Austin, for\u00e7ant les compagnies d\u2019incendie \u00e0 r\u00e9duire leurs effectifs.<\/p>\n<\/div>\n\n<div class=\"wp-block-paragraph \">\n<p>Kelly a soulign\u00e9 une <a href=\"https:\/\/www.nist.gov\/news-events\/news\/2010\/04\/landmark-residential-fire-study-shows-how-crew-sizes-and-arrival-times\" target=\"_blank\" rel=\"noreferrer noopener\">\u00e9tude<\/a> du National Institute of Standards and Technology (NIST) montrant que les entreprises \u00e0 trois personnes sont 25% moins efficaces que celles qui en ont quatre lorsqu\u2019elles effectuent les m\u00eames t\u00e2ches, y compris les sauvetages et l\u2019extinction des incendies.  <\/p>\n<\/div>\n\n<div class=\"wp-block-paragraph \">\n<p>Il a \u00e9galement soulign\u00e9 \u00e0 quel point les incendies sont devenus plus dangereux \u2013 et mortels \u2013 ces derni\u00e8res ann\u00e9es.<\/p>\n<\/div>\n\n<div class=\"wp-block-paragraph \">\n<p>\u00ab Au cours des 11 derni\u00e8res ann\u00e9es, les d\u00e9c\u00e8s dus aux incendies ont augment\u00e9 de 16% \u00bb, a d\u00e9clar\u00e9 Kelly. \u00ab Le fait est que les incendies br\u00fblent plus fort et plus vite qu\u2019avant. Il y a quarante ans, vous aviez environ 17 minutes pour \u00e9chapper \u00e0 un incendie de maison. Aujourd\u2019hui, avec tous les mat\u00e9riaux synth\u00e9tiques, c\u2019est r\u00e9duit \u00e0 seulement trois minutes. La rapidit\u00e9 avec laquelle nous y arrivons est importante, et c\u2019est une question de vie ou de mort. <\/p>\n<\/div>\n\n\n<figure class=\"wp-block-gallery has-nested-images columns-default is-cropped wp-block-gallery-2 is-layout-flex wp-block-gallery-is-layout-flex\">\n<figure data-wp-context=\"{&quot;imageId&quot;:&quot;69f4e3e312ef2&quot;}\" data-wp-interactive=\"core\/image\" data-wp-key=\"69f4e3e312ef2\" class=\"wp-block-image size-large wp-lightbox-container\"><img decoding=\"async\" width=\"1000\" height=\"666\" data-wp-class--hide=\"state.isContentHidden\" data-wp-class--show=\"state.isContentVisible\" data-wp-init=\"callbacks.setButtonStyles\" data-wp-on--click=\"actions.showLightbox\" data-wp-on--load=\"callbacks.setButtonStyles\" data-wp-on-window--resize=\"callbacks.setButtonStyles\" data-id=\"101990\" src=\"https:\/\/www.iaff.org\/wp-content\/uploads\/2025\/07\/Austin-5.jpg\" alt=\"\" class=\"wp-image-101990\" srcset=\"https:\/\/www.iaff.org\/wp-content\/uploads\/2025\/07\/Austin-5.jpg 1000w, https:\/\/www.iaff.org\/wp-content\/uploads\/2025\/07\/Austin-5-300x200.jpg 300w, https:\/\/www.iaff.org\/wp-content\/uploads\/2025\/07\/Austin-5-768x511.jpg 768w, https:\/\/www.iaff.org\/wp-content\/uploads\/2025\/07\/Austin-5-240x160.jpg 240w\" sizes=\"(max-width: 1000px) 100vw, 1000px\" \/><button\n\t\t\tclass=\"lightbox-trigger\"\n\t\t\ttype=\"button\"\n\t\t\taria-haspopup=\"dialog\"\n\t\t\taria-label=\"Enlarge\"\n\t\t\tdata-wp-init=\"callbacks.initTriggerButton\"\n\t\t\tdata-wp-on--click=\"actions.showLightbox\"\n\t\t\tdata-wp-style--right=\"state.imageButtonRight\"\n\t\t\tdata-wp-style--top=\"state.imageButtonTop\"\n\t\t>\n\t\t\t<svg xmlns=\"http:\/\/www.w3.org\/2000\/svg\" width=\"12\" height=\"12\" fill=\"none\" viewBox=\"0 0 12 12\">\n\t\t\t\t<path fill=\"#fff\" d=\"M2 0a2 2 0 0 0-2 2v2h1.5V2a.5.5 0 0 1 .5-.5h2V0H2Zm2 10.5H2a.5.5 0 0 1-.5-.5V8H0v2a2 2 0 0 0 2 2h2v-1.5ZM8 12v-1.5h2a.5.5 0 0 0 .5-.5V8H12v2a2 2 0 0 1-2 2H8Zm2-12a2 2 0 0 1 2 2v2h-1.5V2a.5.5 0 0 0-.5-.5H8V0h2Z\" \/>\n\t\t\t<\/svg>\n\t\t<\/button><figcaption class=\"wp-element-caption\">Le pr\u00e9sident g\u00e9n\u00e9ral Edward Kelly s\u2019exprime lors d\u2019une conf\u00e9rence de presse \u00e0 Austin.<\/figcaption><\/figure>\n\n\n\n<figure data-wp-context=\"{&quot;imageId&quot;:&quot;69f4e3e31384a&quot;}\" data-wp-interactive=\"core\/image\" data-wp-key=\"69f4e3e31384a\" class=\"wp-block-image size-large wp-lightbox-container\"><img decoding=\"async\" width=\"1000\" height=\"666\" data-wp-class--hide=\"state.isContentHidden\" data-wp-class--show=\"state.isContentVisible\" data-wp-init=\"callbacks.setButtonStyles\" data-wp-on--click=\"actions.showLightbox\" data-wp-on--load=\"callbacks.setButtonStyles\" data-wp-on-window--resize=\"callbacks.setButtonStyles\" data-id=\"101987\" src=\"https:\/\/www.iaff.org\/wp-content\/uploads\/2025\/07\/austin-4.jpg\" alt=\"\" class=\"wp-image-101987\" srcset=\"https:\/\/www.iaff.org\/wp-content\/uploads\/2025\/07\/austin-4.jpg 1000w, https:\/\/www.iaff.org\/wp-content\/uploads\/2025\/07\/austin-4-300x200.jpg 300w, https:\/\/www.iaff.org\/wp-content\/uploads\/2025\/07\/austin-4-768x511.jpg 768w, https:\/\/www.iaff.org\/wp-content\/uploads\/2025\/07\/austin-4-240x160.jpg 240w\" sizes=\"(max-width: 1000px) 100vw, 1000px\" \/><button\n\t\t\tclass=\"lightbox-trigger\"\n\t\t\ttype=\"button\"\n\t\t\taria-haspopup=\"dialog\"\n\t\t\taria-label=\"Enlarge\"\n\t\t\tdata-wp-init=\"callbacks.initTriggerButton\"\n\t\t\tdata-wp-on--click=\"actions.showLightbox\"\n\t\t\tdata-wp-style--right=\"state.imageButtonRight\"\n\t\t\tdata-wp-style--top=\"state.imageButtonTop\"\n\t\t>\n\t\t\t<svg xmlns=\"http:\/\/www.w3.org\/2000\/svg\" width=\"12\" height=\"12\" fill=\"none\" viewBox=\"0 0 12 12\">\n\t\t\t\t<path fill=\"#fff\" d=\"M2 0a2 2 0 0 0-2 2v2h1.5V2a.5.5 0 0 1 .5-.5h2V0H2Zm2 10.5H2a.5.5 0 0 1-.5-.5V8H0v2a2 2 0 0 0 2 2h2v-1.5ZM8 12v-1.5h2a.5.5 0 0 0 .5-.5V8H12v2a2 2 0 0 1-2 2H8Zm2-12a2 2 0 0 1 2 2v2h-1.5V2a.5.5 0 0 0-.5-.5H8V0h2Z\" \/>\n\t\t\t<\/svg>\n\t\t<\/button><figcaption class=\"wp-element-caption\">Rassemblement \u00e0 Austin.<\/figcaption><\/figure>\n\n\n\n<figure data-wp-context=\"{&quot;imageId&quot;:&quot;69f4e3e31419f&quot;}\" data-wp-interactive=\"core\/image\" data-wp-key=\"69f4e3e31419f\" class=\"wp-block-image size-large wp-lightbox-container\"><img decoding=\"async\" width=\"1024\" height=\"576\" data-wp-class--hide=\"state.isContentHidden\" data-wp-class--show=\"state.isContentVisible\" data-wp-init=\"callbacks.setButtonStyles\" data-wp-on--click=\"actions.showLightbox\" data-wp-on--load=\"callbacks.setButtonStyles\" data-wp-on-window--resize=\"callbacks.setButtonStyles\" data-id=\"101494\" src=\"https:\/\/www.iaff.org\/wp-content\/uploads\/2025\/07\/GP-Kelly-Wednesday-presser-1024x576.jpg\" alt=\"\" class=\"wp-image-101494\" srcset=\"https:\/\/www.iaff.org\/wp-content\/uploads\/2025\/07\/GP-Kelly-Wednesday-presser-1024x576.jpg 1024w, https:\/\/www.iaff.org\/wp-content\/uploads\/2025\/07\/GP-Kelly-Wednesday-presser-300x169.jpg 300w, https:\/\/www.iaff.org\/wp-content\/uploads\/2025\/07\/GP-Kelly-Wednesday-presser-768x432.jpg 768w, https:\/\/www.iaff.org\/wp-content\/uploads\/2025\/07\/GP-Kelly-Wednesday-presser-1536x864.jpg 1536w, https:\/\/www.iaff.org\/wp-content\/uploads\/2025\/07\/GP-Kelly-Wednesday-presser-240x135.jpg 240w, https:\/\/www.iaff.org\/wp-content\/uploads\/2025\/07\/GP-Kelly-Wednesday-presser-1256x707.jpg 1256w, https:\/\/www.iaff.org\/wp-content\/uploads\/2025\/07\/GP-Kelly-Wednesday-presser-1440x810.jpg 1440w, https:\/\/www.iaff.org\/wp-content\/uploads\/2025\/07\/GP-Kelly-Wednesday-presser.jpg 1920w\" sizes=\"(max-width: 1024px) 100vw, 1024px\" \/><button\n\t\t\tclass=\"lightbox-trigger\"\n\t\t\ttype=\"button\"\n\t\t\taria-haspopup=\"dialog\"\n\t\t\taria-label=\"Enlarge\"\n\t\t\tdata-wp-init=\"callbacks.initTriggerButton\"\n\t\t\tdata-wp-on--click=\"actions.showLightbox\"\n\t\t\tdata-wp-style--right=\"state.imageButtonRight\"\n\t\t\tdata-wp-style--top=\"state.imageButtonTop\"\n\t\t>\n\t\t\t<svg xmlns=\"http:\/\/www.w3.org\/2000\/svg\" width=\"12\" height=\"12\" fill=\"none\" viewBox=\"0 0 12 12\">\n\t\t\t\t<path fill=\"#fff\" d=\"M2 0a2 2 0 0 0-2 2v2h1.5V2a.5.5 0 0 1 .5-.5h2V0H2Zm2 10.5H2a.5.5 0 0 1-.5-.5V8H0v2a2 2 0 0 0 2 2h2v-1.5ZM8 12v-1.5h2a.5.5 0 0 0 .5-.5V8H12v2a2 2 0 0 1-2 2H8Zm2-12a2 2 0 0 1 2 2v2h-1.5V2a.5.5 0 0 0-.5-.5H8V0h2Z\" \/>\n\t\t\t<\/svg>\n\t\t<\/button><figcaption class=\"wp-element-caption\">Kelly s\u2019exprimant lors d\u2019une conf\u00e9rence de presse \u00e0 Fall River, au Massachusetts, la semaine derni\u00e8re.<\/figcaption><\/figure>\n<\/figure>\n\n\n<div class=\"wp-block-paragraph \">\n<p>Dimanche dernier, <a href=\"https:\/\/www.iaff.org\/fr-ca\/news\/nous-voulons-que-cela-soit-regle-laip-exige-un-personnel-securitaire-apres-lincendie-meurtrier-du-massachusetts\/\" target=\"_blank\" rel=\"noreferrer noopener\">un incendie<\/a> \u00e0 Fall River, au Massachusetts, a fait 10 morts parmi les r\u00e9sidents. Le fort plaidoyer de l\u2019AIP \u2013 y compris Kelly, le<sup> vice-pr\u00e9sident du 3e district Jay Colbert et les dirigeants de l\u2019\u00c9tat \u2013 a entra\u00een\u00e9 <a href=\"https:\/\/www.iaff.org\/fr-ca\/news\/un-fort-plaidoyer-syndical-mene-a-une-augmentation-critique-du-personnel-a-fall-river-apres-un-incendie-meurtrier\/\" target=\"_blank\" rel=\"noreferrer noopener\">une augmentation des niveaux de personnel<\/a> pour six compagnies de pompiers sur 10.<\/sup> <\/p>\n<\/div>\n\n<div class=\"wp-block-paragraph \">\n<p>Devant plus de 300 pompiers d\u2019Austin, Kelly a averti : \u00ab Nous ne voulons pas avoir de conversation [ici] apr\u00e8s avoir perdu 10 r\u00e9sidents. Nous voulons avoir la conversation maintenant. C\u2019est une conversation sur les priorit\u00e9s.  <\/p>\n<\/div>\n\n<div class=\"wp-block-paragraph \">\n<p>Sara Coon, membre de la section locale 975, a d\u00e9clar\u00e9 que le fait d\u2019avoir quatre pompiers sauve des vies, en s\u2019appuyant sur son exp\u00e9rience <a href=\"https:\/\/www.kvue.com\/article\/news\/local\/austin-firefighters-association-budget-staff-proposal\/269-049ae979-d7b5-4293-b10b-b2458fc3f105\" target=\"_blank\" rel=\"noopener\">dans la lutte contre un incendie de maison avec un<\/a> personnel inf\u00e9rieur aux normes nationales. Elle a \u00e9galement soulign\u00e9 que de nombreux pompiers n\u2019ont aucune exp\u00e9rience de travail au sein d\u2019\u00e9quipes de trois personnes. <\/p>\n<\/div>\n\n<div class=\"wp-block-paragraph \">\n<p>\u00ab Pour nous, il faudrait une refonte compl\u00e8te du service d\u2019incendie d\u2019Austin, et nous n\u2019avons pas les gens pour le faire \u00bb, a d\u00e9clar\u00e9 Coon. \u00ab Il s\u2019agit de citoyens qui d\u00e9crochent le t\u00e9l\u00e9phone le pire jour de leur vie et savent que la r\u00e9ponse qu\u2019ils re\u00e7oivent r\u00e9pondra \u00e0 leurs besoins. \u00bb<\/p>\n<\/div>\n\n\n<figure class=\"wp-block-pullquote\"><blockquote><p>Il s\u2019agit de citoyens qui d\u00e9crochent le t\u00e9l\u00e9phone le pire jour de leur vie et savent que la r\u00e9ponse qu\u2019ils recevront r\u00e9pondra \u00e0 leurs besoins.<\/p><cite>Sara Coon, pompi\u00e8re locale 975<\/cite><\/blockquote><\/figure>\n\n\n<div class=\"wp-block-paragraph \">\n<p>Maintenant, l\u2019AIP maintient fermement sa demande que les dirigeants municipaux respectent la norme de dotation en personnel de quatre personnes.  <\/p>\n<\/div>\n\n<div class=\"wp-block-paragraph \">\n<p>\u00ab Tout comme les pompiers d\u2019Austin tirent la sonnette d\u2019alarme depuis trois d\u00e9cennies sur l\u2019importance d\u2019avoir plus qu\u2019un camion de pompiers d\u2019un million ou deux millions de dollars, la chose la plus importante que nous apportons \u00e0 un incendie n\u2019est pas l\u2019eau ou les \u00e9chelles, ce sont les gens qui peuvent mettre de l\u2019eau sur le feu, soulever ces \u00e9chelles et sauver des vies. \u00bb, a d\u00e9clar\u00e9 Kelly. Nous allons nous battre pour nous assurer que les gens qui prennent les d\u00e9cisions \u00e0 Austin reconnaissent la menace et que nous n\u2019irons nulle part. <\/p>\n<\/div>\n<\/div><\/section>\n","protected":false},"featured_media":101994,"menu_order":0,"template":"","tags":[96,186],"class_list":["post-102000","news","type-news","status-publish","has-post-thumbnail","hentry","tag-droits-des-travailleurs-et-travailleuses","tag-securite-au-travail-fr-ca"],"acf":[],"publishpress_future_workflow_manual_trigger":{"enabledWorkflows":[]},"_links":{"self":[{"href":"https:\/\/www.iaff.org\/fr-ca\/wp-json\/wp\/v2\/news\/102000","targetHints":{"allow":["GET"]}}],"collection":[{"href":"https:\/\/www.iaff.org\/fr-ca\/wp-json\/wp\/v2\/news"}],"about":[{"href":"https:\/\/www.iaff.org\/fr-ca\/wp-json\/wp\/v2\/types\/news"}],"version-history":[{"count":0,"href":"https:\/\/www.iaff.org\/fr-ca\/wp-json\/wp\/v2\/news\/102000\/revisions"}],"wp:featuredmedia":[{"embeddable":true,"href":"https:\/\/www.iaff.org\/fr-ca\/wp-json\/wp\/v2\/media\/101994"}],"wp:attachment":[{"href":"https:\/\/www.iaff.org\/fr-ca\/wp-json\/wp\/v2\/media?parent=102000"}],"wp:term":[{"taxonomy":"post_tag","embeddable":true,"href":"https:\/\/www.iaff.org\/fr-ca\/wp-json\/wp\/v2\/tags?post=102000"}],"curies":[{"name":"wp","href":"https:\/\/api.w.org\/{rel}","templated":true}]}}