{"id":795,"count":1,"description":"Nuevas secciones locales uni\u00e9ndose a la AIB (IAFF), campa\u00f1as y unidades de organizaci\u00f3n.","link":"https:\/\/www.iaff.org\/es\/tag\/organizacion\/","name":"Organizaci\u00f3n","slug":"organizacion","taxonomy":"post_tag","meta":[],"_links":{"self":[{"href":"https:\/\/www.iaff.org\/es\/wp-json\/wp\/v2\/tags\/795","targetHints":{"allow":["GET"]}}],"collection":[{"href":"https:\/\/www.iaff.org\/es\/wp-json\/wp\/v2\/tags"}],"about":[{"href":"https:\/\/www.iaff.org\/es\/wp-json\/wp\/v2\/taxonomies\/post_tag"}],"wp:post_type":[{"href":"https:\/\/www.iaff.org\/es\/wp-json\/wp\/v2\/posts?tags=795"},{"href":"https:\/\/www.iaff.org\/es\/wp-json\/wp\/v2\/news?tags=795"},{"href":"https:\/\/www.iaff.org\/es\/wp-json\/wp\/v2\/pdhg?tags=795"},{"href":"https:\/\/www.iaff.org\/es\/wp-json\/wp\/v2\/tribe_events?tags=795"},{"href":"https:\/\/www.iaff.org\/es\/wp-json\/wp\/v2\/tec_calendar_embed?tags=795"}],"curies":[{"name":"wp","href":"https:\/\/api.w.org\/{rel}","templated":true}]}}