{"id":790,"count":1,"description":"D\u00edas festivos principales y federales, incluyendo el D\u00eda de la Independencia, Acci\u00f3n de Gracias, Navidad, D\u00eda de la Madre, D\u00eda del Padre, D\u00eda de los Veteranos y Juneteenth.","link":"https:\/\/www.iaff.org\/es\/tag\/dias-festivos\/","name":"D\u00edas Festivos","slug":"dias-festivos","taxonomy":"post_tag","meta":[],"_links":{"self":[{"href":"https:\/\/www.iaff.org\/es\/wp-json\/wp\/v2\/tags\/790","targetHints":{"allow":["GET"]}}],"collection":[{"href":"https:\/\/www.iaff.org\/es\/wp-json\/wp\/v2\/tags"}],"about":[{"href":"https:\/\/www.iaff.org\/es\/wp-json\/wp\/v2\/taxonomies\/post_tag"}],"wp:post_type":[{"href":"https:\/\/www.iaff.org\/es\/wp-json\/wp\/v2\/posts?tags=790"},{"href":"https:\/\/www.iaff.org\/es\/wp-json\/wp\/v2\/news?tags=790"},{"href":"https:\/\/www.iaff.org\/es\/wp-json\/wp\/v2\/pdhg?tags=790"},{"href":"https:\/\/www.iaff.org\/es\/wp-json\/wp\/v2\/tribe_events?tags=790"},{"href":"https:\/\/www.iaff.org\/es\/wp-json\/wp\/v2\/tec_calendar_embed?tags=790"}],"curies":[{"name":"wp","href":"https:\/\/api.w.org\/{rel}","templated":true}]}}