{"id":789,"count":1,"description":"Celebraciones de un solo d\u00eda del servicio de bomberos y reconocimiento de la identidad y el patrimonio de un mes de duraci\u00f3n, incluyendo el D\u00eda Nacional de los Supervivientes de C\u00e1ncer, el D\u00eda Conmemorativo de los Trabajadores, el D\u00eda de la Bandera, el Mes de la Historia Negra, el Mes del Orgullo y el Mes de la Herencia AAPI.","link":"https:\/\/www.iaff.org\/es\/tag\/concienciacion-y-reconocimiento\/","name":"Concienciaci\u00f3n y Reconocimiento","slug":"concienciacion-y-reconocimiento","taxonomy":"post_tag","meta":[],"_links":{"self":[{"href":"https:\/\/www.iaff.org\/es\/wp-json\/wp\/v2\/tags\/789","targetHints":{"allow":["GET"]}}],"collection":[{"href":"https:\/\/www.iaff.org\/es\/wp-json\/wp\/v2\/tags"}],"about":[{"href":"https:\/\/www.iaff.org\/es\/wp-json\/wp\/v2\/taxonomies\/post_tag"}],"wp:post_type":[{"href":"https:\/\/www.iaff.org\/es\/wp-json\/wp\/v2\/posts?tags=789"},{"href":"https:\/\/www.iaff.org\/es\/wp-json\/wp\/v2\/news?tags=789"},{"href":"https:\/\/www.iaff.org\/es\/wp-json\/wp\/v2\/pdhg?tags=789"},{"href":"https:\/\/www.iaff.org\/es\/wp-json\/wp\/v2\/tribe_events?tags=789"},{"href":"https:\/\/www.iaff.org\/es\/wp-json\/wp\/v2\/tec_calendar_embed?tags=789"}],"curies":[{"name":"wp","href":"https:\/\/api.w.org\/{rel}","templated":true}]}}