{"id":98728,"date":"2025-07-08T10:17:48","date_gmt":"2025-07-08T14:17:48","guid":{"rendered":"https:\/\/www.iaff.org\/news\/afiliados-de-todo-el-7-o-distrito-apoyan-a-los-bomberos-de-idaho-tras-una-emboscada\/"},"modified":"2025-07-18T13:24:53","modified_gmt":"2025-07-18T17:24:53","slug":"afiliados-de-todo-el-7-o-distrito-apoyan-a-los-bomberos-de-idaho-tras-una-emboscada","status":"publish","type":"news","link":"https:\/\/www.iaff.org\/es\/news\/afiliados-de-todo-el-7-o-distrito-apoyan-a-los-bomberos-de-idaho-tras-una-emboscada\/","title":{"rendered":"Afiliados de todo el 7.\u00ba distrito apoyan a los bomberos de Idaho tras una emboscada"},"content":{"rendered":"<section\n\t class=\"page-blocks iaff-page-blocks align wp-block-acf-page-blocks\" id=\"page-blocks_block_28271c5b10cbe44ecf19b0f3eb6dee38\">\n\t<div class=\"acf-innerblocks-container\">\n<div class=\"wp-block-paragraph \">\n<p>En el servicio de bomberos, \u201cnadie lucha solo\u201d es m\u00e1s que un simple lema, es una forma de vida. <\/p>\n<\/div>\n\n<div class=\"wp-block-paragraph \">\n<p>Ese compromiso qued\u00f3 patente despu\u00e9s de que una emboscada dejara al jefe de batall\u00f3n John Morrison, del Local 710 de Coeur d\u2019Alene, Idaho, y al jefe de batall\u00f3n Frank Harwood, del Local 2856 del condado de Kootenai, Idaho, muertos, y al bombero-ingeniero Dave Tysdal, del Local 710, herido. <\/p>\n<\/div>\n\n<div class=\"wp-block-paragraph \">\n<p>Casi 80 miembros de AIB de todo Idaho est\u00e1n interviniendo para proporcionar cobertura de turnos de 48 horas, a partir del 9 de julio, para Local 710, Local 2856 y Northern Lakes, Idaho Local 4045.<\/p>\n<\/div>\n\n<div class=\"wp-block-paragraph \">\n<p>\u201cEsta tremenda tarea ha sido posible gracias a la coordinaci\u00f3n cooperativa entre los Bomberos Profesionales de Idaho (PFFI), la Asociaci\u00f3n de Jefes de Bomberos de Idaho y los l\u00edderes de \u00e1rea cuyos esfuerzos y asociaci\u00f3n combinados han hecho posible el apoyo\u201d, dijo el vicepresidente de PFFI, Matt Smith. <\/p>\n<\/div>\n\n<div class=\"wp-block-paragraph \">\n<p>La cobertura permitir\u00e1 a los miembros de las delegaciones locales asistir a los servicios funerarios el jueves y el viernes, del 10 al 11 de julio, y mantener una guardia las 24 horas en la funeraria. <\/p>\n<\/div>\n\n<div class=\"wp-block-paragraph \">\n<p>\u201cLas agencias circundantes han dado un paso al frente para ayudar, y la muestra de apoyo ha sido sobresaliente y enorme\u201d, dijo el secretario\/tesorero de PFFI, Curtis Smith. \u201cLas solicitudes de voluntarios se completaron en 48 horas, y algunos miembros condujeron hasta 10 horas para ayudar.\u201d  <\/p>\n<\/div>\n\n\n<figure class=\"wp-block-pullquote\"><blockquote><p>Las agencias circundantes se han movilizado para ayudar, y la muestra de apoyo ha sido sobresaliente y enorme.<\/p><cite>Secretario\/tesorero de los bomberos profesionales de idaho, curtis smith<\/cite><\/blockquote><\/figure>\n\n\n\n<figure class=\"wp-block-gallery has-nested-images columns-default is-cropped wp-block-gallery-1 is-layout-flex wp-block-gallery-is-layout-flex\">\n<figure data-wp-context=\"{&quot;imageId&quot;:&quot;69f563754e6a9&quot;}\" data-wp-interactive=\"core\/image\" data-wp-key=\"69f563754e6a9\" class=\"wp-block-image size-large wp-lightbox-container\"><img decoding=\"async\" width=\"1024\" height=\"576\" data-wp-class--hide=\"state.isContentHidden\" data-wp-class--show=\"state.isContentVisible\" data-wp-init=\"callbacks.setButtonStyles\" data-wp-on--click=\"actions.showLightbox\" data-wp-on--load=\"callbacks.setButtonStyles\" data-wp-on-window--resize=\"callbacks.setButtonStyles\" data-id=\"98700\" src=\"https:\/\/www.iaff.org\/wp-content\/uploads\/2025\/07\/Spokane-Valley-FF-2-1024x576.jpg\" alt=\"\" class=\"wp-image-98700\" srcset=\"https:\/\/www.iaff.org\/wp-content\/uploads\/2025\/07\/Spokane-Valley-FF-2-1024x576.jpg 1024w, https:\/\/www.iaff.org\/wp-content\/uploads\/2025\/07\/Spokane-Valley-FF-2-300x169.jpg 300w, https:\/\/www.iaff.org\/wp-content\/uploads\/2025\/07\/Spokane-Valley-FF-2-768x432.jpg 768w, https:\/\/www.iaff.org\/wp-content\/uploads\/2025\/07\/Spokane-Valley-FF-2-240x135.jpg 240w, https:\/\/www.iaff.org\/wp-content\/uploads\/2025\/07\/Spokane-Valley-FF-2.jpg 1200w\" sizes=\"(max-width: 1024px) 100vw, 1024px\" \/><button\n\t\t\tclass=\"lightbox-trigger\"\n\t\t\ttype=\"button\"\n\t\t\taria-haspopup=\"dialog\"\n\t\t\taria-label=\"Enlarge\"\n\t\t\tdata-wp-init=\"callbacks.initTriggerButton\"\n\t\t\tdata-wp-on--click=\"actions.showLightbox\"\n\t\t\tdata-wp-style--right=\"state.imageButtonRight\"\n\t\t\tdata-wp-style--top=\"state.imageButtonTop\"\n\t\t>\n\t\t\t<svg xmlns=\"http:\/\/www.w3.org\/2000\/svg\" width=\"12\" height=\"12\" fill=\"none\" viewBox=\"0 0 12 12\">\n\t\t\t\t<path fill=\"#fff\" d=\"M2 0a2 2 0 0 0-2 2v2h1.5V2a.5.5 0 0 1 .5-.5h2V0H2Zm2 10.5H2a.5.5 0 0 1-.5-.5V8H0v2a2 2 0 0 0 2 2h2v-1.5ZM8 12v-1.5h2a.5.5 0 0 0 .5-.5V8H12v2a2 2 0 0 1-2 2H8Zm2-12a2 2 0 0 1 2 2v2h-1.5V2a.5.5 0 0 0-.5-.5H8V0h2Z\" \/>\n\t\t\t<\/svg>\n\t\t<\/button><figcaption class=\"wp-element-caption\">Fotos del Local 876 de Spokane Valley, WA, de la procesi\u00f3n.<\/figcaption><\/figure>\n\n\n\n<figure data-wp-context=\"{&quot;imageId&quot;:&quot;69f563754efbe&quot;}\" data-wp-interactive=\"core\/image\" data-wp-key=\"69f563754efbe\" class=\"wp-block-image size-large wp-lightbox-container\"><img decoding=\"async\" width=\"1024\" height=\"768\" data-wp-class--hide=\"state.isContentHidden\" data-wp-class--show=\"state.isContentVisible\" data-wp-init=\"callbacks.setButtonStyles\" data-wp-on--click=\"actions.showLightbox\" data-wp-on--load=\"callbacks.setButtonStyles\" data-wp-on-window--resize=\"callbacks.setButtonStyles\" data-id=\"98703\" src=\"https:\/\/www.iaff.org\/wp-content\/uploads\/2025\/07\/Spokane-Valley-FF-1024x768.jpg\" alt=\"\" class=\"wp-image-98703\" srcset=\"https:\/\/www.iaff.org\/wp-content\/uploads\/2025\/07\/Spokane-Valley-FF-1024x768.jpg 1024w, https:\/\/www.iaff.org\/wp-content\/uploads\/2025\/07\/Spokane-Valley-FF-300x225.jpg 300w, https:\/\/www.iaff.org\/wp-content\/uploads\/2025\/07\/Spokane-Valley-FF-768x576.jpg 768w, https:\/\/www.iaff.org\/wp-content\/uploads\/2025\/07\/Spokane-Valley-FF-240x180.jpg 240w, https:\/\/www.iaff.org\/wp-content\/uploads\/2025\/07\/Spokane-Valley-FF-1067x800.jpg 1067w, https:\/\/www.iaff.org\/wp-content\/uploads\/2025\/07\/Spokane-Valley-FF-1080x810.jpg 1080w, https:\/\/www.iaff.org\/wp-content\/uploads\/2025\/07\/Spokane-Valley-FF.jpg 1200w\" sizes=\"(max-width: 1024px) 100vw, 1024px\" \/><button\n\t\t\tclass=\"lightbox-trigger\"\n\t\t\ttype=\"button\"\n\t\t\taria-haspopup=\"dialog\"\n\t\t\taria-label=\"Enlarge\"\n\t\t\tdata-wp-init=\"callbacks.initTriggerButton\"\n\t\t\tdata-wp-on--click=\"actions.showLightbox\"\n\t\t\tdata-wp-style--right=\"state.imageButtonRight\"\n\t\t\tdata-wp-style--top=\"state.imageButtonTop\"\n\t\t>\n\t\t\t<svg xmlns=\"http:\/\/www.w3.org\/2000\/svg\" width=\"12\" height=\"12\" fill=\"none\" viewBox=\"0 0 12 12\">\n\t\t\t\t<path fill=\"#fff\" d=\"M2 0a2 2 0 0 0-2 2v2h1.5V2a.5.5 0 0 1 .5-.5h2V0H2Zm2 10.5H2a.5.5 0 0 1-.5-.5V8H0v2a2 2 0 0 0 2 2h2v-1.5ZM8 12v-1.5h2a.5.5 0 0 0 .5-.5V8H12v2a2 2 0 0 1-2 2H8Zm2-12a2 2 0 0 1 2 2v2h-1.5V2a.5.5 0 0 0-.5-.5H8V0h2Z\" \/>\n\t\t\t<\/svg>\n\t\t<\/button><figcaption class=\"wp-element-caption\">Foto de la procesi\u00f3n del Local 876.<\/figcaption><\/figure>\n\n\n\n<figure data-wp-context=\"{&quot;imageId&quot;:&quot;69f563754f68c&quot;}\" data-wp-interactive=\"core\/image\" data-wp-key=\"69f563754f68c\" class=\"wp-block-image size-large wp-lightbox-container\"><img decoding=\"async\" width=\"1024\" height=\"768\" data-wp-class--hide=\"state.isContentHidden\" data-wp-class--show=\"state.isContentVisible\" data-wp-init=\"callbacks.setButtonStyles\" data-wp-on--click=\"actions.showLightbox\" data-wp-on--load=\"callbacks.setButtonStyles\" data-wp-on-window--resize=\"callbacks.setButtonStyles\" data-id=\"98706\" src=\"https:\/\/www.iaff.org\/wp-content\/uploads\/2025\/07\/Spokane-Valley-FFs-3-1024x768.jpg\" alt=\"\" class=\"wp-image-98706\" srcset=\"https:\/\/www.iaff.org\/wp-content\/uploads\/2025\/07\/Spokane-Valley-FFs-3-1024x768.jpg 1024w, https:\/\/www.iaff.org\/wp-content\/uploads\/2025\/07\/Spokane-Valley-FFs-3-300x225.jpg 300w, https:\/\/www.iaff.org\/wp-content\/uploads\/2025\/07\/Spokane-Valley-FFs-3-768x576.jpg 768w, https:\/\/www.iaff.org\/wp-content\/uploads\/2025\/07\/Spokane-Valley-FFs-3-240x180.jpg 240w, https:\/\/www.iaff.org\/wp-content\/uploads\/2025\/07\/Spokane-Valley-FFs-3-1067x800.jpg 1067w, https:\/\/www.iaff.org\/wp-content\/uploads\/2025\/07\/Spokane-Valley-FFs-3-1080x810.jpg 1080w, https:\/\/www.iaff.org\/wp-content\/uploads\/2025\/07\/Spokane-Valley-FFs-3.jpg 1200w\" sizes=\"(max-width: 1024px) 100vw, 1024px\" \/><button\n\t\t\tclass=\"lightbox-trigger\"\n\t\t\ttype=\"button\"\n\t\t\taria-haspopup=\"dialog\"\n\t\t\taria-label=\"Enlarge\"\n\t\t\tdata-wp-init=\"callbacks.initTriggerButton\"\n\t\t\tdata-wp-on--click=\"actions.showLightbox\"\n\t\t\tdata-wp-style--right=\"state.imageButtonRight\"\n\t\t\tdata-wp-style--top=\"state.imageButtonTop\"\n\t\t>\n\t\t\t<svg xmlns=\"http:\/\/www.w3.org\/2000\/svg\" width=\"12\" height=\"12\" fill=\"none\" viewBox=\"0 0 12 12\">\n\t\t\t\t<path fill=\"#fff\" d=\"M2 0a2 2 0 0 0-2 2v2h1.5V2a.5.5 0 0 1 .5-.5h2V0H2Zm2 10.5H2a.5.5 0 0 1-.5-.5V8H0v2a2 2 0 0 0 2 2h2v-1.5ZM8 12v-1.5h2a.5.5 0 0 0 .5-.5V8H12v2a2 2 0 0 1-2 2H8Zm2-12a2 2 0 0 1 2 2v2h-1.5V2a.5.5 0 0 0-.5-.5H8V0h2Z\" \/>\n\t\t\t<\/svg>\n\t\t<\/button><figcaption class=\"wp-element-caption\">Foto de la procesi\u00f3n del Local 876.<\/figcaption><\/figure>\n<\/figure>\n\n\n<div class=\"wp-block-paragraph \">\n<p>Afiliados del estado vecino de Washington, como Spokane Valley, WA Local 876, tambi\u00e9n intervinieron para ayudar a cubrir turnos, brindar apoyo entre compa\u00f1eros y realizar funciones de guardia de honor. <\/p>\n<\/div>\n\n<div class=\"wp-block-paragraph \">\n<p>\u201cHemos hecho un mont\u00f3n de sesiones informativas y hemos ayudado con parte del apoyo entre compa\u00f1eros\u201d, dijo el presidente del Local 876, Ben James. \u201cEnviamos equipos al evento inicial. Tuve tres equipos all\u00ed cuando ocurri\u00f3 el evento. Ellos nos cuidaron cuando tuvimos nuestra muerte en acto de servicio que involucr\u00f3 al <a href=\"https:\/\/lodd.iaff.org\/LODDProfile?ID=1213025\" target=\"_blank\" rel=\"noreferrer noopener\">bombero\/T\u00e9cnico de emergencias sanitarias Dan Patterson<\/a> del Local 876 hace un par de a\u00f1os, y tambi\u00e9n son familia para nosotros.\u201d    <\/p>\n<\/div>\n\n<div class=\"wp-block-paragraph \">\n<p>Varios otros locales en la regi\u00f3n circundante, incluidos Northern Lakes, ID Local 4045 y Spokane, WA Local 29, formaron parte de la respuesta inicial y est\u00e1n involucrados en los esfuerzos de apoyo en curso. \u201cTambi\u00e9n formaron parte de la procesi\u00f3n. Fuimos parte de todo eso, simplemente ayudando en lo que pudimos\u201d, dijo James.  <\/p>\n<\/div>\n\n<div class=\"wp-block-paragraph \">\n<p>\u201cLa respuesta fue bastante alucinante y lo r\u00e1pido que se uni\u00f3 todo. La PFFI organiz\u00f3 este tremendo esfuerzo para asegurarse de que hubiera cobertura, para que los socorristas pudieran asistir a ambos servicios,\u201d dijo el presidente del Local 4045, Jarrod Pitts. \u201cPara m\u00ed, realmente muestra por qu\u00e9 los bomberos son miembros de la hermandad AIB. Regresan de maneras tremendas, una y otra vez.\u201d <\/p>\n<\/div>\n\n<div class=\"wp-block-paragraph \">\n<p>En toda la regi\u00f3n, los l\u00edderes de AIB expresaron su profundo agradecimiento a sus comunidades por el apoyo mostrado ante la tragedia. <\/p>\n<\/div>\n\n\n<figure class=\"wp-block-gallery has-nested-images columns-default is-cropped wp-block-gallery-2 is-layout-flex wp-block-gallery-is-layout-flex\">\n<figure data-wp-context=\"{&quot;imageId&quot;:&quot;69f5637551355&quot;}\" data-wp-interactive=\"core\/image\" data-wp-key=\"69f5637551355\" class=\"wp-block-image size-large wp-lightbox-container\"><img decoding=\"async\" width=\"1024\" height=\"768\" data-wp-class--hide=\"state.isContentHidden\" data-wp-class--show=\"state.isContentVisible\" data-wp-init=\"callbacks.setButtonStyles\" data-wp-on--click=\"actions.showLightbox\" data-wp-on--load=\"callbacks.setButtonStyles\" data-wp-on-window--resize=\"callbacks.setButtonStyles\" data-id=\"98709\" src=\"https:\/\/www.iaff.org\/wp-content\/uploads\/2025\/07\/86026c58-ca2c-4355-8a50-b05c30a9f2cc-1024x768.jpeg\" alt=\"\" class=\"wp-image-98709\" srcset=\"https:\/\/www.iaff.org\/wp-content\/uploads\/2025\/07\/86026c58-ca2c-4355-8a50-b05c30a9f2cc-1024x768.jpeg 1024w, https:\/\/www.iaff.org\/wp-content\/uploads\/2025\/07\/86026c58-ca2c-4355-8a50-b05c30a9f2cc-300x225.jpeg 300w, https:\/\/www.iaff.org\/wp-content\/uploads\/2025\/07\/86026c58-ca2c-4355-8a50-b05c30a9f2cc-768x576.jpeg 768w, https:\/\/www.iaff.org\/wp-content\/uploads\/2025\/07\/86026c58-ca2c-4355-8a50-b05c30a9f2cc-240x180.jpeg 240w, https:\/\/www.iaff.org\/wp-content\/uploads\/2025\/07\/86026c58-ca2c-4355-8a50-b05c30a9f2cc-1067x800.jpeg 1067w, https:\/\/www.iaff.org\/wp-content\/uploads\/2025\/07\/86026c58-ca2c-4355-8a50-b05c30a9f2cc-1080x810.jpeg 1080w, https:\/\/www.iaff.org\/wp-content\/uploads\/2025\/07\/86026c58-ca2c-4355-8a50-b05c30a9f2cc.jpeg 1200w\" sizes=\"(max-width: 1024px) 100vw, 1024px\" \/><button\n\t\t\tclass=\"lightbox-trigger\"\n\t\t\ttype=\"button\"\n\t\t\taria-haspopup=\"dialog\"\n\t\t\taria-label=\"Enlarge\"\n\t\t\tdata-wp-init=\"callbacks.initTriggerButton\"\n\t\t\tdata-wp-on--click=\"actions.showLightbox\"\n\t\t\tdata-wp-style--right=\"state.imageButtonRight\"\n\t\t\tdata-wp-style--top=\"state.imageButtonTop\"\n\t\t>\n\t\t\t<svg xmlns=\"http:\/\/www.w3.org\/2000\/svg\" width=\"12\" height=\"12\" fill=\"none\" viewBox=\"0 0 12 12\">\n\t\t\t\t<path fill=\"#fff\" d=\"M2 0a2 2 0 0 0-2 2v2h1.5V2a.5.5 0 0 1 .5-.5h2V0H2Zm2 10.5H2a.5.5 0 0 1-.5-.5V8H0v2a2 2 0 0 0 2 2h2v-1.5ZM8 12v-1.5h2a.5.5 0 0 0 .5-.5V8H12v2a2 2 0 0 1-2 2H8Zm2-12a2 2 0 0 1 2 2v2h-1.5V2a.5.5 0 0 0-.5-.5H8V0h2Z\" \/>\n\t\t\t<\/svg>\n\t\t<\/button><figcaption class=\"wp-element-caption\">Miembros de la Guardia de Honor en la procesi\u00f3n.<\/figcaption><\/figure>\n\n\n\n<figure data-wp-context=\"{&quot;imageId&quot;:&quot;69f5637551e78&quot;}\" data-wp-interactive=\"core\/image\" data-wp-key=\"69f5637551e78\" class=\"wp-block-image size-large wp-lightbox-container\"><img decoding=\"async\" width=\"1024\" height=\"768\" data-wp-class--hide=\"state.isContentHidden\" data-wp-class--show=\"state.isContentVisible\" data-wp-init=\"callbacks.setButtonStyles\" data-wp-on--click=\"actions.showLightbox\" data-wp-on--load=\"callbacks.setButtonStyles\" data-wp-on-window--resize=\"callbacks.setButtonStyles\" data-id=\"98712\" src=\"https:\/\/www.iaff.org\/wp-content\/uploads\/2025\/07\/132024ef-578f-453b-a518-2e17514b73a1-1024x768.jpeg\" alt=\"\" class=\"wp-image-98712\" srcset=\"https:\/\/www.iaff.org\/wp-content\/uploads\/2025\/07\/132024ef-578f-453b-a518-2e17514b73a1-1024x768.jpeg 1024w, https:\/\/www.iaff.org\/wp-content\/uploads\/2025\/07\/132024ef-578f-453b-a518-2e17514b73a1-300x225.jpeg 300w, https:\/\/www.iaff.org\/wp-content\/uploads\/2025\/07\/132024ef-578f-453b-a518-2e17514b73a1-768x576.jpeg 768w, https:\/\/www.iaff.org\/wp-content\/uploads\/2025\/07\/132024ef-578f-453b-a518-2e17514b73a1-240x180.jpeg 240w, https:\/\/www.iaff.org\/wp-content\/uploads\/2025\/07\/132024ef-578f-453b-a518-2e17514b73a1-1067x800.jpeg 1067w, https:\/\/www.iaff.org\/wp-content\/uploads\/2025\/07\/132024ef-578f-453b-a518-2e17514b73a1-1080x810.jpeg 1080w, https:\/\/www.iaff.org\/wp-content\/uploads\/2025\/07\/132024ef-578f-453b-a518-2e17514b73a1.jpeg 1200w\" sizes=\"(max-width: 1024px) 100vw, 1024px\" \/><button\n\t\t\tclass=\"lightbox-trigger\"\n\t\t\ttype=\"button\"\n\t\t\taria-haspopup=\"dialog\"\n\t\t\taria-label=\"Enlarge\"\n\t\t\tdata-wp-init=\"callbacks.initTriggerButton\"\n\t\t\tdata-wp-on--click=\"actions.showLightbox\"\n\t\t\tdata-wp-style--right=\"state.imageButtonRight\"\n\t\t\tdata-wp-style--top=\"state.imageButtonTop\"\n\t\t>\n\t\t\t<svg xmlns=\"http:\/\/www.w3.org\/2000\/svg\" width=\"12\" height=\"12\" fill=\"none\" viewBox=\"0 0 12 12\">\n\t\t\t\t<path fill=\"#fff\" d=\"M2 0a2 2 0 0 0-2 2v2h1.5V2a.5.5 0 0 1 .5-.5h2V0H2Zm2 10.5H2a.5.5 0 0 1-.5-.5V8H0v2a2 2 0 0 0 2 2h2v-1.5ZM8 12v-1.5h2a.5.5 0 0 0 .5-.5V8H12v2a2 2 0 0 1-2 2H8Zm2-12a2 2 0 0 1 2 2v2h-1.5V2a.5.5 0 0 0-.5-.5H8V0h2Z\" \/>\n\t\t\t<\/svg>\n\t\t<\/button><figcaption class=\"wp-element-caption\">Camiones de bomberos alineados en la procesi\u00f3n.<\/figcaption><\/figure>\n\n\n\n<figure data-wp-context=\"{&quot;imageId&quot;:&quot;69f5637552500&quot;}\" data-wp-interactive=\"core\/image\" data-wp-key=\"69f5637552500\" class=\"wp-block-image size-large wp-lightbox-container\"><img decoding=\"async\" width=\"1024\" height=\"768\" data-wp-class--hide=\"state.isContentHidden\" data-wp-class--show=\"state.isContentVisible\" data-wp-init=\"callbacks.setButtonStyles\" data-wp-on--click=\"actions.showLightbox\" data-wp-on--load=\"callbacks.setButtonStyles\" data-wp-on-window--resize=\"callbacks.setButtonStyles\" data-id=\"98718\" src=\"https:\/\/www.iaff.org\/wp-content\/uploads\/2025\/07\/d0886672-2511-40c8-9e59-8eefa0f59ae2-1024x768.jpeg\" alt=\"\" class=\"wp-image-98718\" srcset=\"https:\/\/www.iaff.org\/wp-content\/uploads\/2025\/07\/d0886672-2511-40c8-9e59-8eefa0f59ae2-1024x768.jpeg 1024w, https:\/\/www.iaff.org\/wp-content\/uploads\/2025\/07\/d0886672-2511-40c8-9e59-8eefa0f59ae2-300x225.jpeg 300w, https:\/\/www.iaff.org\/wp-content\/uploads\/2025\/07\/d0886672-2511-40c8-9e59-8eefa0f59ae2-768x576.jpeg 768w, https:\/\/www.iaff.org\/wp-content\/uploads\/2025\/07\/d0886672-2511-40c8-9e59-8eefa0f59ae2-240x180.jpeg 240w, https:\/\/www.iaff.org\/wp-content\/uploads\/2025\/07\/d0886672-2511-40c8-9e59-8eefa0f59ae2-1067x800.jpeg 1067w, https:\/\/www.iaff.org\/wp-content\/uploads\/2025\/07\/d0886672-2511-40c8-9e59-8eefa0f59ae2-1080x810.jpeg 1080w, https:\/\/www.iaff.org\/wp-content\/uploads\/2025\/07\/d0886672-2511-40c8-9e59-8eefa0f59ae2.jpeg 1200w\" sizes=\"(max-width: 1024px) 100vw, 1024px\" \/><button\n\t\t\tclass=\"lightbox-trigger\"\n\t\t\ttype=\"button\"\n\t\t\taria-haspopup=\"dialog\"\n\t\t\taria-label=\"Enlarge\"\n\t\t\tdata-wp-init=\"callbacks.initTriggerButton\"\n\t\t\tdata-wp-on--click=\"actions.showLightbox\"\n\t\t\tdata-wp-style--right=\"state.imageButtonRight\"\n\t\t\tdata-wp-style--top=\"state.imageButtonTop\"\n\t\t>\n\t\t\t<svg xmlns=\"http:\/\/www.w3.org\/2000\/svg\" width=\"12\" height=\"12\" fill=\"none\" viewBox=\"0 0 12 12\">\n\t\t\t\t<path fill=\"#fff\" d=\"M2 0a2 2 0 0 0-2 2v2h1.5V2a.5.5 0 0 1 .5-.5h2V0H2Zm2 10.5H2a.5.5 0 0 1-.5-.5V8H0v2a2 2 0 0 0 2 2h2v-1.5ZM8 12v-1.5h2a.5.5 0 0 0 .5-.5V8H12v2a2 2 0 0 1-2 2H8Zm2-12a2 2 0 0 1 2 2v2h-1.5V2a.5.5 0 0 0-.5-.5H8V0h2Z\" \/>\n\t\t\t<\/svg>\n\t\t<\/button><figcaption class=\"wp-element-caption\">Miembros de la Guardia de Honor en la procesi\u00f3n en Coeur d&#8217;Alene. <\/figcaption><\/figure>\n<\/figure>\n\n\n<div class=\"wp-block-paragraph \">\n<p>\u201cEn nombre de los 1.500 miembros de los Bomberos Profesionales de Idaho, pedimos a nuestras comunidades en todo el estado y la naci\u00f3n que se solidaricen con las familias y los departamentos afectados\u201d, dijo el presidente de PFFI, Rob Shoplock. \u201cNuestros miembros continuar\u00e1n respondiendo a la llamada: hoy, ma\u00f1ana y todos los d\u00edas en el futuro. Estamos, ahora y siempre, con nuestros hermanos ca\u00eddos de las Secciones Locales 710 y 2856 y sus familias.\u201d  <\/p>\n<\/div>\n\n\n<figure class=\"wp-block-pullquote\"><blockquote><p>Nuestros miembros seguir\u00e1n respondiendo a la llamada: hoy, ma\u00f1ana y todos los d\u00edas en el futuro.<\/p><cite>Presidente de los bomberos profesionales de Idaho, Rob Shoplock<\/cite><\/blockquote><\/figure>\n\n\n<div class=\"wp-block-paragraph \">\n<p>El vicepresidente del 7.\u00ba distrito, Ricky Walsh, tambi\u00e9n destac\u00f3 la fortaleza y la unidad dentro de la comunidad de AIB. <\/p>\n<\/div>\n\n<div class=\"wp-block-paragraph \">\n<p>\u201cEl 7.\u00ba Distrito es una comunidad muy unida dentro de la gran AIB\u201d, dijo Walsh. \u201cTenemos un liderazgo s\u00f3lido que est\u00e1 trabajando con los recursos enviados por el Presidente General Kelly para asegurar que nuestros ca\u00eddos sean honrados apropiadamente, que sus familias sean atendidas y que las necesidades de nuestros miembros en el Local 710, el Local 2856 y el Local 4045 sean satisfechas. No dejaremos a nadie atr\u00e1s.\u201d  <\/p>\n<\/div>\n\n<div class=\"wp-block-paragraph \">\n<p>Las filiales de Idaho que prestan asistencia son Northern Lakes, Idaho Local 4045, Boise, Idaho Local 149, Pocatello, Idaho Local 187, Nampa, Idaho Local 804, Twin Falls, Idaho Local 1556, Idaho Falls, Idaho Local 1565, Lewiston, Idaho Local 1773, Caldwell, Idaho Local 1821, W. Shoshone County, Idaho Local 2034, Meridian, Idaho Local 2311, Blackfoot, Idaho Local 4454, Eagle, Idaho Local 4553, Middleton, Idaho Local 4626, Worley, Idaho Local 5005, Shoshone County, Idaho Local 5310 e Idaho National Laboratory, Idaho Local I-83.<\/p>\n<\/div>\n<\/div><\/section>\n","protected":false},"featured_media":98717,"menu_order":0,"template":"","tags":[188,158],"class_list":["post-98728","news","type-news","status-publish","has-post-thumbnail","hentry","tag-lodd-es-2","tag-retribuyendo"],"acf":[],"publishpress_future_workflow_manual_trigger":{"enabledWorkflows":[]},"_links":{"self":[{"href":"https:\/\/www.iaff.org\/es\/wp-json\/wp\/v2\/news\/98728","targetHints":{"allow":["GET"]}}],"collection":[{"href":"https:\/\/www.iaff.org\/es\/wp-json\/wp\/v2\/news"}],"about":[{"href":"https:\/\/www.iaff.org\/es\/wp-json\/wp\/v2\/types\/news"}],"version-history":[{"count":0,"href":"https:\/\/www.iaff.org\/es\/wp-json\/wp\/v2\/news\/98728\/revisions"}],"wp:featuredmedia":[{"embeddable":true,"href":"https:\/\/www.iaff.org\/es\/wp-json\/wp\/v2\/media\/98717"}],"wp:attachment":[{"href":"https:\/\/www.iaff.org\/es\/wp-json\/wp\/v2\/media?parent=98728"}],"wp:term":[{"taxonomy":"post_tag","embeddable":true,"href":"https:\/\/www.iaff.org\/es\/wp-json\/wp\/v2\/tags?post=98728"}],"curies":[{"name":"wp","href":"https:\/\/api.w.org\/{rel}","templated":true}]}}