{"id":97664,"date":"2025-06-26T16:26:23","date_gmt":"2025-06-26T20:26:23","guid":{"rendered":"https:\/\/www.iaff.org\/news\/los-bomberos-tienen-muchas-formas-de-apoyar-a-distrofia-muscular-canada-dice-el-director-ejecutivo-de-la-organizacion-benefica\/"},"modified":"2025-07-18T14:36:45","modified_gmt":"2025-07-18T18:36:45","slug":"los-bomberos-tienen-muchas-formas-de-apoyar-a-distrofia-muscular-canada-dice-el-director-ejecutivo-de-la-organizacion-benefica","status":"publish","type":"news","link":"https:\/\/www.iaff.org\/es\/news\/los-bomberos-tienen-muchas-formas-de-apoyar-a-distrofia-muscular-canada-dice-el-director-ejecutivo-de-la-organizacion-benefica\/","title":{"rendered":"Los bomberos tienen muchas formas de apoyar a Distrofia Muscular Canad\u00e1, dice el director ejecutivo de la organizaci\u00f3n ben\u00e9fica"},"content":{"rendered":"\n<hr class=\"wp-block-separator has-alpha-channel-opacity\"\/>\n<div class=\"wp-block-paragraph \">\n<p><a id=\"_msocom_1\"><\/a><\/p>\n<\/div><div class=\"wp-block-paragraph \">\n<p><\/p>\n<\/div><section\n\t class=\"page-blocks iaff-page-blocks align wp-block-acf-page-blocks\" id=\"page-blocks_block_642e0625e017892a1427dbfc943936bf\">\n\t<div class=\"acf-innerblocks-container\">\n<div class=\"wp-block-paragraph \">\n<p>Los miembros canadienses de IAFF celebraron el 70<sup>\u00ba<\/sup> aniversario de su asociaci\u00f3n con Distrofia Muscular Canad\u00e1 (MDC) de la mejor manera que conocen: recaudando fondos a trav\u00e9s de acampadas en azoteas de estaciones de bomberos, peajes de botas en carreteras y otras iniciativas comunitarias.<\/p>\n<\/div>\n\n<div class=\"wp-block-paragraph \">\n<p>Las secciones locales de IAFF, aprovechando la generosidad de los miembros de la comunidad, recaudaron un estimado de 945.000 d\u00f3lares en el a\u00f1o fiscal 2024 para MDC, fondos que proporcionan asistencia diaria a personas que viven con trastornos neuromusculares y apoyan la investigaci\u00f3n vital.<\/p>\n<\/div>\n\n<div class=\"wp-block-paragraph \">\n<p>Stacey Lintern, la directora ejecutiva de la organizaci\u00f3n ben\u00e9fica, dice que est\u00e1 agradecida a los afiliados de IAFF por los fondos que recaudan y por mantener a Distrofia Muscular Canad\u00e1 y a las familias que ayuda cerca de sus corazones.<\/p>\n<\/div>\n\n<div class=\"wp-block-paragraph \">\n<p>\u201cNuestro compromiso es encontrar curas y tratamientos que cambien vidas y, al mismo tiempo, hacer todo lo posible para garantizar que la comunidad tenga la mejor calidad de vida\u201d, dijo Lintern. \u201cS\u00e9 que los bomberos apoyan muchas grandes causas, y somos muy afortunados. Los bomberos son realmente parte de nuestro ADN como organizaci\u00f3n.\u201d <\/p>\n<\/div>\n\n<div class=\"wp-block-paragraph \">\n<p>El total recaudado por los afiliados de IAFF el a\u00f1o pasado representa una disminuci\u00f3n de aproximadamente el 27% en comparaci\u00f3n con los niveles previos a la pandemia. La recaudaci\u00f3n de fondos general para la organizaci\u00f3n ha disminuido un tercio desde el COVID. <\/p>\n<\/div>\n\n<div class=\"wp-block-paragraph \">\n<p>Lintern dice que el apoyo de IAFF ha llevado a un avance que cambia vidas en el diagn\u00f3stico y tratamiento de la Atrofia Muscular Espinal (AME) en los \u00faltimos cuatro a\u00f1os.<\/p>\n<\/div>\n\n<div class=\"wp-block-paragraph \">\n<p>En el pasado, la AME t\u00edpicamente no era detectable en un ni\u00f1o hasta que aparec\u00edan los s\u00edntomas, y para entonces, a menudo era demasiado tarde para evitar que el trastorno se volviera fatal. Pero hoy, todos los reci\u00e9n nacidos en Canad\u00e1 son examinados para detectar AME, y si dan positivo, los tratamientos de terapia g\u00e9nica se inician dentro de los 17 d\u00edas.  <\/p>\n<\/div>\n\n<div class=\"wp-block-paragraph \">\n<p>\u201cEstos ni\u00f1os ahora est\u00e1n caminando y corriendo, no sabr\u00edas que ten\u00edan un trastorno neuromuscular. Y los bomberos jugaron un papel cr\u00edtico en recaudar esos fondos que invertimos en investigaci\u00f3n\u201d, dijo Lintern, a\u00f1adiendo que ahora la carrera es ver si las terapias g\u00e9nicas pueden usarse para desarrollar tratamientos para otros 600 tipos de trastornos neuromusculares.<\/p>\n<\/div>\n\n<div class=\"wp-block-paragraph \">\n<p>\u201cEste es el impacto que tienen los bomberos para las familias que viven con enfermedades neuromusculares\u201d, dijo General President Edward Kelly. \u201cEstamos orgullosos de los 70 a\u00f1os de asociaci\u00f3n que IAFF comparte con MDC, y seguiremos as\u00ed hasta que se encuentre una cura.\u201d <\/p>\n<\/div>\n\n<div class=\"wp-block-paragraph \">\n<p>Adem\u00e1s de la satisfacci\u00f3n de ayudar a las familias afectadas por trastornos neuromusculares, los bomberos tambi\u00e9n pueden experimentar beneficios de desarrollo profesional al involucrarse con MDC, a nivel local o incluso como miembro voluntario de su Junta Directiva.<\/p>\n<\/div>\n\n\n<figure class=\"wp-block-pullquote\"><blockquote><p>S\u00e9 que los bomberos apoyan muchas grandes causas, y somos muy afortunados. Los bomberos son realmente parte de nuestro ADN como organizaci\u00f3n. <br\/><\/p><cite>stacey lintern, directora ejecutiva de distrofia muscular canad\u00e1<\/cite><\/blockquote><\/figure>\n\n\n<div class=\"wp-block-paragraph \">\n<p>\u201cSiempre estamos buscando representaci\u00f3n de bomberos en la junta\u201d, dijo Lintern. Las posiciones en la junta est\u00e1n abiertas en septiembre, incluyendo posiciones en el Comit\u00e9 Nacional de Relaciones con Bomberos, que trabaja con el personal senior de MDC en planificaci\u00f3n y estrategia. <\/p>\n<\/div>\n\n<div class=\"wp-block-paragraph \">\n<p>El 19 de junio, Lintern y la embajadora nacional de MDC, Danielle Campo, hablaron con los l\u00edderes locales y provinciales de AIB en la Conferencia Canadiense de Pol\u00edtica Bienal Jack Jessop en Windsor.<\/p>\n<\/div>\n\n<div class=\"wp-block-paragraph \">\n<p>Campo, tres veces medallista de oro paral\u00edmpica y poseedora del r\u00e9cord mundial en nataci\u00f3n, inspir\u00f3 a los delegados con una conmovedora historia sobre los desaf\u00edos que ha superado, incluyendo c\u00f3mo fue mal diagnosticada con distrofia muscular, cuando en realidad ten\u00eda atrofia muscular espinal. Ahora es madre de dos ni\u00f1os peque\u00f1os con el trastorno.  <\/p>\n<\/div>\n\n<div class=\"wp-block-paragraph \">\n<p>\u201cCuando nuestra comunidad se re\u00fane con los bomberos, es como magia. Salen de esas conferencias sintiendo que tienen a todos los bomberos canadienses detr\u00e1s de ellos. Y pueden superar ese pr\u00f3ximo d\u00eda.\u201d<\/p>\n<\/div>\n<\/div><\/section>\n<div class=\"wp-block-paragraph \">\n<p><\/p>\n<\/div>\n<figure class=\"wp-block-gallery has-nested-images columns-default is-cropped wp-block-gallery-1 is-layout-flex wp-block-gallery-is-layout-flex\">\n<figure data-wp-context=\"{&quot;imageId&quot;:&quot;69f1614ed37a5&quot;}\" data-wp-interactive=\"core\/image\" data-wp-key=\"69f1614ed37a5\" class=\"wp-block-image size-large wp-lightbox-container\"><img decoding=\"async\" width=\"1024\" height=\"859\" data-wp-class--hide=\"state.isContentHidden\" data-wp-class--show=\"state.isContentVisible\" data-wp-init=\"callbacks.setButtonStyles\" data-wp-on--click=\"actions.showLightbox\" data-wp-on--load=\"callbacks.setButtonStyles\" data-wp-on-window--resize=\"callbacks.setButtonStyles\" data-id=\"97658\" src=\"https:\/\/www.iaff.org\/wp-content\/uploads\/2025\/06\/Barrie-MDC-1-1024x859.jpeg\" alt=\"\" class=\"wp-image-97658\" srcset=\"https:\/\/www.iaff.org\/wp-content\/uploads\/2025\/06\/Barrie-MDC-1-1024x859.jpeg 1024w, https:\/\/www.iaff.org\/wp-content\/uploads\/2025\/06\/Barrie-MDC-1-300x252.jpeg 300w, https:\/\/www.iaff.org\/wp-content\/uploads\/2025\/06\/Barrie-MDC-1-768x644.jpeg 768w, https:\/\/www.iaff.org\/wp-content\/uploads\/2025\/06\/Barrie-MDC-1-240x201.jpeg 240w, https:\/\/www.iaff.org\/wp-content\/uploads\/2025\/06\/Barrie-MDC-1-954x800.jpeg 954w, https:\/\/www.iaff.org\/wp-content\/uploads\/2025\/06\/Barrie-MDC-1-966x810.jpeg 966w, https:\/\/www.iaff.org\/wp-content\/uploads\/2025\/06\/Barrie-MDC-1.jpeg 1440w\" sizes=\"(max-width: 1024px) 100vw, 1024px\" \/><button\n\t\t\tclass=\"lightbox-trigger\"\n\t\t\ttype=\"button\"\n\t\t\taria-haspopup=\"dialog\"\n\t\t\taria-label=\"Enlarge\"\n\t\t\tdata-wp-init=\"callbacks.initTriggerButton\"\n\t\t\tdata-wp-on--click=\"actions.showLightbox\"\n\t\t\tdata-wp-style--right=\"state.imageButtonRight\"\n\t\t\tdata-wp-style--top=\"state.imageButtonTop\"\n\t\t>\n\t\t\t<svg xmlns=\"http:\/\/www.w3.org\/2000\/svg\" width=\"12\" height=\"12\" fill=\"none\" viewBox=\"0 0 12 12\">\n\t\t\t\t<path fill=\"#fff\" d=\"M2 0a2 2 0 0 0-2 2v2h1.5V2a.5.5 0 0 1 .5-.5h2V0H2Zm2 10.5H2a.5.5 0 0 1-.5-.5V8H0v2a2 2 0 0 0 2 2h2v-1.5ZM8 12v-1.5h2a.5.5 0 0 0 .5-.5V8H12v2a2 2 0 0 1-2 2H8Zm2-12a2 2 0 0 1 2 2v2h-1.5V2a.5.5 0 0 0-.5-.5H8V0h2Z\" \/>\n\t\t\t<\/svg>\n\t\t<\/button><figcaption class=\"wp-element-caption\">Los bomberos del Local 1753 de Barrie estuvieron entre los muchos afiliados canadienses de AIB que recaudaron fondos para Distrofia Muscular Canad\u00e1 el a\u00f1o pasado. <\/figcaption><\/figure>\n<\/figure>\n","protected":false},"featured_media":97645,"menu_order":0,"template":"","tags":[163,158],"class_list":["post-97664","news","type-news","status-publish","has-post-thumbnail","hentry","tag-canada-es","tag-retribuyendo"],"acf":[],"publishpress_future_workflow_manual_trigger":{"enabledWorkflows":[]},"_links":{"self":[{"href":"https:\/\/www.iaff.org\/es\/wp-json\/wp\/v2\/news\/97664","targetHints":{"allow":["GET"]}}],"collection":[{"href":"https:\/\/www.iaff.org\/es\/wp-json\/wp\/v2\/news"}],"about":[{"href":"https:\/\/www.iaff.org\/es\/wp-json\/wp\/v2\/types\/news"}],"version-history":[{"count":0,"href":"https:\/\/www.iaff.org\/es\/wp-json\/wp\/v2\/news\/97664\/revisions"}],"wp:featuredmedia":[{"embeddable":true,"href":"https:\/\/www.iaff.org\/es\/wp-json\/wp\/v2\/media\/97645"}],"wp:attachment":[{"href":"https:\/\/www.iaff.org\/es\/wp-json\/wp\/v2\/media?parent=97664"}],"wp:term":[{"taxonomy":"post_tag","embeddable":true,"href":"https:\/\/www.iaff.org\/es\/wp-json\/wp\/v2\/tags?post=97664"}],"curies":[{"name":"wp","href":"https:\/\/api.w.org\/{rel}","templated":true}]}}