{"id":96981,"date":"2025-06-24T12:57:50","date_gmt":"2025-06-24T16:57:50","guid":{"rendered":"https:\/\/www.iaff.org\/news\/los-bomberos-de-iowa-aseguran-una-importante-expansion-de-la-cobertura-presuntiva-de-cancer\/"},"modified":"2025-06-24T12:59:59","modified_gmt":"2025-06-24T16:59:59","slug":"los-bomberos-de-iowa-aseguran-una-importante-expansion-de-la-cobertura-presuntiva-de-cancer","status":"publish","type":"news","link":"https:\/\/www.iaff.org\/es\/news\/los-bomberos-de-iowa-aseguran-una-importante-expansion-de-la-cobertura-presuntiva-de-cancer\/","title":{"rendered":"Los bomberos de Iowa aseguran una importante expansi\u00f3n de la cobertura presuntiva de c\u00e1ncer"},"content":{"rendered":"<section\n\t class=\"page-blocks iaff-page-blocks align wp-block-acf-page-blocks\" id=\"page-blocks_block_98d6eaa440567fe0acef441a981bfa2e\">\n\t<div class=\"acf-innerblocks-container\">\n<div class=\"wp-block-paragraph \">\n<p><\/p>\n<\/div>\n<\/div><\/section>\n<div class=\"wp-block-paragraph \">\n<p>Los bomberos de Iowa ahora tienen una de las leyes presuntivas de c\u00e1ncer m\u00e1s s\u00f3lidas en los Estados Unidos gracias a la promulgaci\u00f3n del Proyecto de Ley de la C\u00e1mara (H.F.) 969. <\/p>\n<\/div><div class=\"wp-block-paragraph \">\n<p>La nueva ley ampl\u00eda el programa de discapacidad del estado para cubrir todos los c\u00e1nceres de bomberos y es la culminaci\u00f3n de a\u00f1os de defensa por parte de la Asociaci\u00f3n de Bomberos Profesionales de Iowa (IPFF) que ha trabajado para educar a los legisladores sobre el riesgo que el c\u00e1ncer ocupacional representa para el servicio de bomberos. <\/p>\n<\/div><div class=\"wp-block-paragraph \">\n<p>\u201cH.F. 969 no solo marcar\u00e1 una diferencia para nuestros miembros, sino que tambi\u00e9n proporcionar\u00e1 tranquilidad a sus familias al saber que si su ser querido recibe un diagn\u00f3stico tr\u00e1gico, no quedar\u00e1n desamparados,\u201d declar\u00f3 el Presidente de los Bomberos Profesionales de Iowa, Ryan Hanghian. \u201cEsto fue realmente un esfuerzo de equipo, y no podr\u00eda estar m\u00e1s orgulloso de nuestros miembros.\u201d  <\/p>\n<\/div><div class=\"wp-block-paragraph \">\n<p>Despu\u00e9s de obtener un apoyo casi un\u00e1nime en ambas c\u00e1maras de la legislatura de Iowa, la Gobernadora Kim Reynolds (R) promulg\u00f3 el proyecto de ley durante un evento celebrado en el sal\u00f3n sindical de los Bomberos de Des Moines Local 4 a principios de este mes. <\/p>\n<\/div>\n<figure class=\"wp-block-image aligncenter size-large is-resized\"><img decoding=\"async\" width=\"821\" height=\"1024\" src=\"https:\/\/www.iaff.org\/wp-content\/uploads\/2025\/06\/IMG_3310-821x1024.jpg\" alt=\"\" class=\"wp-image-96968\" style=\"width:481px;height:auto\" srcset=\"https:\/\/www.iaff.org\/wp-content\/uploads\/2025\/06\/IMG_3310-821x1024.jpg 821w, https:\/\/www.iaff.org\/wp-content\/uploads\/2025\/06\/IMG_3310-241x300.jpg 241w, https:\/\/www.iaff.org\/wp-content\/uploads\/2025\/06\/IMG_3310-768x958.jpg 768w, https:\/\/www.iaff.org\/wp-content\/uploads\/2025\/06\/IMG_3310-1232x1536.jpg 1232w, https:\/\/www.iaff.org\/wp-content\/uploads\/2025\/06\/IMG_3310-192x240.jpg 192w, https:\/\/www.iaff.org\/wp-content\/uploads\/2025\/06\/IMG_3310-641x800.jpg 641w, https:\/\/www.iaff.org\/wp-content\/uploads\/2025\/06\/IMG_3310-649x810.jpg 649w, https:\/\/www.iaff.org\/wp-content\/uploads\/2025\/06\/IMG_3310.jpg 1440w\" sizes=\"(max-width: 821px) 100vw, 821px\" \/><figcaption class=\"wp-element-caption\">Los miembros de IPFF presionan en apoyo de H.F. 969 en el Capitolio del Estado de Iowa.<\/figcaption><\/figure>\n<div class=\"wp-block-paragraph \">\n<p>\u201cEsta legislaci\u00f3n es lo m\u00ednimo que podemos hacer por aquellos dispuestos a hacer innumerables sacrificios, incluyendo el sacrificio supremo en nuestro nombre,\u201d dijo Reynolds en la ceremonia de firma. <\/p>\n<\/div><div class=\"wp-block-paragraph \">\n<p>Antes de la firma de H.F. 969, solo 14 tipos de c\u00e1ncer estaban cubiertos para los bomberos bajo las leyes de salud presuntiva del estado. La nueva ley ampl\u00eda significativamente los beneficios por discapacidad para la mayor\u00eda de los bomberos de Iowa, asegurando que tengan el apoyo que necesitan en caso de enfrentar un diagn\u00f3stico de c\u00e1ncer.  <\/p>\n<\/div><div class=\"wp-block-paragraph \">\n<p>\u201cGracias a la incansable defensa y dedicaci\u00f3n de los Bomberos Profesionales de Iowa, cada bombero en Iowa ahora tendr\u00e1 el apoyo que necesita si desarrolla c\u00e1ncer debido a su trabajo,\u201d dijo General President Edward Kelly. \u201cEl Presidente Hanghian y sus miembros hicieron un trabajo incre\u00edble para llevar este proyecto de ley a la l\u00ednea de meta.\u201d  <\/p>\n<\/div>\n<figure class=\"wp-block-pullquote\"><blockquote><p>H.F. 969 no solo marcar\u00e1 una diferencia para nuestros miembros, sino que tambi\u00e9n proporcionar\u00e1 tranquilidad a sus familias al saber que si su ser querido recibe un diagn\u00f3stico tr\u00e1gico, no quedar\u00e1n desamparados.<\/p><cite>Presidente de los bomberos profesionales de Iowa Ryan Hanghian<\/cite><\/blockquote><\/figure>\n<div class=\"wp-block-paragraph \">\n<p>A pesar de los cambios significativos en el panorama pol\u00edtico de Iowa en los \u00faltimos a\u00f1os, la IPFF ha priorizado la construcci\u00f3n de relaciones s\u00f3lidas con legisladores de ambos lados del pasillo. Esas relaciones, junto con su enfoque pol\u00edtico orientado a resultados, fueron cruciales para asegurar el apoyo bipartidista para H.F. 969 y expandir la legislaci\u00f3n presuntiva sobre el c\u00e1ncer en esta sesi\u00f3n.  <\/p>\n<\/div><div class=\"wp-block-paragraph \">\n<p>\u201cLos legisladores y bomberos de Iowa tienen el mismo objetivo: ambos queremos proteger a nuestras comunidades,\u201d dijo Hanghian. <\/p>\n<\/div><div class=\"wp-block-paragraph \">\n<p>\u201cQuiero agradecer a la Gobernadora Reynolds, al Senador Webster, al Representante Kaufman y a todos nuestros legisladores, de ambos partidos, que se unieron para hacer posible este cambio significativo.\u201d <\/p>\n<\/div>\n<figure class=\"wp-block-image aligncenter size-large is-resized\"><img decoding=\"async\" width=\"646\" height=\"1024\" src=\"https:\/\/www.iaff.org\/wp-content\/uploads\/2025\/06\/IMG_3863-646x1024.jpg\" alt=\"\" class=\"wp-image-96974\" style=\"width:423px;height:auto\" srcset=\"https:\/\/www.iaff.org\/wp-content\/uploads\/2025\/06\/IMG_3863-646x1024.jpg 646w, https:\/\/www.iaff.org\/wp-content\/uploads\/2025\/06\/IMG_3863-189x300.jpg 189w, https:\/\/www.iaff.org\/wp-content\/uploads\/2025\/06\/IMG_3863-152x240.jpg 152w, https:\/\/www.iaff.org\/wp-content\/uploads\/2025\/06\/IMG_3863-505x800.jpg 505w, https:\/\/www.iaff.org\/wp-content\/uploads\/2025\/06\/IMG_3863-511x810.jpg 511w, https:\/\/www.iaff.org\/wp-content\/uploads\/2025\/06\/IMG_3863.jpg 690w\" sizes=\"(max-width: 646px) 100vw, 646px\" \/><figcaption class=\"wp-element-caption\">La Gobernadora Reynolds firma H.F. 969 en el sal\u00f3n sindical de los Bomberos de Des Moines Local 4<\/figcaption><\/figure>\n<div class=\"wp-block-paragraph \">\n<p><\/p>\n<\/div><div class=\"wp-block-paragraph \">\n<p><\/p>\n<\/div>","protected":false},"featured_media":96973,"menu_order":0,"template":"","tags":[156,164],"class_list":["post-96981","news","type-news","status-publish","has-post-thumbnail","hentry","tag-cancer-es","tag-legislacion-ee-uu"],"acf":[],"publishpress_future_workflow_manual_trigger":{"enabledWorkflows":[]},"_links":{"self":[{"href":"https:\/\/www.iaff.org\/es\/wp-json\/wp\/v2\/news\/96981","targetHints":{"allow":["GET"]}}],"collection":[{"href":"https:\/\/www.iaff.org\/es\/wp-json\/wp\/v2\/news"}],"about":[{"href":"https:\/\/www.iaff.org\/es\/wp-json\/wp\/v2\/types\/news"}],"version-history":[{"count":0,"href":"https:\/\/www.iaff.org\/es\/wp-json\/wp\/v2\/news\/96981\/revisions"}],"wp:featuredmedia":[{"embeddable":true,"href":"https:\/\/www.iaff.org\/es\/wp-json\/wp\/v2\/media\/96973"}],"wp:attachment":[{"href":"https:\/\/www.iaff.org\/es\/wp-json\/wp\/v2\/media?parent=96981"}],"wp:term":[{"taxonomy":"post_tag","embeddable":true,"href":"https:\/\/www.iaff.org\/es\/wp-json\/wp\/v2\/tags?post=96981"}],"curies":[{"name":"wp","href":"https:\/\/api.w.org\/{rel}","templated":true}]}}