{"id":95900,"date":"2025-06-20T09:59:45","date_gmt":"2025-06-20T13:59:45","guid":{"rendered":"https:\/\/www.iaff.org\/news\/los-afiliados-de-iaff-en-canada-y-estados-unidos-apoyan-a-organizaciones-comunitarias-durante-el-mes-del-orgullo\/"},"modified":"2025-09-29T15:09:45","modified_gmt":"2025-09-29T19:09:45","slug":"los-afiliados-de-iaff-en-canada-y-estados-unidos-apoyan-a-organizaciones-comunitarias-durante-el-mes-del-orgullo","status":"publish","type":"news","link":"https:\/\/www.iaff.org\/es\/news\/los-afiliados-de-iaff-en-canada-y-estados-unidos-apoyan-a-organizaciones-comunitarias-durante-el-mes-del-orgullo\/","title":{"rendered":"Las filiales de AIB en Canad\u00e1 y EE. UU. apoyan a las organizaciones comunitarias durante el mes del Orgullo"},"content":{"rendered":"<section\n\t class=\"page-blocks iaff-page-blocks align wp-block-acf-page-blocks\" id=\"page-blocks_block_d6b8820c09d4f38b48e6501d0dfa8077\">\n\t<div class=\"acf-innerblocks-container\">\n<div class=\"wp-block-paragraph \">\n<p>Este junio, los afiliados de AIB en Canad\u00e1 y EE. UU. celebraron el Mes del Orgullo tanto dentro del parque de bomberos como fuera, en sus comunidades. <\/p>\n<\/div>\n\n<div class=\"wp-block-paragraph \">\n<p>En Port Coquitlam, Columbia Brit\u00e1nica, el Local 1941 y su Sociedad Caritativa de Bomberos Profesionales de Port Coquitlam crearon una <a href=\"https:\/\/www.portcoquitlamfirefighters.com\/merch\" target=\"_blank\" rel=\"noreferrer noopener\">camiseta tem\u00e1tica del Orgullo<\/a>, cuyos ingresos benefician a una organizaci\u00f3n LGBTQ+ local. <\/p>\n<\/div>\n\n<div class=\"wp-block-paragraph \">\n<p>\u00abEl Local 1941 se enorgullece de apoyar el Mes del Orgullo, utilizando esta venta de camisetas para reforzar nuestro compromiso con la inclusi\u00f3n, la diversidad y la igualdad en el servicio de bomberos y la comunidad\u00bb, declar\u00f3 Emily Lehwald del Local 1941. \u00abAhora m\u00e1s que nunca, estamos dedicados a crear una cultura donde todos se sientan seguros y valorados\u00bb.  <\/p>\n<\/div>\n\n\n<figure class=\"wp-block-gallery has-nested-images columns-default is-cropped wp-block-gallery-1 is-layout-flex wp-block-gallery-is-layout-flex\">\n<figure data-wp-context=\"{&quot;imageId&quot;:&quot;69f3a8ed5f186&quot;}\" data-wp-interactive=\"core\/image\" data-wp-key=\"69f3a8ed5f186\" class=\"wp-block-image size-large wp-lightbox-container\"><img decoding=\"async\" width=\"1024\" height=\"1024\" data-wp-class--hide=\"state.isContentHidden\" data-wp-class--show=\"state.isContentVisible\" data-wp-init=\"callbacks.setButtonStyles\" data-wp-on--click=\"actions.showLightbox\" data-wp-on--load=\"callbacks.setButtonStyles\" data-wp-on-window--resize=\"callbacks.setButtonStyles\" data-id=\"95882\" src=\"https:\/\/www.iaff.org\/wp-content\/uploads\/2025\/06\/Tshirt-sale-1024x1024.jpg\" alt=\"\" class=\"wp-image-95882\" srcset=\"https:\/\/www.iaff.org\/wp-content\/uploads\/2025\/06\/Tshirt-sale-1024x1024.jpg 1024w, https:\/\/www.iaff.org\/wp-content\/uploads\/2025\/06\/Tshirt-sale-300x300.jpg 300w, https:\/\/www.iaff.org\/wp-content\/uploads\/2025\/06\/Tshirt-sale-150x150.jpg 150w, https:\/\/www.iaff.org\/wp-content\/uploads\/2025\/06\/Tshirt-sale-768x768.jpg 768w, https:\/\/www.iaff.org\/wp-content\/uploads\/2025\/06\/Tshirt-sale-240x240.jpg 240w, https:\/\/www.iaff.org\/wp-content\/uploads\/2025\/06\/Tshirt-sale-800x800.jpg 800w, https:\/\/www.iaff.org\/wp-content\/uploads\/2025\/06\/Tshirt-sale-810x810.jpg 810w, https:\/\/www.iaff.org\/wp-content\/uploads\/2025\/06\/Tshirt-sale.jpg 1080w\" sizes=\"(max-width: 1024px) 100vw, 1024px\" \/><button\n\t\t\tclass=\"lightbox-trigger\"\n\t\t\ttype=\"button\"\n\t\t\taria-haspopup=\"dialog\"\n\t\t\taria-label=\"Enlarge\"\n\t\t\tdata-wp-init=\"callbacks.initTriggerButton\"\n\t\t\tdata-wp-on--click=\"actions.showLightbox\"\n\t\t\tdata-wp-style--right=\"state.imageButtonRight\"\n\t\t\tdata-wp-style--top=\"state.imageButtonTop\"\n\t\t>\n\t\t\t<svg xmlns=\"http:\/\/www.w3.org\/2000\/svg\" width=\"12\" height=\"12\" fill=\"none\" viewBox=\"0 0 12 12\">\n\t\t\t\t<path fill=\"#fff\" d=\"M2 0a2 2 0 0 0-2 2v2h1.5V2a.5.5 0 0 1 .5-.5h2V0H2Zm2 10.5H2a.5.5 0 0 1-.5-.5V8H0v2a2 2 0 0 0 2 2h2v-1.5ZM8 12v-1.5h2a.5.5 0 0 0 .5-.5V8H12v2a2 2 0 0 1-2 2H8Zm2-12a2 2 0 0 1 2 2v2h-1.5V2a.5.5 0 0 0-.5-.5H8V0h2Z\" \/>\n\t\t\t<\/svg>\n\t\t<\/button><figcaption class=\"wp-element-caption\">Venta de camisetas del Local 1941 de Port Coquitlam, Columbia Brit\u00e1nica.<\/figcaption><\/figure>\n\n\n\n<figure data-wp-context=\"{&quot;imageId&quot;:&quot;69f3a8ed5fccd&quot;}\" data-wp-interactive=\"core\/image\" data-wp-key=\"69f3a8ed5fccd\" class=\"wp-block-image size-large wp-lightbox-container\"><img decoding=\"async\" width=\"1024\" height=\"683\" data-wp-class--hide=\"state.isContentHidden\" data-wp-class--show=\"state.isContentVisible\" data-wp-init=\"callbacks.setButtonStyles\" data-wp-on--click=\"actions.showLightbox\" data-wp-on--load=\"callbacks.setButtonStyles\" data-wp-on-window--resize=\"callbacks.setButtonStyles\" data-id=\"95876\" src=\"https:\/\/www.iaff.org\/wp-content\/uploads\/2025\/06\/Pride-tshirts-2-1024x683.jpeg\" alt=\"\" class=\"wp-image-95876\" srcset=\"https:\/\/www.iaff.org\/wp-content\/uploads\/2025\/06\/Pride-tshirts-2-1024x683.jpeg 1024w, https:\/\/www.iaff.org\/wp-content\/uploads\/2025\/06\/Pride-tshirts-2-300x200.jpeg 300w, https:\/\/www.iaff.org\/wp-content\/uploads\/2025\/06\/Pride-tshirts-2-768x512.jpeg 768w, https:\/\/www.iaff.org\/wp-content\/uploads\/2025\/06\/Pride-tshirts-2-240x160.jpeg 240w, https:\/\/www.iaff.org\/wp-content\/uploads\/2025\/06\/Pride-tshirts-2.jpeg 1080w\" sizes=\"(max-width: 1024px) 100vw, 1024px\" \/><button\n\t\t\tclass=\"lightbox-trigger\"\n\t\t\ttype=\"button\"\n\t\t\taria-haspopup=\"dialog\"\n\t\t\taria-label=\"Enlarge\"\n\t\t\tdata-wp-init=\"callbacks.initTriggerButton\"\n\t\t\tdata-wp-on--click=\"actions.showLightbox\"\n\t\t\tdata-wp-style--right=\"state.imageButtonRight\"\n\t\t\tdata-wp-style--top=\"state.imageButtonTop\"\n\t\t>\n\t\t\t<svg xmlns=\"http:\/\/www.w3.org\/2000\/svg\" width=\"12\" height=\"12\" fill=\"none\" viewBox=\"0 0 12 12\">\n\t\t\t\t<path fill=\"#fff\" d=\"M2 0a2 2 0 0 0-2 2v2h1.5V2a.5.5 0 0 1 .5-.5h2V0H2Zm2 10.5H2a.5.5 0 0 1-.5-.5V8H0v2a2 2 0 0 0 2 2h2v-1.5ZM8 12v-1.5h2a.5.5 0 0 0 .5-.5V8H12v2a2 2 0 0 1-2 2H8Zm2-12a2 2 0 0 1 2 2v2h-1.5V2a.5.5 0 0 0-.5-.5H8V0h2Z\" \/>\n\t\t\t<\/svg>\n\t\t<\/button><figcaption class=\"wp-element-caption\">Miembros del Local 2130 de St. Albert, Alberta.<\/figcaption><\/figure>\n<\/figure>\n\n\n\n<figure class=\"wp-block-pullquote\"><blockquote><p>Ahora m\u00e1s que nunca, estamos dedicados a crear una cultura donde todos se sientan seguros y valorados. <\/p><cite>Emily Lehwald, miembro del Local 1941<\/cite><\/blockquote><\/figure>\n\n\n<div class=\"wp-block-paragraph \">\n<p>El Local 2130 de St. Albert, Alberta, tambi\u00e9n est\u00e1 participando en una iniciativa de camisetas del Orgullo propuesta por uno de sus miembros y r\u00e1pidamente respaldada y adoptada por el equipo de liderazgo del Local 2130. <\/p>\n<\/div>\n\n<div class=\"wp-block-paragraph \">\n<p>\u201cA cada miembro se le entreg\u00f3 una camiseta adicional a nuestro uniforme habitual. Se ha convertido en una forma visible de mostrar apoyo a la inclusi\u00f3n y a la comunidad 2SLGBTQIA+, tanto dentro de nuestro departamento como en la ciudad a la que servimos,\u201d declar\u00f3 Greg Harvey, Presidente del Local 2130. <\/p>\n<\/div>\n\n<div class=\"wp-block-paragraph \">\n<p>Harvey comenta que la camiseta tambi\u00e9n est\u00e1 siendo utilizada por Cathy Heron, alcaldesa de St. Albert. <\/p>\n<\/div>\n\n<div class=\"wp-block-paragraph \">\n<p>\u201cEl Orgullo va m\u00e1s all\u00e1 de un mes; se trata de defender la igualdad, la dignidad y el respeto todos los d\u00edas,\u201d afirm\u00f3 Harvey. <\/p>\n<\/div>\n\n<div class=\"wp-block-paragraph \">\n<p>Entre los que lideran con acciones en Estados Unidos se encuentra el Local 282 de Buffalo, Nueva York, cuyos miembros recientemente marcharon en el Desfile del Orgullo de Buffalo en una demostraci\u00f3n de solidaridad. <\/p>\n<\/div>\n\n<div class=\"wp-block-paragraph \">\n<p>\u201cComo socorristas, servimos y protegemos a todos los individuos, independientemente de su origen o identidad. Al participar en el Desfile del Orgullo en Buffalo, demostramos nuestro compromiso de apoyar a todos en nuestra comunidad,\u201d declar\u00f3 Christopher Whelan, Presidente del Local 282. <\/p>\n<\/div>\n\n\n<figure class=\"wp-block-pullquote\"><blockquote><p>Como socorristas, servimos y protegemos a todos los individuos, independientemente de su origen o identidad. Al participar en el Desfile del Orgullo en Buffalo, demostramos nuestro compromiso de apoyar a todos en nuestra comunidad. <\/p><cite>Christopher Whelan, Presidente del Local 282<\/cite><\/blockquote><\/figure>\n\n\n\n<figure class=\"wp-block-gallery has-nested-images columns-default is-cropped wp-block-gallery-2 is-layout-flex wp-block-gallery-is-layout-flex\">\n<figure data-wp-context=\"{&quot;imageId&quot;:&quot;69f3a8ed65053&quot;}\" data-wp-interactive=\"core\/image\" data-wp-key=\"69f3a8ed65053\" class=\"wp-block-image size-large wp-lightbox-container\"><img decoding=\"async\" width=\"1024\" height=\"768\" data-wp-class--hide=\"state.isContentHidden\" data-wp-class--show=\"state.isContentVisible\" data-wp-init=\"callbacks.setButtonStyles\" data-wp-on--click=\"actions.showLightbox\" data-wp-on--load=\"callbacks.setButtonStyles\" data-wp-on-window--resize=\"callbacks.setButtonStyles\" data-id=\"95885\" src=\"https:\/\/www.iaff.org\/wp-content\/uploads\/2025\/06\/Buffalo-FF-1-1024x768.jpg\" alt=\"\" class=\"wp-image-95885\" srcset=\"https:\/\/www.iaff.org\/wp-content\/uploads\/2025\/06\/Buffalo-FF-1-1024x768.jpg 1024w, https:\/\/www.iaff.org\/wp-content\/uploads\/2025\/06\/Buffalo-FF-1-300x225.jpg 300w, https:\/\/www.iaff.org\/wp-content\/uploads\/2025\/06\/Buffalo-FF-1-768x576.jpg 768w, https:\/\/www.iaff.org\/wp-content\/uploads\/2025\/06\/Buffalo-FF-1-240x180.jpg 240w, https:\/\/www.iaff.org\/wp-content\/uploads\/2025\/06\/Buffalo-FF-1-1067x800.jpg 1067w, https:\/\/www.iaff.org\/wp-content\/uploads\/2025\/06\/Buffalo-FF-1.jpg 1080w\" sizes=\"(max-width: 1024px) 100vw, 1024px\" \/><button\n\t\t\tclass=\"lightbox-trigger\"\n\t\t\ttype=\"button\"\n\t\t\taria-haspopup=\"dialog\"\n\t\t\taria-label=\"Enlarge\"\n\t\t\tdata-wp-init=\"callbacks.initTriggerButton\"\n\t\t\tdata-wp-on--click=\"actions.showLightbox\"\n\t\t\tdata-wp-style--right=\"state.imageButtonRight\"\n\t\t\tdata-wp-style--top=\"state.imageButtonTop\"\n\t\t>\n\t\t\t<svg xmlns=\"http:\/\/www.w3.org\/2000\/svg\" width=\"12\" height=\"12\" fill=\"none\" viewBox=\"0 0 12 12\">\n\t\t\t\t<path fill=\"#fff\" d=\"M2 0a2 2 0 0 0-2 2v2h1.5V2a.5.5 0 0 1 .5-.5h2V0H2Zm2 10.5H2a.5.5 0 0 1-.5-.5V8H0v2a2 2 0 0 0 2 2h2v-1.5ZM8 12v-1.5h2a.5.5 0 0 0 .5-.5V8H12v2a2 2 0 0 1-2 2H8Zm2-12a2 2 0 0 1 2 2v2h-1.5V2a.5.5 0 0 0-.5-.5H8V0h2Z\" \/>\n\t\t\t<\/svg>\n\t\t<\/button><figcaption class=\"wp-element-caption\">El Local 282 de Buffalo, Nueva York, asistiendo al desfile del Orgullo de Buffalo.<\/figcaption><\/figure>\n\n\n\n<figure data-wp-context=\"{&quot;imageId&quot;:&quot;69f3a8ed659e2&quot;}\" data-wp-interactive=\"core\/image\" data-wp-key=\"69f3a8ed659e2\" class=\"wp-block-image size-large wp-lightbox-container\"><img decoding=\"async\" width=\"768\" height=\"1024\" data-wp-class--hide=\"state.isContentHidden\" data-wp-class--show=\"state.isContentVisible\" data-wp-init=\"callbacks.setButtonStyles\" data-wp-on--click=\"actions.showLightbox\" data-wp-on--load=\"callbacks.setButtonStyles\" data-wp-on-window--resize=\"callbacks.setButtonStyles\" data-id=\"95891\" src=\"https:\/\/www.iaff.org\/wp-content\/uploads\/2025\/06\/Local-1828-768x1024.jpg\" alt=\"\" class=\"wp-image-95891\" srcset=\"https:\/\/www.iaff.org\/wp-content\/uploads\/2025\/06\/Local-1828-768x1024.jpg 768w, https:\/\/www.iaff.org\/wp-content\/uploads\/2025\/06\/Local-1828-225x300.jpg 225w, https:\/\/www.iaff.org\/wp-content\/uploads\/2025\/06\/Local-1828-1152x1536.jpg 1152w, https:\/\/www.iaff.org\/wp-content\/uploads\/2025\/06\/Local-1828-180x240.jpg 180w, https:\/\/www.iaff.org\/wp-content\/uploads\/2025\/06\/Local-1828-600x800.jpg 600w, https:\/\/www.iaff.org\/wp-content\/uploads\/2025\/06\/Local-1828-608x810.jpg 608w, https:\/\/www.iaff.org\/wp-content\/uploads\/2025\/06\/Local-1828.jpg 1536w\" sizes=\"(max-width: 768px) 100vw, 768px\" \/><button\n\t\t\tclass=\"lightbox-trigger\"\n\t\t\ttype=\"button\"\n\t\t\taria-haspopup=\"dialog\"\n\t\t\taria-label=\"Enlarge\"\n\t\t\tdata-wp-init=\"callbacks.initTriggerButton\"\n\t\t\tdata-wp-on--click=\"actions.showLightbox\"\n\t\t\tdata-wp-style--right=\"state.imageButtonRight\"\n\t\t\tdata-wp-style--top=\"state.imageButtonTop\"\n\t\t>\n\t\t\t<svg xmlns=\"http:\/\/www.w3.org\/2000\/svg\" width=\"12\" height=\"12\" fill=\"none\" viewBox=\"0 0 12 12\">\n\t\t\t\t<path fill=\"#fff\" d=\"M2 0a2 2 0 0 0-2 2v2h1.5V2a.5.5 0 0 1 .5-.5h2V0H2Zm2 10.5H2a.5.5 0 0 1-.5-.5V8H0v2a2 2 0 0 0 2 2h2v-1.5ZM8 12v-1.5h2a.5.5 0 0 0 .5-.5V8H12v2a2 2 0 0 1-2 2H8Zm2-12a2 2 0 0 1 2 2v2h-1.5V2a.5.5 0 0 0-.5-.5H8V0h2Z\" \/>\n\t\t\t<\/svg>\n\t\t<\/button><figcaption class=\"wp-element-caption\">Pegatinas sindicales tem\u00e1ticas del Orgullo del Local 1828 de South County, Washington.<\/figcaption><\/figure>\n\n\n\n<figure data-wp-context=\"{&quot;imageId&quot;:&quot;69f3a8ed663ac&quot;}\" data-wp-interactive=\"core\/image\" data-wp-key=\"69f3a8ed663ac\" class=\"wp-block-image size-large wp-lightbox-container\"><img decoding=\"async\" width=\"793\" height=\"1024\" data-wp-class--hide=\"state.isContentHidden\" data-wp-class--show=\"state.isContentVisible\" data-wp-init=\"callbacks.setButtonStyles\" data-wp-on--click=\"actions.showLightbox\" data-wp-on--load=\"callbacks.setButtonStyles\" data-wp-on-window--resize=\"callbacks.setButtonStyles\" data-id=\"95888\" src=\"https:\/\/www.iaff.org\/wp-content\/uploads\/2025\/06\/Buffalo-FF-2-793x1024.jpg\" alt=\"\" class=\"wp-image-95888\" srcset=\"https:\/\/www.iaff.org\/wp-content\/uploads\/2025\/06\/Buffalo-FF-2-793x1024.jpg 793w, https:\/\/www.iaff.org\/wp-content\/uploads\/2025\/06\/Buffalo-FF-2-232x300.jpg 232w, https:\/\/www.iaff.org\/wp-content\/uploads\/2025\/06\/Buffalo-FF-2-768x992.jpg 768w, https:\/\/www.iaff.org\/wp-content\/uploads\/2025\/06\/Buffalo-FF-2-186x240.jpg 186w, https:\/\/www.iaff.org\/wp-content\/uploads\/2025\/06\/Buffalo-FF-2-619x800.jpg 619w, https:\/\/www.iaff.org\/wp-content\/uploads\/2025\/06\/Buffalo-FF-2-627x810.jpg 627w, https:\/\/www.iaff.org\/wp-content\/uploads\/2025\/06\/Buffalo-FF-2.jpg 1080w\" sizes=\"(max-width: 793px) 100vw, 793px\" \/><button\n\t\t\tclass=\"lightbox-trigger\"\n\t\t\ttype=\"button\"\n\t\t\taria-haspopup=\"dialog\"\n\t\t\taria-label=\"Enlarge\"\n\t\t\tdata-wp-init=\"callbacks.initTriggerButton\"\n\t\t\tdata-wp-on--click=\"actions.showLightbox\"\n\t\t\tdata-wp-style--right=\"state.imageButtonRight\"\n\t\t\tdata-wp-style--top=\"state.imageButtonTop\"\n\t\t>\n\t\t\t<svg xmlns=\"http:\/\/www.w3.org\/2000\/svg\" width=\"12\" height=\"12\" fill=\"none\" viewBox=\"0 0 12 12\">\n\t\t\t\t<path fill=\"#fff\" d=\"M2 0a2 2 0 0 0-2 2v2h1.5V2a.5.5 0 0 1 .5-.5h2V0H2Zm2 10.5H2a.5.5 0 0 1-.5-.5V8H0v2a2 2 0 0 0 2 2h2v-1.5ZM8 12v-1.5h2a.5.5 0 0 0 .5-.5V8H12v2a2 2 0 0 1-2 2H8Zm2-12a2 2 0 0 1 2 2v2h-1.5V2a.5.5 0 0 0-.5-.5H8V0h2Z\" \/>\n\t\t\t<\/svg>\n\t\t<\/button><figcaption class=\"wp-element-caption\">Miembros del Local 282 en el desfile.<\/figcaption><\/figure>\n<\/figure>\n\n\n<div class=\"wp-block-paragraph \">\n<p>Al otro lado del pa\u00eds, el Local 1828 de South County, Washington, continu\u00f3 una tradici\u00f3n de larga data con pegatinas sindicales tem\u00e1ticas del Orgullo. <\/p>\n<\/div>\n\n<div class=\"wp-block-paragraph \">\n<p>\u00abDurante m\u00e1s de una d\u00e9cada, nuestro Local ha exhibido con orgullo las pegatinas en nuestros aparatos durante el mes de junio\u00bb, declar\u00f3 Pat Moore, Presidente del Local 1828. <\/p>\n<\/div>\n\n<div class=\"wp-block-paragraph \">\n<p>Las pegatinas, ahora una parte simb\u00f3lica de la cultura del sindicato, reflejan a\u00f1os de defensa. <\/p>\n<\/div>\n\n<div class=\"wp-block-paragraph \">\n<p>\u201cCreemos que cada bombero merece sentirse respetado, representado y seguro dentro de nuestra profesi\u00f3n. La solidaridad significa estar presente el uno para el otro, y eso incluye honrar y elevar a nuestra diversa familia sindical,\u201d afirm\u00f3 Moore. <\/p>\n<\/div>\n<\/div><\/section>\n","protected":false},"featured_media":95881,"menu_order":0,"template":"","tags":[159,158],"class_list":["post-95900","news","type-news","status-publish","has-post-thumbnail","hentry","tag-derechos-laborales","tag-retribuyendo"],"acf":[],"publishpress_future_workflow_manual_trigger":{"enabledWorkflows":[]},"_links":{"self":[{"href":"https:\/\/www.iaff.org\/es\/wp-json\/wp\/v2\/news\/95900","targetHints":{"allow":["GET"]}}],"collection":[{"href":"https:\/\/www.iaff.org\/es\/wp-json\/wp\/v2\/news"}],"about":[{"href":"https:\/\/www.iaff.org\/es\/wp-json\/wp\/v2\/types\/news"}],"version-history":[{"count":0,"href":"https:\/\/www.iaff.org\/es\/wp-json\/wp\/v2\/news\/95900\/revisions"}],"wp:featuredmedia":[{"embeddable":true,"href":"https:\/\/www.iaff.org\/es\/wp-json\/wp\/v2\/media\/95881"}],"wp:attachment":[{"href":"https:\/\/www.iaff.org\/es\/wp-json\/wp\/v2\/media?parent=95900"}],"wp:term":[{"taxonomy":"post_tag","embeddable":true,"href":"https:\/\/www.iaff.org\/es\/wp-json\/wp\/v2\/tags?post=95900"}],"curies":[{"name":"wp","href":"https:\/\/api.w.org\/{rel}","templated":true}]}}