{"id":92553,"date":"2025-05-09T12:21:44","date_gmt":"2025-05-09T16:21:44","guid":{"rendered":"https:\/\/www.iaff.org\/news\/se-lanza-nuevo-comite-para-la-salud-y-seguridad-femenina\/"},"modified":"2025-08-14T15:34:24","modified_gmt":"2025-08-14T19:34:24","slug":"se-lanza-nuevo-comite-para-la-salud-y-seguridad-femenina","status":"publish","type":"news","link":"https:\/\/www.iaff.org\/es\/news\/se-lanza-nuevo-comite-para-la-salud-y-seguridad-femenina\/","title":{"rendered":"Se lanza nuevo comit\u00e9 para la salud y seguridad femenina"},"content":{"rendered":"<section\n\t class=\"page-blocks iaff-page-blocks align wp-block-acf-page-blocks\" id=\"page-blocks_block_8e552de54ed1d0e99221555e928d007b\">\n\t<div class=\"acf-innerblocks-container\">\n<div class=\"wp-block-paragraph \">\n<p>La miembro del comit\u00e9 del Distrito 2 Dani Landholm, de Omaha, NE Local 385, ha abogado durante mucho tiempo por mejores pol\u00edticas de salud materna y equipamiento adecuadamente ajustado, y esta semana, su labor de defensa se complet\u00f3 en Washington, D.C., donde se uni\u00f3 a otras 15 mujeres de los distritos de IAFF para la primera reuni\u00f3n del Comit\u00e9 Permanente de Salud y Seguridad Femenina de IAFF. <\/p>\n<\/div>\n\n<div class=\"wp-block-paragraph \">\n<p>\u00abSe present\u00f3 que exist\u00eda la necesidad de un comit\u00e9 de salud y seguridad para bomberas\u00bb, afirm\u00f3 Landholm. \u00abSent\u00ed un fuerte impulso de formar parte de \u00e9l, ya que he sido una gran defensora en nuestra localidad de nuestra salud materna y de equipos de protecci\u00f3n personal mejor adaptados\u00bb.  <\/p>\n<\/div>\n\n<div class=\"wp-block-paragraph \">\n<p>El comit\u00e9 se estableci\u00f3 a trav\u00e9s de la <a href=\"https:\/\/www.iaff.org\/wp-content\/uploads\/2024\/08\/21.-ADOPT-Female-Health-Safety-Standing-Committee.pdf\" target=\"_blank\" rel=\"noreferrer noopener\">Resoluci\u00f3n No. 21<\/a> en la convenci\u00f3n del a\u00f1o pasado y es el primero en la historia de IAFF dedicado espec\u00edficamente a la salud y seguridad de las bomberas y trabajadoras de emergencias m\u00e9dicas. <\/p>\n<\/div>\n\n<div class=\"wp-block-paragraph \">\n<p>\u00abIAFF est\u00e1 comprometido a hacer que nuestro peligroso trabajo sea m\u00e1s seguro\u00bb, dijo General President Edward Kelly. \u00abCon la creaci\u00f3n de un nuevo Comit\u00e9 Permanente de Salud y Seguridad Femenina, podremos abogar por una mejor investigaci\u00f3n, protecciones mejoradas y un futuro m\u00e1s seguro para nuestra membres\u00eda\u00bb.  <\/p>\n<\/div>\n\n<div class=\"wp-block-paragraph \">\n<p>Algunas prioridades incluyen abordar el EPP mal ajustado, las brechas en la cobertura presuntiva de c\u00e1ncer, los factores estresantes de salud conductual, el reclutamiento y la retenci\u00f3n, las pol\u00edticas de licencia por maternidad y los dise\u00f1os de estaciones obsoletos. <\/p>\n<\/div>\n\n\n<figure class=\"wp-block-pullquote\"><blockquote><p>IAFF est\u00e1 comprometido a hacer que nuestro peligroso trabajo sea m\u00e1s seguro. Con la creaci\u00f3n de un nuevo Comit\u00e9 Permanente de Salud y Seguridad Femenina, podremos abogar por una mejor investigaci\u00f3n, protecciones mejoradas y un futuro m\u00e1s seguro para nuestra membres\u00eda.  <\/p><cite>presidente general edward kelly<\/cite><\/blockquote><\/figure>\n\n\n<div class=\"wp-block-paragraph \">\n<p>\u00abNuestra seguridad, nuestros salarios y nuestros beneficios no deber\u00edan costarnos nuestras familias o el deseo de ser madres, de ser femeninas o de estar en un papel de liderazgo. Deber\u00eda ser simplemente algo que somos capaces de hacer. Amo mi trabajo. Amo venir a trabajar todos los d\u00edas y no deber\u00eda costarme todas las cosas que quiero ser como persona, solo para tener esa satisfacci\u00f3n laboral\u00bb, dijo Landholm. <\/p>\n<\/div>\n\n<div class=\"wp-block-paragraph \">\n<p>La miembro del Distrito 15, Gen\u00e8ve B\u00e9langer, de Montreal, QC Local 125, quien lleva un mes en su trabajo como bombera profesional, afirma que unirse al comit\u00e9 fue tanto inesperado como empoderante. <\/p>\n<\/div>\n\n<div class=\"wp-block-paragraph \">\n<p>\u00abPens\u00e9, \u00bfpor qu\u00e9 no hacerlo?\u00bb, dijo B\u00e9langer. \u00abNo hay muchas mujeres bomberas, y necesitamos ser representantes. As\u00ed que simplemente quise ser parte de esta experiencia, para aprender de las otras mujeres\u00bb.  <\/p>\n<\/div>\n\n<div class=\"wp-block-paragraph \">\n<p>B\u00e9langer tambi\u00e9n mencion\u00f3 la falta de EPP adecuado durante su tiempo como estudiante de bomberos. <\/p>\n<\/div>\n\n<div class=\"wp-block-paragraph \">\n<p>\u201cIncluso para los guantes, no hab\u00eda tallas peque\u00f1as. En cuanto a las botas, tuve que usar dos pares de calcetines grandes solo para que funcionaran y, aun as\u00ed, eran demasiado grandes. Perd\u00eda destreza con los guantes puestos,\u201d dijo ella. \u201cEs inc\u00f3modo y molesto, especialmente despu\u00e9s de horas en el lugar de la escena.\u201d  <\/p>\n<\/div>\n\n<div class=\"wp-block-paragraph \">\n<p>La miembro del comit\u00e9 del Distrito 11 y miembro de Oklahoma City, OK Local 157, Tessie Taleu, comparti\u00f3 preocupaciones similares y dice que es un honor ser parte del nuevo comit\u00e9. <\/p>\n<\/div>\n\n<div class=\"wp-block-paragraph \">\n<p>\u00abEstoy aqu\u00ed porque soy muy bendecida de tener un teniente que cree en m\u00ed\u00bb, dijo Taleu. \u00abSoy muy afortunada de tener un equipo y una estaci\u00f3n que realmente insiste en el entrenamiento y el conocimiento. Habiendo visto muy pocas mujeres a nivel nacional, encontramos la necesidad de hacer crecer el n\u00famero de bomberas\u00bb.  <\/p>\n<\/div>\n\n<div class=\"wp-block-paragraph \">\n<p>Taleu tambi\u00e9n pidi\u00f3 tallas de equipo m\u00e1s inclusivas. \u00abMuchas mujeres luchan con eso, pero incluso algunos hombres tienen tipos de cuerpo que se beneficiar\u00edan de diferentes ajustes\u00bb, dijo.  <\/p>\n<\/div>\n\n\n<figure class=\"wp-block-pullquote\"><blockquote><p>Soy muy afortunada de tener un equipo y una estaci\u00f3n que realmente insiste en el entrenamiento y el conocimiento. Habiendo visto muy pocas mujeres a nivel nacional, encontramos la necesidad de hacer crecer el n\u00famero de bomberas. <\/p><cite>bombera de oklahoma city, ok local 157 tessie taleu<\/cite><\/blockquote><\/figure>\n\n\n<div class=\"wp-block-paragraph \">\n<p>La miembro electa del Comit\u00e9 de Relaciones Humanas de IAFF, Barbara Sellers, habl\u00f3 al comit\u00e9 sobre diversos problemas que enfrentan las mujeres en el servicio de bomberos, incluyendo la necesidad de tutor\u00eda. \u201cSi solo tiene una mujer en su departamento, es dif\u00edcil tener programas de tutor\u00eda femenina, pero eso no significa que no pueda trabajar con otros departamentos,\u201d afirm\u00f3.  <\/p>\n<\/div>\n\n<div class=\"wp-block-paragraph \">\n<p>Iniciando con \u00edmpetu, los miembros del comit\u00e9 esperan que sus esfuerzos ayuden a mejorar la salud, la seguridad y la calidad de vida de otras mujeres en el servicio de bomberos y de aquellas que est\u00e1n considerando unirse. <\/p>\n<\/div>\n\n<div class=\"wp-block-paragraph \">\n<p>\u201cInvol\u00facrate con el sindicato,\u201d dijo Taleu. \u201cOjal\u00e1 hubiera comenzado cuando me contrataron por primera vez. Afortunadamente, puedo empezar ahora, y simplemente ser proactivo con respecto a tu salud.\u201d <\/p>\n<\/div>\n<\/div><\/section>\n","protected":false},"featured_media":92546,"menu_order":0,"template":"","tags":[163,161,157,162],"class_list":["post-92553","news","type-news","status-publish","has-post-thumbnail","hentry","tag-canada-es","tag-formacion","tag-pfas-es","tag-salud-conductual"],"acf":[],"publishpress_future_workflow_manual_trigger":{"enabledWorkflows":[]},"_links":{"self":[{"href":"https:\/\/www.iaff.org\/es\/wp-json\/wp\/v2\/news\/92553","targetHints":{"allow":["GET"]}}],"collection":[{"href":"https:\/\/www.iaff.org\/es\/wp-json\/wp\/v2\/news"}],"about":[{"href":"https:\/\/www.iaff.org\/es\/wp-json\/wp\/v2\/types\/news"}],"version-history":[{"count":0,"href":"https:\/\/www.iaff.org\/es\/wp-json\/wp\/v2\/news\/92553\/revisions"}],"wp:featuredmedia":[{"embeddable":true,"href":"https:\/\/www.iaff.org\/es\/wp-json\/wp\/v2\/media\/92546"}],"wp:attachment":[{"href":"https:\/\/www.iaff.org\/es\/wp-json\/wp\/v2\/media?parent=92553"}],"wp:term":[{"taxonomy":"post_tag","embeddable":true,"href":"https:\/\/www.iaff.org\/es\/wp-json\/wp\/v2\/tags?post=92553"}],"curies":[{"name":"wp","href":"https:\/\/api.w.org\/{rel}","templated":true}]}}