{"id":92350,"date":"2025-04-30T18:00:57","date_gmt":"2025-04-30T22:00:57","guid":{"rendered":"https:\/\/www.iaff.org\/news\/iaff-y-el-departamento-de-trabajo-lanzan-un-nuevo-programa-federal-de-aprendizaje-para-bomberos\/"},"modified":"2025-12-03T14:45:55","modified_gmt":"2025-12-03T19:45:55","slug":"iaff-y-el-departamento-de-trabajo-lanzan-un-nuevo-programa-federal-de-aprendizaje-para-bomberos","status":"publish","type":"news","link":"https:\/\/www.iaff.org\/es\/news\/iaff-y-el-departamento-de-trabajo-lanzan-un-nuevo-programa-federal-de-aprendizaje-para-bomberos\/","title":{"rendered":"La AIB y el Departamento de Trabajo lanzan un nuevo programa federal de aprendizaje para bomberos"},"content":{"rendered":"<section\n\t class=\"page-blocks iaff-page-blocks align wp-block-acf-page-blocks\" id=\"page-blocks_block_655cf51af27cbde49328dec610a47869\">\n\t<div class=\"acf-innerblocks-container\">\n<div class=\"wp-block-paragraph \">\n<p><\/p>\n<\/div>\n<\/div><\/section>\n<div class=\"wp-block-paragraph \">\n<p>General President Edward Kelly se uni\u00f3 a la Secretaria de Trabajo de EE. UU., Lori Chavez-DeRemer, para anunciar el Programa de Aprendizaje de Bomberos y Servicios M\u00e9dicos de Emergencia de IAFF, un nuevo aprendizaje federal para aquellos interesados en una carrera en el servicio de bomberos. <\/p>\n<\/div><div class=\"wp-block-paragraph \">\n<p>El programa \u2013el primero de su tipo para el servicio de bomberos\u2013 est\u00e1 destinado a abordar los continuos desaf\u00edos de reclutamiento que los departamentos de bomberos de todo el pa\u00eds han enfrentado en los \u00faltimos a\u00f1os. Chavez-DeRemer y Kelly anunciaron la noticia en una <a href=\"https:\/\/www.youtube.com\/watch?v=VY8WbaZS6Bw\" target=\"_blank\" rel=\"noreferrer noopener\">ceremonia de firma<\/a> en el edificio Frances Perkins del Departamento de Trabajo en Washington, D.C.  <\/p>\n<\/div><div class=\"wp-block-paragraph \">\n<p>\u00abAl celebrar el D\u00eda Nacional del Aprendizaje, qu\u00e9 ocasi\u00f3n tan apropiada para lanzar el primer programa de aprendizaje para bomberos y param\u00e9dicos en los Estados Unidos. Este programa no solo proporcionar\u00e1 a los bomberos de todas las jurisdicciones una base de habilidades, sino que permite a los jefes de bomberos adaptar su entrenamiento a los peligros espec\u00edficos que tienen en sus jurisdicciones, algo que es incre\u00edblemente importante\u00bb, dijo Kelly. \u00abEsta es una era completamente nueva para el servicio de bomberos de EE. UU.\u00bb  <\/p>\n<\/div><div class=\"wp-block-paragraph \">\n<p>Chavez-DeRemer hizo eco de las palabras de Kelly, enfatizando la necesidad de que los departamentos cuenten con suficientes bomberos debidamente capacitados para mantener la seguridad p\u00fablica. <\/p>\n<\/div><div class=\"wp-block-paragraph \">\n<p>\u00abUna y otra vez, IAFF ha demostrado un fuerte compromiso con el avance de los derechos, la seguridad y el futuro de los bomberos, trabajadores m\u00e9dicos de emergencia y rescatistas. Los aprendizajes registrados como estos aseguran que los respondedores tengan capacidades mejoradas que ayuden a prevenir da\u00f1os y mejorar la salud y seguridad general\u00bb, dijo ella. <\/p>\n<\/div><div class=\"wp-block-paragraph \">\n<p>\u00abProgramas como el suyo est\u00e1n reforzando las protecciones adecuadas para evitar tragedias y construir un futuro donde todos permanezcan seguros. Por eso estoy tan emocionada de ser parte de esta ceremonia de firma hoy\u00bb. <\/p>\n<\/div><div class=\"wp-block-paragraph \">\n<p>El nuevo programa ser\u00e1 registrado federalmente a trav\u00e9s del Departamento de Trabajo (DOL), creando un medio accesible y rentable para reclutar, contratar, capacitar y retener a futuros bomberos y proveedores de servicios m\u00e9dicos de emergencia (EMS). <\/p>\n<\/div>\n<figure class=\"wp-block-pullquote\"><blockquote><p>Al celebrar el D\u00eda Nacional del Aprendizaje, qu\u00e9 ocasi\u00f3n tan apropiada para lanzar el primer programa de aprendizaje para bomberos y param\u00e9dicos en los Estados Unidos.<\/p><cite>General President Edward Kelly<\/cite><\/blockquote><\/figure>\n<div class=\"wp-block-paragraph \">\n<p>Los programas de aprendizaje registrados federalmente juegan un papel cr\u00edtico en <a href=\"https:\/\/www.apprenticeship.gov\/employers\/registered-apprenticeship-program?utm_source=chatgpt.com\" target=\"_blank\" rel=\"noreferrer noopener\">asegurar la preparaci\u00f3n de la fuerza laboral<\/a> en los EE. UU. al proporcionar v\u00edas accesibles para la certificaci\u00f3n y capacitaci\u00f3n de individuos que de otra manera podr\u00edan no tener los recursos para perseguirlas. <\/p>\n<\/div><div class=\"wp-block-paragraph \">\n<p>El programa es la culminaci\u00f3n de conversaciones entre IAFF y la Asociaci\u00f3n Internacional de Jefes de Bomberos sobre la necesidad de reclutar y retener una fuerza laboral calificada en los servicios de bomberos y emergencias. El liderazgo de Bomberos y EMS de DC asisti\u00f3 al anuncio con la clase actual de reclutas del departamento, y Bomberos y Rescate de Fairfax (VA) se uni\u00f3 al evento con miembros de su programa de cadetes de secundaria.  <\/p>\n<\/div><div class=\"wp-block-paragraph \">\n<p>\u00abJunto con los jefes de bomberos, lanzamos este concepto para impulsar las filas del servicio de bomberos estadounidense\u00bb, dijo Kelly. <\/p>\n<\/div><div class=\"wp-block-paragraph \">\n<p>Con el anuncio, IAFF ahora podr\u00e1 coordinar mejor los programas de aprendizaje estatales previamente existentes para personal de bomberos y EMS bajo su registro federal, expandiendo el apoyo federal y las oportunidades de financiaci\u00f3n para estos afiliados. <\/p>\n<\/div>\n<figure class=\"wp-block-pullquote\"><blockquote><p>Una y otra vez, IAFF ha demostrado un fuerte compromiso con el avance de los derechos, la seguridad y el futuro de los bomberos, trabajadores m\u00e9dicos de emergencia y rescatistas.<\/p><cite>Secretaria de Trabajo de EE. UU. Lori Chavez-DeRemer<\/cite><\/blockquote><\/figure>\n<div class=\"wp-block-paragraph \">\n<p>El programa tambi\u00e9n colaborar\u00e1 con los Departamentos de Asuntos de Veteranos (VA) y Defensa (DOD) para ayudar al personal militar en transici\u00f3n a comenzar carreras en el servicio de bomberos ofreciendo oportunidades a trav\u00e9s de SkillBridge, Programas de Habilidades Profesionales e iniciativas relacionadas. <\/p>\n<\/div><div class=\"wp-block-paragraph \">\n<p>La escasez de bomberos y trabajadores de EMS ha sido una preocupaci\u00f3n significativa para los departamentos en todo el pa\u00eds. Los departamentos de bomberos \u2013particularmente los peque\u00f1os y rurales\u2013 han luchado por reclutar suficientes hombres y mujeres para dotar de personal a sus equipos, lo que genera m\u00e1s estr\u00e9s en los trabajadores de bomberos y EMS existentes y conduce a altas tasas de agotamiento y lesiones entre los socorristas.  <\/p>\n<\/div><div class=\"wp-block-paragraph \">\n<p>Mientras que los estados y localidades han ideado diferentes opciones para abordar este desaf\u00edo, el Programa de Aprendizaje de IAFF ser\u00e1 la primera soluci\u00f3n nacional reconocida federalmente dirigida a aumentar directamente el reclutamiento y la retenci\u00f3n de bomberos. <\/p>\n<\/div><div class=\"wp-block-paragraph \">\n<p>\u00abVamos a redefinir el servicio de bomberos de EE. UU. a trav\u00e9s de este programa\u00bb, dijo Kelly.<\/p>\n<\/div>\n<figure data-wp-context=\"{&quot;imageId&quot;:&quot;69f5c36fc558c&quot;}\" data-wp-interactive=\"core\/image\" data-wp-key=\"69f5c36fc558c\" class=\"wp-block-image aligncenter size-large is-resized wp-lightbox-container\"><img decoding=\"async\" width=\"1024\" height=\"683\" data-wp-class--hide=\"state.isContentHidden\" data-wp-class--show=\"state.isContentVisible\" data-wp-init=\"callbacks.setButtonStyles\" data-wp-on--click=\"actions.showLightbox\" data-wp-on--load=\"callbacks.setButtonStyles\" data-wp-on-window--resize=\"callbacks.setButtonStyles\" src=\"https:\/\/www.iaff.org\/wp-content\/uploads\/2025\/04\/Group-shot-DOL-1-1024x683.jpg\" alt=\"\" class=\"wp-image-92063\" style=\"width:698px;height:auto\" srcset=\"https:\/\/www.iaff.org\/wp-content\/uploads\/2025\/04\/Group-shot-DOL-1-1024x683.jpg 1024w, https:\/\/www.iaff.org\/wp-content\/uploads\/2025\/04\/Group-shot-DOL-1-300x200.jpg 300w, https:\/\/www.iaff.org\/wp-content\/uploads\/2025\/04\/Group-shot-DOL-1-768x512.jpg 768w, https:\/\/www.iaff.org\/wp-content\/uploads\/2025\/04\/Group-shot-DOL-1-1536x1024.jpg 1536w, https:\/\/www.iaff.org\/wp-content\/uploads\/2025\/04\/Group-shot-DOL-1-2048x1365.jpg 2048w, https:\/\/www.iaff.org\/wp-content\/uploads\/2025\/04\/Group-shot-DOL-1-240x160.jpg 240w, https:\/\/www.iaff.org\/wp-content\/uploads\/2025\/04\/Group-shot-DOL-1-1200x800.jpg 1200w, https:\/\/www.iaff.org\/wp-content\/uploads\/2025\/04\/Group-shot-DOL-1-1215x810.jpg 1215w\" sizes=\"(max-width: 1024px) 100vw, 1024px\" \/><button\n\t\t\tclass=\"lightbox-trigger\"\n\t\t\ttype=\"button\"\n\t\t\taria-haspopup=\"dialog\"\n\t\t\taria-label=\"Enlarge\"\n\t\t\tdata-wp-init=\"callbacks.initTriggerButton\"\n\t\t\tdata-wp-on--click=\"actions.showLightbox\"\n\t\t\tdata-wp-style--right=\"state.imageButtonRight\"\n\t\t\tdata-wp-style--top=\"state.imageButtonTop\"\n\t\t>\n\t\t\t<svg xmlns=\"http:\/\/www.w3.org\/2000\/svg\" width=\"12\" height=\"12\" fill=\"none\" viewBox=\"0 0 12 12\">\n\t\t\t\t<path fill=\"#fff\" d=\"M2 0a2 2 0 0 0-2 2v2h1.5V2a.5.5 0 0 1 .5-.5h2V0H2Zm2 10.5H2a.5.5 0 0 1-.5-.5V8H0v2a2 2 0 0 0 2 2h2v-1.5ZM8 12v-1.5h2a.5.5 0 0 0 .5-.5V8H12v2a2 2 0 0 1-2 2H8Zm2-12a2 2 0 0 1 2 2v2h-1.5V2a.5.5 0 0 0-.5-.5H8V0h2Z\" \/>\n\t\t\t<\/svg>\n\t\t<\/button><\/figure>\n","protected":false},"featured_media":92353,"menu_order":0,"template":"","tags":[161,160],"class_list":["post-92350","news","type-news","status-publish","has-post-thumbnail","hentry","tag-formacion","tag-victorias-laborales"],"acf":[],"publishpress_future_workflow_manual_trigger":{"enabledWorkflows":[]},"_links":{"self":[{"href":"https:\/\/www.iaff.org\/es\/wp-json\/wp\/v2\/news\/92350","targetHints":{"allow":["GET"]}}],"collection":[{"href":"https:\/\/www.iaff.org\/es\/wp-json\/wp\/v2\/news"}],"about":[{"href":"https:\/\/www.iaff.org\/es\/wp-json\/wp\/v2\/types\/news"}],"version-history":[{"count":0,"href":"https:\/\/www.iaff.org\/es\/wp-json\/wp\/v2\/news\/92350\/revisions"}],"wp:featuredmedia":[{"embeddable":true,"href":"https:\/\/www.iaff.org\/es\/wp-json\/wp\/v2\/media\/92353"}],"wp:attachment":[{"href":"https:\/\/www.iaff.org\/es\/wp-json\/wp\/v2\/media?parent=92350"}],"wp:term":[{"taxonomy":"post_tag","embeddable":true,"href":"https:\/\/www.iaff.org\/es\/wp-json\/wp\/v2\/tags?post=92350"}],"curies":[{"name":"wp","href":"https:\/\/api.w.org\/{rel}","templated":true}]}}