{"id":134723,"date":"2026-09-01T13:45:04","date_gmt":"2026-09-01T17:45:04","guid":{"rendered":"https:\/\/www.iaff.org\/news\/un-diputado-de-burnaby-columbia-britanica-patrocina-nuevas-peticiones-en-apoyo-de-las-prioridades-legislativas-canadienses-de-la-aib-iaff\/"},"modified":"2026-09-01T14:44:56","modified_gmt":"2026-09-01T18:44:56","slug":"un-diputado-de-burnaby-columbia-britanica-patrocina-nuevas-peticiones-en-apoyo-de-las-prioridades-legislativas-canadienses-de-la-aib-iaff","status":"publish","type":"news","link":"https:\/\/www.iaff.org\/es\/news\/un-diputado-de-burnaby-columbia-britanica-patrocina-nuevas-peticiones-en-apoyo-de-las-prioridades-legislativas-canadienses-de-la-aib-iaff\/","title":{"rendered":"Un diputado de Burnaby, Columbia Brit\u00e1nica, patrocina nuevas peticiones en apoyo de las prioridades legislativas canadienses de la AIB (IAFF)"},"content":{"rendered":"<section\n\t class=\"page-blocks iaff-page-blocks align wp-block-acf-page-blocks\" id=\"page-blocks_block_5aef367d456547d179b79e568d5cc42e\">\n\t<div class=\"acf-innerblocks-container\">\n<div class=\"wp-block-paragraph \">\n<p class=\"wp-block-paragraph\">Tres prioridades legislativas est\u00e1n cobrando impulso en el Parlamento tras la labor de promoci\u00f3n realizada por los miembros de la Local 323 de Burnaby, Columbia Brit\u00e1nica, en la Conferencia Legislativa Canadiense de la AIB (IAFF). <\/p>\n<\/div>\n\n<div class=\"wp-block-paragraph \">\n<p class=\"wp-block-paragraph\">El diputado liberal Wade Chang, que representa a Burnaby Central, ha patrocinado tres peticiones p\u00fablicas tras reunirse con miembros de la Local 323 en Ottawa. Las peticiones instan al gobierno federal a indexar el Programa de Subvenciones Conmemorativas para el Personal de Primera Intervenci\u00f3n, mejorar la seguridad de las bater\u00edas de iones de litio y reforzar la normativa de extinci\u00f3n de incendios en los aeropuertos de Canad\u00e1. <a href=\"https:\/\/www.iaff.org\/wp-content\/uploads\/2026\/04\/2026-CLC-Legislative-Issues.pdf\"><\/a><\/p>\n<\/div>\n\n<div class=\"wp-block-paragraph \">\n<p class=\"wp-block-paragraph\">Cada petici\u00f3n describe por qu\u00e9 son necesarias las reformas y solicita al gobierno federal que act\u00fae. La AIB (IAFF) insta a sus miembros a firmar las tres peticiones y a animar a sus amigos, familiares y colegas a hacer lo mismo. <\/p>\n<\/div>\n\n<div class=\"wp-block-paragraph \">\n<p class=\"wp-block-paragraph\">Las peticiones pueden firmarse utilizando los siguientes enlaces:<\/p>\n<\/div>\n\n<div class=\"wp-block-list\">\n<ul class=\"wp-block-list\">\n<li><a href=\"https:\/\/www.ourcommons.ca\/petitions\/en\/Petition\/Details?Petition=e-7657&amp;utm_source=brevo&amp;utm_medium=email&amp;utm_campaign=Capital%20Dispatch%20-%2082726%20-%20Convention%20Resolutions\" target=\"_blank\" rel=\"noopener\">Petici\u00f3n electr\u00f3nica: Indexaci\u00f3n del Programa de Subvenciones Conmemorativas<\/a><\/li>\n\n\n\n<li><a href=\"https:\/\/www.ourcommons.ca\/petitions\/en\/Petition\/Details?Petition=e-7656&amp;utm_source=brevo&amp;utm_medium=email&amp;utm_campaign=Capital%20Dispatch%20-%2082726%20-%20Convention%20Resolutions\" target=\"_blank\" rel=\"noopener\">Petici\u00f3n electr\u00f3nica: Seguridad de las bater\u00edas de iones de litio<\/a><\/li>\n\n\n\n<li><a href=\"https:\/\/www.ourcommons.ca\/petitions\/en\/Petition\/Details?Petition=e-7655&amp;utm_source=brevo&amp;utm_medium=email&amp;utm_campaign=Capital%20Dispatch%20-%2082726%20-%20Convention%20Resolutions\" target=\"_blank\" rel=\"noopener\">Petici\u00f3n electr\u00f3nica: Refuerzo de la normativa de extinci\u00f3n de incendios en los aeropuertos de Canad\u00e1<\/a><\/li>\n<\/ul>\n<\/div>\n\n<div class=\"wp-block-paragraph \">\n<p class=\"wp-block-paragraph\">Las filiales tambi\u00e9n pueden descargar e imprimir las peticiones para recoger firmas en reuniones sindicales y eventos comunitarios:<\/p>\n<\/div>\n\n<div class=\"wp-block-list\">\n<ul class=\"wp-block-list\">\n<li><a href=\"https:\/\/fadr1.r.a.d.sendibm1.com\/mk\/cl\/f\/sh\/7nVU1aA2ng01RCCnP6D6dincclReWJE\/YM-0nnQVHHwW\" target=\"_blank\" rel=\"noreferrer noopener\">Petici\u00f3n en papel: Indexaci\u00f3n del Programa de Subvenciones Conmemorativas<\/a> <\/li>\n\n\n\n<li><a href=\"https:\/\/fadr1.r.a.d.sendibm1.com\/mk\/cl\/f\/sh\/7nVU1aA2ng1uQii6NfRYg57Qn7wRGFk\/_tshQe_pcleG\" target=\"_blank\" rel=\"noreferrer noopener\">Petici\u00f3n en papel: Seguridad de las bater\u00edas de iones de litio<\/a><\/li>\n\n\n\n<li><a href=\"https:\/\/fadr1.r.a.d.sendibm1.com\/mk\/cl\/f\/sh\/7nVU1aA2ng3nQFDPMEg0iRRExURE0CG\/lntnQy7cIIas\" target=\"_blank\" rel=\"noopener\">Petici\u00f3n en papel: Refuerzo de la normativa de extinci\u00f3n de incendios en los aeropuertos de Canad\u00e1<\/a> <\/li>\n<\/ul>\n<\/div>\n\n<div class=\"wp-block-paragraph \">\n<p class=\"wp-block-paragraph\">Una vez que una petici\u00f3n alcance el n\u00famero necesario de firmas (500 para la versi\u00f3n en l\u00ednea y 25 para la versi\u00f3n en papel), ser\u00e1 certificada, lo que obligar\u00e1 al gobierno federal a proporcionar una respuesta por escrito en un plazo de 45 d\u00edas.<\/p>\n<\/div>\n\n<div class=\"wp-block-paragraph \">\n<p class=\"wp-block-paragraph\">Las peticiones permanecer\u00e1n abiertas para la recogida de firmas hasta el 08-12-2026.<\/p>\n<\/div>\n\n<div class=\"wp-block-paragraph \">\n<p class=\"wp-block-paragraph\">\u00abEstamos agradecidos al diputado Chang y entusiasmados con esta iniciativa, que har\u00e1 avanzar importantes cuestiones de seguridad p\u00fablica y de los bomberos en nombre de nuestros miembros y de los miembros de la AIB (IAFF) en todo Canad\u00e1\u00bb, declar\u00f3 el presidente de la Local 323 de Burnaby, Doug Petti.<a href=\"https:\/\/memorialgrant.ca\/\" target=\"_blank\" rel=\"noopener\"><\/a><\/p>\n<\/div>\n\n<div class=\"wp-block-paragraph \">\n<p class=\"wp-block-paragraph\">Esta es la segunda vez que los bomberos de Burnaby se asocian con un diputado para impulsar las prioridades de la AIB (IAFF) a trav\u00e9s del proceso de petici\u00f3n. <a href=\"https:\/\/www.iaff.org\/es\/news\/la-aib-exige-medidas-federales-ante-los-riesgos-emergentes-a-los-que-se-enfrentan-los-bomberos-en-canada\/\"><\/a><\/p>\n<\/div>\n\n\n<figure class=\"wp-block-pullquote\"><blockquote><p>Estamos agradecidos al diputado Chang y entusiasmados con esta iniciativa, que har\u00e1 avanzar importantes cuestiones de seguridad p\u00fablica y de los bomberos en nombre de nuestros miembros y de los miembros de la AIB (IAFF) en todo Canad\u00e1.<\/p><cite>Doug Petti, presidente de la Local 323 de Burnaby, Columbia Brit\u00e1nica<\/cite><\/blockquote><\/figure>\n\n\n<div class=\"wp-block-paragraph \">\n<p class=\"wp-block-paragraph\">En 2024, la Local 323 trabaj\u00f3 con el entonces diputado Peter Julian en una <a href=\"https:\/\/www.iaff.org\/news\/bc-affiliates-petition-canadian-government-on-pfas-ban\/\" data-type=\"link\" data-id=\"https:\/\/www.iaff.org\/news\/bc-affiliates-petition-canadian-government-on-pfas-ban\/\">petici\u00f3n para prohibir las sustancias t\u00f3xicas PFAS<\/a>, que obtuvo m\u00e1s de 5.000 firmas. El 30 de junio de 2026 entr\u00f3 en vigor el Reglamento de Prohibici\u00f3n de Ciertas Sustancias T\u00f3xicas de 2025, que revoca las exenciones permanentes para tres subgrupos principales de PFAS en Canad\u00e1: PFOS, PFOA y LC-PFCA. <\/p>\n<\/div>\n<\/div><\/section>\n","protected":false},"author":2017,"featured_media":134718,"menu_order":0,"template":"","tags":[177,163],"class_list":["post-134723","news","type-news","status-publish","has-post-thumbnail","hentry","tag-accion-politica-canada","tag-canada-es"],"acf":[],"publishpress_future_workflow_manual_trigger":{"enabledWorkflows":[]},"_links":{"self":[{"href":"https:\/\/www.iaff.org\/es\/wp-json\/wp\/v2\/news\/134723","targetHints":{"allow":["GET"]}}],"collection":[{"href":"https:\/\/www.iaff.org\/es\/wp-json\/wp\/v2\/news"}],"about":[{"href":"https:\/\/www.iaff.org\/es\/wp-json\/wp\/v2\/types\/news"}],"author":[{"embeddable":true,"href":"https:\/\/www.iaff.org\/es\/wp-json\/wp\/v2\/users\/2017"}],"version-history":[{"count":2,"href":"https:\/\/www.iaff.org\/es\/wp-json\/wp\/v2\/news\/134723\/revisions"}],"predecessor-version":[{"id":134730,"href":"https:\/\/www.iaff.org\/es\/wp-json\/wp\/v2\/news\/134723\/revisions\/134730"}],"wp:featuredmedia":[{"embeddable":true,"href":"https:\/\/www.iaff.org\/es\/wp-json\/wp\/v2\/media\/134718"}],"wp:attachment":[{"href":"https:\/\/www.iaff.org\/es\/wp-json\/wp\/v2\/media?parent=134723"}],"wp:term":[{"taxonomy":"post_tag","embeddable":true,"href":"https:\/\/www.iaff.org\/es\/wp-json\/wp\/v2\/tags?post=134723"}],"curies":[{"name":"wp","href":"https:\/\/api.w.org\/{rel}","templated":true}]}}