{"id":125283,"date":"2026-05-01T11:28:33","date_gmt":"2026-05-01T15:28:33","guid":{"rendered":"https:\/\/www.iaff.org\/news\/los-bomberos-de-maryland-logran-una-semana-laboral-de-42-horas-gracias-a-la-defensa-sindical\/"},"modified":"2026-05-01T13:28:03","modified_gmt":"2026-05-01T17:28:03","slug":"los-bomberos-de-maryland-logran-una-semana-laboral-de-42-horas-gracias-a-la-defensa-sindical","status":"publish","type":"news","link":"https:\/\/www.iaff.org\/es\/news\/los-bomberos-de-maryland-logran-una-semana-laboral-de-42-horas-gracias-a-la-defensa-sindical\/","title":{"rendered":"Los bomberos de Maryland logran una semana laboral de 42 horas gracias a la defensa sindical"},"content":{"rendered":"<section\n\t class=\"page-blocks iaff-page-blocks align wp-block-acf-page-blocks\" id=\"page-blocks_block_809046861312ba9c81cd38aebcdc1b59\">\n\t<div class=\"acf-innerblocks-container\">\n<div class=\"wp-block-paragraph \">\n<p><\/p>\n<\/div>\n<\/div><\/section>\n<div class=\"wp-block-paragraph \">\n<p>Maryland cuenta ahora con una semana laboral estandarizada de 42 horas para todos los bomberos de todo el estado. <\/p>\n<\/div><div class=\"wp-block-paragraph \">\n<p>Respaldada por los Bomberos Profesionales de Maryland (PFFMD), la <a href=\"https:\/\/mgaleg.maryland.gov\/mgawebsite\/Legislation\/Details\/sb0445?ys=2026RS\" target=\"_blank\" rel=\"noreferrer noopener\">S.B. 445<\/a>\/<a href=\"https:\/\/mgaleg.maryland.gov\/mgawebsite\/Legislation\/Details\/HB0532?ys=2026RS\" target=\"_blank\" rel=\"noreferrer noopener\">H.B. 532<\/a> fue promulgada recientemente por el Gobernador Wes Moore. La legislaci\u00f3n exige a los empleadores pagar horas extras a los bomberos por cualquier hora trabajada que exceda las 168 horas en un per\u00edodo de 28 d\u00edas.  <\/p>\n<\/div><div class=\"wp-block-paragraph \">\n<p>En la pr\u00e1ctica, esto significa que todos los bomberos del estado \u2014independientemente del condado o ciudad que los emplee\u2014 comenzar\u00e1n a recibir pago por horas extras despu\u00e9s de trabajar 42 horas a la semana. <\/p>\n<\/div><div class=\"wp-block-paragraph \">\n<p>\u201cLos bomberos de Maryland no dudan cuando nuestras comunidades est\u00e1n en peligro, y nuestro estado no dudar\u00e1 en darles el apoyo que merecen\u201d, dijo el Gobernador Moore. \u201cAl firmar esta legislaci\u00f3n, les damos las gracias y consolidamos nuestra inquebrantable colaboraci\u00f3n con los hombres y mujeres que nos mantienen a salvo\u201d.  <\/p>\n<\/div><div class=\"wp-block-paragraph \">\n<p>Aunque algunos bomberos de Maryland tienen semanas de 42 horas, en zonas como Baltimore City o el condado de Montgomery \u2014el condado m\u00e1s poblado del estado\u2014 los bomberos se ven obligados a trabajar 48 horas a la semana antes de poder optar al pago de horas extras. Este complejo sistema no solo castiga a los primeros intervinientes en zonas de alta poblaci\u00f3n, sino que contribuye activamente a la actual escasez de bomberos en Maryland.  <\/p>\n<\/div><div class=\"wp-block-paragraph \">\n<p>\u201cLa PFFMD entendi\u00f3 desde el principio que esta legislaci\u00f3n no era solo sobre horas extras, sino tambi\u00e9n sobre seguridad, personal y equidad\u201d, dijo el Presidente General Edward Kelly. \u201cSu compromiso de llevar este proyecto de ley hasta el final es un claro ejemplo de lo que puede lograr una defensa decidida y dirigida por los miembros\u201d.  <\/p>\n<\/div>\n<figure class=\"wp-block-pullquote\"><blockquote><p>Los bomberos de Maryland no dudan cuando nuestras comunidades est\u00e1n en peligro, y nuestro estado no dudar\u00e1 en darles el apoyo que merecen. Al firmar esta legislaci\u00f3n, les damos las gracias y consolidamos nuestra inquebrantable colaboraci\u00f3n con los hombres y mujeres que nos mantienen a salvo. <\/p><cite>Gobernador de Maryland, Wes Moore<\/cite><\/blockquote><\/figure>\n<div class=\"wp-block-paragraph \">\n<p>La S.B. 445\/H.B. 532 establece un est\u00e1ndar a nivel estatal, asegurando que todos los bomberos de Maryland sean tratados de manera justa. <\/p>\n<\/div>\n<figure class=\"wp-block-image aligncenter size-large is-resized\"><img decoding=\"async\" width=\"1024\" height=\"686\" src=\"https:\/\/www.iaff.org\/wp-content\/uploads\/2026\/05\/MD3-1-1024x686.jpg\" alt=\"\" class=\"wp-image-125268\" style=\"aspect-ratio:1.4927648356686438;width:633px;height:auto\" srcset=\"https:\/\/www.iaff.org\/wp-content\/uploads\/2026\/05\/MD3-1-1024x686.jpg 1024w, https:\/\/www.iaff.org\/wp-content\/uploads\/2026\/05\/MD3-1-300x201.jpg 300w, https:\/\/www.iaff.org\/wp-content\/uploads\/2026\/05\/MD3-1-768x514.jpg 768w, https:\/\/www.iaff.org\/wp-content\/uploads\/2026\/05\/MD3-1-1536x1029.jpg 1536w, https:\/\/www.iaff.org\/wp-content\/uploads\/2026\/05\/MD3-1-2048x1372.jpg 2048w, https:\/\/www.iaff.org\/wp-content\/uploads\/2026\/05\/MD3-1-240x161.jpg 240w, https:\/\/www.iaff.org\/wp-content\/uploads\/2026\/05\/MD3-1-1194x800.jpg 1194w, https:\/\/www.iaff.org\/wp-content\/uploads\/2026\/05\/MD3-1-1209x810.jpg 1209w\" sizes=\"(max-width: 1024px) 100vw, 1024px\" \/><figcaption class=\"wp-element-caption\">Los l\u00edderes de la PFFMD celebran en el pleno del Senado de Maryland. <\/figcaption><\/figure>\n<div class=\"wp-block-paragraph \">\n<p>\u201cEsta legislaci\u00f3n hist\u00f3rica reconoce claramente que el actual mosaico de normas sobre horas extras para los bomberos es inequitativo y est\u00e1 desfasado con la tendencia en el servicio de bomberos hacia la reducci\u00f3n de las horas de trabajo\u201d, dijo el Presidente de la PFFMD, Jeffrey Buddle. <\/p>\n<\/div><div class=\"wp-block-paragraph \">\n<p>\u201c[Este proyecto de ley] garantiza la equidad al crear un est\u00e1ndar uniforme en todo el estado donde todos los bomberos son tratados por igual\u201d, a\u00f1adi\u00f3 Buddle. \u201cAgradecemos al Gobernador Wes Moore su fuerte liderazgo y su inquebrantable apoyo a los bomberos al promulgar este proyecto de ley\u201d.  <\/p>\n<\/div>\n<figure class=\"wp-block-pullquote\"><blockquote><p>La PFFMD entendi\u00f3 desde el principio que esta legislaci\u00f3n no era solo sobre horas extras, sino tambi\u00e9n sobre seguridad, personal y equidad. Su compromiso de llevar este proyecto de ley hasta el final es un claro ejemplo de lo que puede lograr una defensa decidida y dirigida por los miembros.  <\/p><cite>General President Edward Kelly<\/cite><\/blockquote><\/figure>\n<div class=\"wp-block-paragraph \">\n<p>La reforma de las horas extras ha sido una prioridad principal para la PFFMD durante varias sesiones legislativas. <\/p>\n<\/div><div class=\"wp-block-paragraph \">\n<p>El a\u00f1o pasado, una legislaci\u00f3n similar fue aprobada por la C\u00e1mara de Delegados de Maryland con 134 votos a favor y 1 en contra, lo que destaca el fuerte apoyo bipartidista a unas horas de trabajo justas para los bomberos. Aprovechando ese impulso, la PFFMD trabaj\u00f3 estrechamente con los legisladores de ambas c\u00e1maras para asegurar la aprobaci\u00f3n final.  <\/p>\n<\/div><div class=\"wp-block-paragraph \">\n<p>Gracias a su defensa sostenida y a la creaci\u00f3n de coaliciones, su enfoque dio sus frutos. <\/p>\n<\/div>\n<figure class=\"wp-block-image aligncenter size-large is-resized\"><img decoding=\"async\" width=\"771\" height=\"1024\" src=\"https:\/\/www.iaff.org\/wp-content\/uploads\/2026\/05\/MD2-771x1024.jpg\" alt=\"\" class=\"wp-image-125205\" style=\"width:606px;height:auto\" srcset=\"https:\/\/www.iaff.org\/wp-content\/uploads\/2026\/05\/MD2-771x1024.jpg 771w, https:\/\/www.iaff.org\/wp-content\/uploads\/2026\/05\/MD2-226x300.jpg 226w, https:\/\/www.iaff.org\/wp-content\/uploads\/2026\/05\/MD2-768x1020.jpg 768w, https:\/\/www.iaff.org\/wp-content\/uploads\/2026\/05\/MD2-1157x1536.jpg 1157w, https:\/\/www.iaff.org\/wp-content\/uploads\/2026\/05\/MD2-181x240.jpg 181w, https:\/\/www.iaff.org\/wp-content\/uploads\/2026\/05\/MD2-603x800.jpg 603w, https:\/\/www.iaff.org\/wp-content\/uploads\/2026\/05\/MD2-610x810.jpg 610w, https:\/\/www.iaff.org\/wp-content\/uploads\/2026\/05\/MD2.jpg 1496w\" sizes=\"(max-width: 771px) 100vw, 771px\" \/><figcaption class=\"wp-element-caption\">Pantelis y Buddle hablan con los medios de comunicaci\u00f3n tras la ceremonia de firma del proyecto de ley en Annapolis.<\/figcaption><\/figure>\n<div class=\"wp-block-paragraph \">\n<p>El Vicepresidente del 4.<sup>\u00ba<\/sup> Distrito, Andrew Pantelis, tambi\u00e9n elogi\u00f3 a la PFFMD por sus esfuerzos. <\/p>\n<\/div><div class=\"wp-block-paragraph \">\n<p>\u201cEsta es una victoria largamente esperada para los bomberos de Maryland\u201d, dijo el Vicepresidente del 4.\u00ba Distrito, Andrew Pantelis. \u201cUn est\u00e1ndar justo a nivel estatal significa un mejor apoyo para nuestros miembros y protecciones m\u00e1s s\u00f3lidas para las comunidades a las que sirven.  <\/p>\n<\/div><div class=\"wp-block-paragraph \">\n<p>\u201cEstoy incre\u00edblemente orgulloso del trabajo que el Presidente Buddle, la Junta Ejecutiva de la PFFMD y todos los l\u00edderes locales de todo el estado realizaron durante a\u00f1os de lucha\u201d, dijo. <\/p>\n<\/div><div class=\"wp-block-paragraph \">\n<p>El proyecto de ley, titulado \u201cNormas de Empleo \u2013 Bomberos \u2013 Pago de Salarios e Informaci\u00f3n de N\u00f3minas\u201d, fue presentado en esta sesi\u00f3n por el Senador Estatal Benjamin Kramer. El Delegado Jared Solomon present\u00f3 la legislaci\u00f3n complementaria en la C\u00e1mara.  <\/p>\n<\/div><div class=\"wp-block-paragraph \">\n<p>La nueva ley entrar\u00e1 en vigor durante el a\u00f1o fiscal 2029. Los bomberos de Baltimore City y de los condados de Montgomery, Frederick y Howard probablemente ver\u00e1n el mayor impacto.  <\/p>\n<\/div><div class=\"wp-block-paragraph \">\n<p><\/p>\n<\/div>","protected":false},"featured_media":125210,"menu_order":0,"template":"","tags":[164,187],"class_list":["post-125283","news","type-news","status-publish","has-post-thumbnail","hentry","tag-legislacion-ee-uu","tag-seguridad-laboral"],"acf":[],"publishpress_future_workflow_manual_trigger":{"enabledWorkflows":[]},"_links":{"self":[{"href":"https:\/\/www.iaff.org\/es\/wp-json\/wp\/v2\/news\/125283","targetHints":{"allow":["GET"]}}],"collection":[{"href":"https:\/\/www.iaff.org\/es\/wp-json\/wp\/v2\/news"}],"about":[{"href":"https:\/\/www.iaff.org\/es\/wp-json\/wp\/v2\/types\/news"}],"version-history":[{"count":1,"href":"https:\/\/www.iaff.org\/es\/wp-json\/wp\/v2\/news\/125283\/revisions"}],"predecessor-version":[{"id":125284,"href":"https:\/\/www.iaff.org\/es\/wp-json\/wp\/v2\/news\/125283\/revisions\/125284"}],"wp:featuredmedia":[{"embeddable":true,"href":"https:\/\/www.iaff.org\/es\/wp-json\/wp\/v2\/media\/125210"}],"wp:attachment":[{"href":"https:\/\/www.iaff.org\/es\/wp-json\/wp\/v2\/media?parent=125283"}],"wp:term":[{"taxonomy":"post_tag","embeddable":true,"href":"https:\/\/www.iaff.org\/es\/wp-json\/wp\/v2\/tags?post=125283"}],"curies":[{"name":"wp","href":"https:\/\/api.w.org\/{rel}","templated":true}]}}