{"id":124902,"date":"2026-04-24T14:36:21","date_gmt":"2026-04-24T18:36:21","guid":{"rendered":"https:\/\/www.iaff.org\/news\/la-aib-exige-medidas-federales-ante-los-riesgos-emergentes-a-los-que-se-enfrentan-los-bomberos-en-canada\/"},"modified":"2026-04-24T15:43:52","modified_gmt":"2026-04-24T19:43:52","slug":"la-aib-exige-medidas-federales-ante-los-riesgos-emergentes-a-los-que-se-enfrentan-los-bomberos-en-canada","status":"publish","type":"news","link":"https:\/\/www.iaff.org\/es\/news\/la-aib-exige-medidas-federales-ante-los-riesgos-emergentes-a-los-que-se-enfrentan-los-bomberos-en-canada\/","title":{"rendered":"La AIB exige medidas federales ante los riesgos emergentes a los que se enfrentan los bomberos en Canad\u00e1"},"content":{"rendered":"<section\n\t class=\"page-blocks iaff-page-blocks align wp-block-acf-page-blocks\" id=\"page-blocks_block_823d0a581ce457c5f4ff3b5b45880508\">\n\t<div class=\"acf-innerblocks-container\">\n<div class=\"wp-block-paragraph \">\n<p>Los bomberos de todo Canad\u00e1 est\u00e1n respondiendo a riesgos nuevos y crecientes \u2014desde incendios de bater\u00edas de iones de litio hasta lagunas en las normas de rescate aeroportuario\u2014 que est\u00e1n cambiando la forma en que los equipos operan sobre el terreno.  <\/p>\n<\/div>\n\n<div class=\"wp-block-paragraph \">\n<p>Esta semana en Ottawa, los l\u00edderes de la AIB llevaron esas realidades a Parliament Hill, presionando para lograr los cambios necesarios para mantener a salvo a los bomberos y al p\u00fablico.  <\/p>\n<\/div>\n\n<div class=\"wp-block-paragraph \">\n<p>En la 33.\u00aa Conferencia Legislativa Canadiense de la AIB, los miembros se reunieron con responsables federales \u2014incluido el primer ministro Mark Carney\u2014 para impulsar tres prioridades: abordar los incendios de bater\u00edas de iones de litio, reforzar las normas de extinci\u00f3n de incendios en aeropuertos y aumentar las prestaciones para las familias de los miembros fallecidos.  <\/p>\n<\/div>\n\n<div class=\"wp-block-paragraph \">\n<p>\u00abNuestro trabajo es peligroso y los riesgos evolucionan constantemente\u00bb, afirm\u00f3 el presidente general Edward Kelly. \u00abLas pol\u00edticas no han seguido el ritmo. Las lagunas son evidentes, pero tambi\u00e9n lo son las soluciones\u00bb.   <\/p>\n<\/div>\n\n\n<figure class=\"wp-block-pullquote\"><blockquote><p>Nuestro trabajo es peligroso y los riesgos evolucionan constantemente. Las pol\u00edticas no han seguido el ritmo. Las lagunas son evidentes, pero tambi\u00e9n lo son las soluciones.  <\/p><cite>presidente general edward kelly<\/cite><\/blockquote><\/figure>\n\n\n<div class=\"wp-block-paragraph \">\n<p>Durante la sesi\u00f3n general, Kelly <a href=\"https:\/\/www.facebook.com\/share\/p\/1CUy5uDaYZ\/\" target=\"_blank\" rel=\"noreferrer noopener\">record\u00f3<\/a> a los delegados que su voz colectiva es lo que impulsa el cambio.  <\/p>\n<\/div>\n\n<div class=\"wp-block-paragraph \">\n<p>\u00abLa gente sabe que este sindicato lucha por sus miembros, pase lo que pase\u00bb, dijo  <\/p>\n<\/div>\n\n\n<h3 class=\"wp-block-heading\"><strong>Del lugar del incendio a Parliament Hill<\/strong> <\/h3>\n\n\n<div class=\"wp-block-paragraph \">\n<p>Kelly, el secretario general-tesorero Frank L\u00edma y l\u00edderes de la AIB compartieron ese mensaje en una reuni\u00f3n con Carney, la primera de este con la AIB desde que se convirti\u00f3 en primer ministro de Canad\u00e1.  <\/p>\n<\/div>\n\n<div class=\"wp-block-paragraph \">\n<p>\u00abMantener a los canadienses a salvo empieza por garantizar que los bomberos est\u00e9n debidamente formados y preparados no solo para las amenazas de hoy, sino para lo que venga despu\u00e9s\u00bb, dijo Kelly. \u00abAgradecemos que el primer ministro se haya tomado el tiempo de abordar directamente estas cuestiones de seguridad p\u00fablica\u00bb.   <\/p>\n<\/div>\n\n\n<figure data-wp-context=\"{&quot;imageId&quot;:&quot;69f0a062c6ee2&quot;}\" data-wp-interactive=\"core\/image\" data-wp-key=\"69f0a062c6ee2\" class=\"wp-block-image aligncenter size-large is-resized wp-lightbox-container\"><img decoding=\"async\" width=\"1024\" height=\"683\" data-wp-class--hide=\"state.isContentHidden\" data-wp-class--show=\"state.isContentVisible\" data-wp-init=\"callbacks.setButtonStyles\" data-wp-on--click=\"actions.showLightbox\" data-wp-on--load=\"callbacks.setButtonStyles\" data-wp-on-window--resize=\"callbacks.setButtonStyles\" src=\"https:\/\/www.iaff.org\/wp-content\/uploads\/2026\/04\/Canadia-LegCon-1024x683.jpg\" alt=\"\" class=\"wp-image-124864\" style=\"width:483px;height:auto\"><button\n\t\t\tclass=\"lightbox-trigger\"\n\t\t\ttype=\"button\"\n\t\t\taria-haspopup=\"dialog\"\n\t\t\taria-label=\"Enlarge\"\n\t\t\tdata-wp-init=\"callbacks.initTriggerButton\"\n\t\t\tdata-wp-on--click=\"actions.showLightbox\"\n\t\t\tdata-wp-style--right=\"state.imageButtonRight\"\n\t\t\tdata-wp-style--top=\"state.imageButtonTop\"\n\t\t>\n\t\t\t<svg xmlns=\"http:\/\/www.w3.org\/2000\/svg\" width=\"12\" height=\"12\" fill=\"none\" viewBox=\"0 0 12 12\">\n\t\t\t\t<path fill=\"#fff\" d=\"M2 0a2 2 0 0 0-2 2v2h1.5V2a.5.5 0 0 1 .5-.5h2V0H2Zm2 10.5H2a.5.5 0 0 1-.5-.5V8H0v2a2 2 0 0 0 2 2h2v-1.5ZM8 12v-1.5h2a.5.5 0 0 0 .5-.5V8H12v2a2 2 0 0 1-2 2H8Zm2-12a2 2 0 0 1 2 2v2h-1.5V2a.5.5 0 0 0-.5-.5H8V0h2Z\" \/>\n\t\t\t<\/svg>\n\t\t<\/button><figcaption class=\"wp-element-caption\">L\u00edderes de la AIB y responsables federales se reunieron con el primer ministro Mark Carney para debatir iniciativas compartidas de seguridad p\u00fablica.<\/figcaption><\/figure>\n\n\n<div class=\"wp-block-paragraph \">\n<p>Carney agradeci\u00f3 a los miembros de la AIB su servicio en una <a href=\"https:\/\/www.facebook.com\/share\/p\/1F1Qui1nFb\/\" target=\"_blank\" rel=\"noreferrer noopener\">publicaci\u00f3n de Facebook <\/a>tras la reuni\u00f3n.<\/p>\n<\/div>\n\n<div class=\"wp-block-paragraph \">\n<p>Para la presidenta del Local 162 de Ottawa (Ontario), Genna McMillan \u2014cuyo Local representa a los bomberos del distrito electoral del primer ministro\u2014, el objetivo era garantizar que la experiencia de primera l\u00ednea d\u00e9 forma a las decisiones federales.  <\/p>\n<\/div>\n\n<div class=\"wp-block-paragraph \">\n<p>\u00abCuando los intereses est\u00e1n alineados, se puede compartir una perspectiva. Todos en esa sala entendieron la importancia de priorizar la seguridad del p\u00fablico, as\u00ed como la de quienes protegen a los ciudadanos de Canad\u00e1\u00bb, dijo McMillan. \u00abVer la acogida que Carney dio a nuestras cuestiones, tal y como las expuso el PG Kelly, da confianza en que se ha preparado el terreno para una colaboraci\u00f3n productiva entre nuestro gobierno y la AIB\u00bb.<\/p>\n<\/div>\n\n\n<figure class=\"wp-block-pullquote\"><blockquote><p>Todos en esa sala entendieron la importancia de priorizar la seguridad del p\u00fablico, as\u00ed como la de quienes protegen a los ciudadanos de Canad\u00e1.<\/p><cite>Genna McMillan, presidenta del Local 162 de Ottawa (Ontario)<\/cite><\/blockquote><\/figure>\n\n\n<div class=\"wp-block-paragraph \">\n<p>La reuni\u00f3n incluy\u00f3 a l\u00edderes de la AIB y responsables federales, entre ellos los vicepresidentes de distrito Mike Carter, Fred LeBlanc y Chris Ross, el asistente del presidente general para Operaciones Canadienses Carmine Santoro y el contratista del Programa de Asistencia M\u00e9dica de la AIB Neil McMillan, junto con el secretario de Estado de Trabajo John Zerucelli y la diputada Sherry Romanado, defensora de los bomberos desde hace mucho tiempo. <\/p>\n<\/div>\n\n<div class=\"wp-block-paragraph \">\n<p>A lo largo de la conferencia, los l\u00edderes afirmaron que el ritmo de la labor de incidencia reflejaba la urgencia de los asuntos.  <\/p>\n<\/div>\n\n<div class=\"wp-block-paragraph \">\n<p>\u00abEmpezamos el primer d\u00eda escuchando a la ministra de Gesti\u00f3n de Emergencias, Eleanor Olszewski, dirigirse a toda la asamblea, y al minuto de terminar, ya nos est\u00e1bamos reuniendo con ella y su equipo para repasar los temas que llevamos a la Colina\u00bb, dijo Jay Davies, vicepresidente del Local 209 de Edmonton (Alberta).  <\/p>\n<\/div>\n\n<div class=\"wp-block-paragraph \">\n<p>Joe Triff, presidente de la Atlantic Provinces Professional Fire Fighters Association, dijo que los materiales de la conferencia y el <a href=\"https:\/\/www.iaff.org\/wp-content\/uploads\/2026\/04\/2026-CLC-Legislative-Issues.pdf\" target=\"_blank\" rel=\"noreferrer noopener\">libro de prioridades<\/a> ayudaron a los miembros a relacionarse eficazmente con los cargos electos.  <\/p>\n<\/div>\n\n<div class=\"wp-block-paragraph \">\n<p>\u00abLas tres prioridades estaban muy bien expuestas. Las fichas informativas eran claras, legibles y del tama\u00f1o adecuado. Eso facilit\u00f3 que los defensores de los Locales fueran a Parliament Hill, se reunieran con sus diputados y explicaran los asuntos\u00bb, dijo Triff.  <\/p>\n<\/div>\n\n<div class=\"wp-block-paragraph \">\n<p>Justin D\u2019Aloisio, vicepresidente del Local 3888 de Toronto (Ontario), dijo que el \u00e9xito de la conferencia se debi\u00f3 a prioridades claras y pr\u00e1cticas, respaldadas por una investigaci\u00f3n s\u00f3lida.  <\/p>\n<\/div>\n\n<div class=\"wp-block-paragraph \">\n<p>\u00abTodos los diputados nos recibieron con comprensi\u00f3n y un deseo genuino de ayudar. Su apoyo demuestra las relaciones profesionales que nuestra asociaci\u00f3n est\u00e1 forjando en todos los niveles de gobierno\u00bb, dijo.  <\/p>\n<\/div>\n\n\n<figure data-wp-context=\"{&quot;imageId&quot;:&quot;69f0a062c763c&quot;}\" data-wp-interactive=\"core\/image\" data-wp-key=\"69f0a062c763c\" class=\"wp-block-image aligncenter size-large is-resized wp-lightbox-container\"><img decoding=\"async\" width=\"1024\" height=\"581\" data-wp-class--hide=\"state.isContentHidden\" data-wp-class--show=\"state.isContentVisible\" data-wp-init=\"callbacks.setButtonStyles\" data-wp-on--click=\"actions.showLightbox\" data-wp-on--load=\"callbacks.setButtonStyles\" data-wp-on-window--resize=\"callbacks.setButtonStyles\" src=\"https:\/\/www.iaff.org\/wp-content\/uploads\/2026\/04\/Canadian-Leg-Con-1024x581.jpg\" alt=\"\" class=\"wp-image-124861\" style=\"width:490px;height:auto\"><button\n\t\t\tclass=\"lightbox-trigger\"\n\t\t\ttype=\"button\"\n\t\t\taria-haspopup=\"dialog\"\n\t\t\taria-label=\"Enlarge\"\n\t\t\tdata-wp-init=\"callbacks.initTriggerButton\"\n\t\t\tdata-wp-on--click=\"actions.showLightbox\"\n\t\t\tdata-wp-style--right=\"state.imageButtonRight\"\n\t\t\tdata-wp-style--top=\"state.imageButtonTop\"\n\t\t>\n\t\t\t<svg xmlns=\"http:\/\/www.w3.org\/2000\/svg\" width=\"12\" height=\"12\" fill=\"none\" viewBox=\"0 0 12 12\">\n\t\t\t\t<path fill=\"#fff\" d=\"M2 0a2 2 0 0 0-2 2v2h1.5V2a.5.5 0 0 1 .5-.5h2V0H2Zm2 10.5H2a.5.5 0 0 1-.5-.5V8H0v2a2 2 0 0 0 2 2h2v-1.5ZM8 12v-1.5h2a.5.5 0 0 0 .5-.5V8H12v2a2 2 0 0 1-2 2H8Zm2-12a2 2 0 0 1 2 2v2h-1.5V2a.5.5 0 0 0-.5-.5H8V0h2Z\" \/>\n\t\t\t<\/svg>\n\t\t<\/button><figcaption class=\"wp-element-caption\">Delegados y l\u00edderes de la AIB en la 33.\u00aa Conferencia Legislativa Canadiense en Ottawa.<\/figcaption><\/figure>\n\n\n\n<h3 class=\"wp-block-heading\"><strong>Tres prioridades marcadas por el aumento de los riesgos<\/strong> <\/h3>\n\n\n<div class=\"wp-block-paragraph \">\n<p>Esas prioridades se vieron determinadas por los retos que los bomberos afrontan cada d\u00eda y por las lagunas normativas que siguen poniendo en riesgo a la poblaci\u00f3n. <\/p>\n<\/div>\n\n<div class=\"wp-block-paragraph \">\n<p>\u00abLos miembros de la AIB de todo Canad\u00e1 estaban bien preparados y centrados, ya que mantuvieron una amplia serie de reuniones con diputados de todos los partidos, y la respuesta y el apoyo fueron abrumadoramente positivos\u00bb, afirm\u00f3 Santoro. \u00abHay una clara comprensi\u00f3n de que la seguridad aeroportuaria, el apoyo a las familias de nuestros ca\u00eddos y los riesgos de las bater\u00edas de iones de litio requieren medidas\u00bb.  <\/p>\n<\/div>\n\n<div class=\"wp-block-paragraph \">\n<p><strong>Incendios de bater\u00edas de iones de litio<\/strong> <\/p>\n<\/div>\n\n<div class=\"wp-block-paragraph \">\n<p>Los bomberos de todo Canad\u00e1 est\u00e1n respondiendo a un n\u00famero creciente de <a href=\"https:\/\/www.iaff.org\/es\/news\/los-bomberos-presionan-para-que-se-tomen-medidas-nacionales-contra-los-incendios-de-baterias-de-iones-de-litio-en-canada\/\" target=\"_blank\" rel=\"noreferrer noopener\">incendios de bater\u00edas de iones de litio<\/a> vinculados a bicicletas el\u00e9ctricas, patinetes, herramientas el\u00e9ctricas y dispositivos electr\u00f3nicos de uso cotidiano.  <\/p>\n<\/div>\n\n<div class=\"wp-block-paragraph \">\n<p>Estos incendios arden a mayor temperatura, duran m\u00e1s y producen humo altamente t\u00f3xico, lo que incrementa el riesgo tanto para los bomberos como para el p\u00fablico.  <\/p>\n<\/div>\n\n<div class=\"wp-block-paragraph \">\n<p>Los departamentos informan de aumentos pronunciados, incluido un incremento del 500% en Vancouver desde 2016, un aumento del 591% en Toronto entre 2020 y 2024, y un incremento del 195% en Montreal desde 2022.  <\/p>\n<\/div>\n\n<div class=\"wp-block-paragraph \">\n<p>La AIB pide una Iniciativa Nacional de Seguridad para Bomberos ante Incendios de Bater\u00edas de Iones de Litio, que incluya una base de datos nacional para registrar todos los incidentes relacionados, formaci\u00f3n estandarizada y protocolos de respuesta, financiaci\u00f3n para la investigaci\u00f3n sobre exposiciones y riesgos para la salud, e inversiones en formaci\u00f3n y equipos de protecci\u00f3n. <\/p>\n<\/div>\n\n<div class=\"wp-block-paragraph \">\n<p><strong>Normas de extinci\u00f3n de incendios en aeropuertos<\/strong> <\/p>\n<\/div>\n\n<div class=\"wp-block-paragraph \">\n<p>Los bomberos afirman que la normativa aeron\u00e1utica actual de Canad\u00e1 no alcanza los est\u00e1ndares internacionales en materia de dotaci\u00f3n de personal, tiempos de respuesta y requisitos de rescate durante emergencias de aeronaves.  <\/p>\n<\/div>\n\n<div class=\"wp-block-paragraph \">\n<p>Las carencias de personal y los retrasos en los tiempos de respuesta pueden afectar directamente a la supervivencia en los primeros minutos cr\u00edticos tras un incidente.  <\/p>\n<\/div>\n\n<div class=\"wp-block-paragraph \">\n<p>La AIB est\u00e1 <a href=\"https:\/\/www.iaff.org\/news\/strengthen-airport-firefighting-regulations-without-delay-iaff-tells-canadian-government\/\" target=\"_blank\" rel=\"noreferrer noopener\">impulsando reformas<\/a> para alinear la normativa canadiense con los referentes mundiales y garantizar que los bomberos cuenten con los recursos necesarios para realizar rescates de forma segura y eficaz.  <\/p>\n<\/div>\n\n<div class=\"wp-block-paragraph \">\n<p><strong>Programa de Subvenci\u00f3n Conmemorativa para miembros fallecidos<\/strong> <\/p>\n<\/div>\n\n<div class=\"wp-block-paragraph \">\n<p>Establecido en 2018 en 300.000 $, el Programa de Subvenci\u00f3n Conmemorativa ha perdido aproximadamente el 25% de su valor debido a la inflaci\u00f3n.  <\/p>\n<\/div>\n\n<div class=\"wp-block-paragraph \">\n<p>La AIB pide <a href=\"https:\/\/memorialgrant.ca\/\" target=\"_blank\" rel=\"noreferrer noopener\">aumentar la prestaci\u00f3n<\/a> a 375.000 $ e indexarla anualmente al \u00cdndice de Precios al Consumo para que no siga erosion\u00e1ndose con el tiempo.  <\/p>\n<\/div>\n\n<div class=\"wp-block-paragraph \">\n<p>Para McMillan, el asunto es profundamente personal.  <\/p>\n<\/div>\n\n<div class=\"wp-block-paragraph \">\n<p>\u00abHemos visto las tragedias ocurridas en los \u00faltimos a\u00f1os en aeropuertos aqu\u00ed y en EE. UU., y tambi\u00e9n hemos vivido los desaf\u00edos y el dolor que van en aumento por los incendios de bater\u00edas de iones de litio. Pero para m\u00ed, de los tres asuntos que llevamos a la Colina, el aumento y la indexaci\u00f3n necesarios para el Fondo de Subvenci\u00f3n Conmemorativa es el que m\u00e1s me toca de cerca\u00bb, dijo.  <\/p>\n<\/div>\n\n<div class=\"wp-block-paragraph \">\n<p>\u00abPor desgracia, el Local 162 rinde homenaje a demasiados de nuestros ca\u00eddos cada a\u00f1o en Colorado Springs y en tributos en Ottawa y Toronto. El reconocimiento del gobierno federal a estos sacrificios no deber\u00eda desvanecerse ni disminuir a\u00f1o tras a\u00f1o, mientras el valor monetario de este fondo permanece fijo en su cuant\u00eda de 2018\u00bb.  <\/p>\n<\/div>\n\n<div class=\"wp-block-paragraph \">\n<p>Triff se hizo eco de esa preocupaci\u00f3n.  <\/p>\n<\/div>\n\n<div class=\"wp-block-paragraph \">\n<p>\u00abEn los \u00faltimos a\u00f1os hemos sufrido algunas tr\u00e1gicas muertes en acto de servicio relacionadas con el c\u00e1ncer, y est\u00e1 claro cu\u00e1nto afecta esto a todos\u00bb, dijo. \u00abCreo que avanzaremos en ello; tengo esperanza\u00bb.   <\/p>\n<\/div>\n<\/div><\/section>\n","protected":false},"featured_media":124869,"menu_order":0,"template":"","tags":[163,170],"class_list":["post-124902","news","type-news","status-publish","has-post-thumbnail","hentry","tag-canada-es","tag-legislacion-canada"],"acf":[],"publishpress_future_workflow_manual_trigger":{"enabledWorkflows":[]},"_links":{"self":[{"href":"https:\/\/www.iaff.org\/es\/wp-json\/wp\/v2\/news\/124902","targetHints":{"allow":["GET"]}}],"collection":[{"href":"https:\/\/www.iaff.org\/es\/wp-json\/wp\/v2\/news"}],"about":[{"href":"https:\/\/www.iaff.org\/es\/wp-json\/wp\/v2\/types\/news"}],"version-history":[{"count":3,"href":"https:\/\/www.iaff.org\/es\/wp-json\/wp\/v2\/news\/124902\/revisions"}],"predecessor-version":[{"id":124916,"href":"https:\/\/www.iaff.org\/es\/wp-json\/wp\/v2\/news\/124902\/revisions\/124916"}],"wp:featuredmedia":[{"embeddable":true,"href":"https:\/\/www.iaff.org\/es\/wp-json\/wp\/v2\/media\/124869"}],"wp:attachment":[{"href":"https:\/\/www.iaff.org\/es\/wp-json\/wp\/v2\/media?parent=124902"}],"wp:term":[{"taxonomy":"post_tag","embeddable":true,"href":"https:\/\/www.iaff.org\/es\/wp-json\/wp\/v2\/tags?post=124902"}],"curies":[{"name":"wp","href":"https:\/\/api.w.org\/{rel}","templated":true}]}}