{"id":124784,"date":"2026-04-22T15:10:11","date_gmt":"2026-04-22T19:10:11","guid":{"rendered":"https:\/\/www.iaff.org\/news\/se-presenta-en-el-senado-la-ley-de-no-imposicion-de-impuestos-a-las-horas-extraordinarias-para-todos-los-trabajadores-respaldada-por-la-aib\/"},"modified":"2026-04-23T12:27:58","modified_gmt":"2026-04-23T16:27:58","slug":"se-presenta-en-el-senado-la-ley-de-no-imposicion-de-impuestos-a-las-horas-extraordinarias-para-todos-los-trabajadores-respaldada-por-la-aib","status":"publish","type":"news","link":"https:\/\/www.iaff.org\/es\/news\/se-presenta-en-el-senado-la-ley-de-no-imposicion-de-impuestos-a-las-horas-extraordinarias-para-todos-los-trabajadores-respaldada-por-la-aib\/","title":{"rendered":"Se presenta en el Senado la \u00abLey de No Imposici\u00f3n de Impuestos a las Horas Extraordinarias para Todos los Trabajadores\u00bb, respaldada por la AIB"},"content":{"rendered":"<div class=\"wp-block-paragraph \">\n<p>Se ha presentado en el Senado de los EE. UU. un proyecto de ley bipartidista para ampliar los recortes fiscales a las horas extraordinarias.<\/p>\n<\/div><div class=\"wp-block-paragraph \">\n<p>Los senadores Jim Justice (R-WV) y Maria Cantwell (D-WA) han presentado la Ley de No Imposici\u00f3n de Impuestos a las Horas Extraordinarias para Todos los Trabajadores (S. 4310). El proyecto de ley sirve como legislaci\u00f3n complementaria a la versi\u00f3n de la C\u00e1mara de Representantes presentada por los representantes Nicole Malliotakis (R-NY) y Emilia Sykes (D-OH). <\/p>\n<\/div><div class=\"wp-block-paragraph \">\n<p>En 2025, el Congreso aprob\u00f3 una legislaci\u00f3n de reconciliaci\u00f3n que implement\u00f3 nuevos cambios fiscales, incluida una deducci\u00f3n federal por el pago de horas extraordinarias. Aunque muchos bomberos vieron aumentar sus devoluciones en esta temporada de impuestos gracias a la nueva ley, algunos no estaban cubiertos por la disposici\u00f3n. <\/p>\n<\/div><div class=\"wp-block-paragraph \">\n<p>En virtud de la Ley de Normas Laborales Justas (FLSA), los bomberos tienen un umbral de semana laboral estandarizado de 53 horas antes de que se apliquen las horas extraordinarias. Las disposiciones fiscales actuales permiten deducciones \u00fanicamente por las horas trabajadas m\u00e1s all\u00e1 de ese umbral. <\/p>\n<\/div>\n<figure class=\"wp-block-pullquote\"><blockquote><p>Este proyecto de ley garantiza que los miembros de la AIB \u2014y los trabajadores de todo el pa\u00eds\u2014 puedan conservar una mayor parte del dinero que tanto les ha costado ganar. La AIB se enorgullece de respaldar esta legislaci\u00f3n bipartidista y espera verla convertida en ley. <\/p><cite>General President Edward Kelly<\/cite><\/blockquote><\/figure>\n<div class=\"wp-block-paragraph \">\n<p>Sin embargo, debido a los convenios colectivos, las leyes estatales y locales, y otros factores, algunos bomberos operan bajo horarios diferentes y no recibieron el beneficio completo.<\/p>\n<\/div><div class=\"wp-block-paragraph \">\n<p>La S. 4310 ampliar\u00eda la definici\u00f3n de horas extraordinarias cualificadas para incluir a los trabajadores que se encuentran fuera de los umbrales est\u00e1ndar de la FLSA y a los cubiertos por horarios alternativos en virtud de convenios colectivos.<\/p>\n<\/div><div class=\"wp-block-paragraph \">\n<p>Eso devolver\u00eda m\u00e1s dinero a los bolsillos de los bomberos y sus familias.<\/p>\n<\/div><div class=\"wp-block-paragraph \">\n<p>\u00abEste proyecto de ley garantiza que los miembros de la AIB \u2014y los trabajadores de todo el pa\u00eds\u2014 puedan conservar una mayor parte del dinero que tanto les ha costado ganar\u00bb, afirm\u00f3 el presidente general Edward Kelly. \u00abLa AIB se enorgullece de respaldar esta legislaci\u00f3n bipartidista y espera verla convertida en ley\u00bb. <\/p>\n<\/div><div class=\"wp-block-paragraph \">\n<p>En una declaraci\u00f3n anunciando el proyecto de ley, Justice destac\u00f3 el impacto que esta legislaci\u00f3n tendr\u00eda en los trabajadores de Virginia Occidental y de todo el pa\u00eds.<\/p>\n<\/div>\n<figure class=\"wp-block-pullquote\"><blockquote><p>Es hora de ampliar la exenci\u00f3n de impuestos por horas extraordinarias a todos los trabajadores, incluidas algunas de las personas m\u00e1s trabajadoras que conozco. Nuestros bomberos y personal de emergencias, nuestros pilotos y camioneros, nuestros profesionales de los oficios \u2014todos ellos merecen deducir sus salarios por horas extraordinarias y conservar una mayor parte del dinero que tanto les ha costado ganar. <\/p><cite>Senador Jim Justice (R-WV)<\/cite><\/blockquote><\/figure>\n<div class=\"wp-block-paragraph \">\n<p>\u00abEs hora de ampliar la exenci\u00f3n de impuestos por horas extraordinarias a todos los trabajadores, incluidas algunas de las personas m\u00e1s trabajadoras que conozco\u00bb, afirm\u00f3. \u00abNuestros bomberos y personal de emergencias, nuestros pilotos y camioneros, nuestros profesionales de los oficios \u2014todos ellos merecen deducir sus salarios por horas extraordinarias y conservar una mayor parte del dinero que tanto les ha costado ganar\u00bb. <\/p>\n<\/div><div class=\"wp-block-paragraph \">\n<p>La H.R. 1 proporcion\u00f3 una nueva deducci\u00f3n fiscal federal de hasta 12.500 $ (o 25.000 $ para declaraciones conjuntas) sobre el pago de horas extraordinarias para personas que ganan hasta 275.000 $ (o 550.000 $ para parejas). La AIB respald\u00f3 la disposici\u00f3n el a\u00f1o pasado, instando al Congreso a apoyar a los bomberos y otros trabajadores que realizan horas extraordinarias con regularidad.<\/p>\n<\/div><div class=\"wp-block-paragraph \">\n<p>El sindicato continuar\u00e1 abogando por ampliar el recorte fiscal para garantizar que todos los <a>miembros<\/a> se beneficien.<\/p>\n<\/div>","protected":false},"featured_media":102271,"menu_order":0,"template":"","tags":[164],"class_list":["post-124784","news","type-news","status-publish","has-post-thumbnail","hentry","tag-legislacion-ee-uu"],"acf":[],"publishpress_future_workflow_manual_trigger":{"enabledWorkflows":[]},"_links":{"self":[{"href":"https:\/\/www.iaff.org\/es\/wp-json\/wp\/v2\/news\/124784","targetHints":{"allow":["GET"]}}],"collection":[{"href":"https:\/\/www.iaff.org\/es\/wp-json\/wp\/v2\/news"}],"about":[{"href":"https:\/\/www.iaff.org\/es\/wp-json\/wp\/v2\/types\/news"}],"version-history":[{"count":1,"href":"https:\/\/www.iaff.org\/es\/wp-json\/wp\/v2\/news\/124784\/revisions"}],"predecessor-version":[{"id":124785,"href":"https:\/\/www.iaff.org\/es\/wp-json\/wp\/v2\/news\/124784\/revisions\/124785"}],"wp:featuredmedia":[{"embeddable":true,"href":"https:\/\/www.iaff.org\/es\/wp-json\/wp\/v2\/media\/102271"}],"wp:attachment":[{"href":"https:\/\/www.iaff.org\/es\/wp-json\/wp\/v2\/media?parent=124784"}],"wp:term":[{"taxonomy":"post_tag","embeddable":true,"href":"https:\/\/www.iaff.org\/es\/wp-json\/wp\/v2\/tags?post=124784"}],"curies":[{"name":"wp","href":"https:\/\/api.w.org\/{rel}","templated":true}]}}