{"id":121935,"date":"2026-03-12T12:52:11","date_gmt":"2026-03-12T16:52:11","guid":{"rendered":"https:\/\/www.iaff.org\/news\/los-bomberos-presionan-al-congreso-sobre-dotacion-de-personal-y-seguridad-durante-la-conferencia-legislativa-de-la-aib\/"},"modified":"2026-03-13T11:47:24","modified_gmt":"2026-03-13T15:47:24","slug":"los-bomberos-presionan-al-congreso-sobre-dotacion-de-personal-y-seguridad-durante-la-conferencia-legislativa-de-la-aib","status":"publish","type":"news","link":"https:\/\/www.iaff.org\/es\/news\/los-bomberos-presionan-al-congreso-sobre-dotacion-de-personal-y-seguridad-durante-la-conferencia-legislativa-de-la-aib\/","title":{"rendered":"Los bomberos presionan al Congreso sobre dotaci\u00f3n de personal y seguridad durante la Conferencia Legislativa de la AIB"},"content":{"rendered":"<div class=\"wp-block-paragraph \">\n<p>Los bomberos del Local 1314 de Fall River, MA, intervinieron en un devastador incendio en una residencia de ancianos el pasado julio, pero carec\u00edan de personal suficiente tanto para extinguir el fuego como para rescatar a los residentes. Nueve personas fallecieron y varias resultaron heridas. <\/p>\n<\/div><div class=\"wp-block-paragraph \">\n<p>Esta semana, los miembros de la Local 1314 llevaron esa experiencia al Capitolio para la <a href=\"https:\/\/www.iaff.org\/es\/news\/el-vicepresidente-vance-promete-apoyo-continuo-a-las-prioridades-de-los-bomberos\/\" target=\"_blank\" rel=\"noreferrer noopener\">Conferencia Legislativa Alfred K. Whitehead<\/a>, uni\u00e9ndose a cientos de miembros de la AIB de todo Estados Unidos para presionar a los legisladores sobre dotaci\u00f3n de personal, seguridad y protecciones laborales.<\/p>\n<\/div><div class=\"wp-block-paragraph \">\n<p>\u201cSolo seis de nuestros veh\u00edculos de primera l\u00ednea cuentan con una dotaci\u00f3n de cuatro bomberos. El resto, incluidos nuestros camiones de escalera, tienen <a href=\"https:\/\/www.iaff.org\/es\/news\/una-firme-defensa-sindical-conduce-a-un-aumento-critico-de-personal-en-fall-river-tras-un-incendio-mortal\/\" target=\"_blank\" rel=\"noreferrer noopener\">falta de personal<\/a>\u201d, afirm\u00f3 el presidente del Local 1314, Michael O\u2019Reagan. <\/p>\n<\/div><div class=\"wp-block-paragraph \">\n<p>\u201cLo que es peor, tambi\u00e9n estamos sufriendo las consecuencias de la <a href=\"https:\/\/www.iaff.org\/es\/news\/la-crisis-de-los-vehiculos-contra-incendios-provoca-investigaciones-y-demandas-por-el-aumento-desorbitado-de-precios-y-los-retrasos\/\" target=\"_blank\" rel=\"noreferrer noopener\">crisis de veh\u00edculos<\/a>\u201d, se\u00f1al\u00f3 O\u2019Reagan. \u201cLlevamos m\u00e1s de un a\u00f1o esperando un nuevo cami\u00f3n de escalera y prevemos esperar otros dos a\u00f1os y medio\u201d. <\/p>\n<\/div><div class=\"wp-block-paragraph \">\n<p>M\u00e1s de 700 miembros de la AIB de m\u00e1s de 270 locales pasaron la semana presionando para conseguir equipos de protecci\u00f3n de \u00faltima generaci\u00f3n, formaci\u00f3n para la respuesta ante incendios forestales, la Ley de Libertad de Expresi\u00f3n de los Agentes de Seguridad P\u00fablica, protecciones m\u00e1s s\u00f3lidas para los bomberos federales y derechos de negociaci\u00f3n colectiva a nivel nacional.<\/p>\n<\/div><div class=\"wp-block-paragraph \">\n<p>El presidente general Edward Kelly dijo a los asistentes a la conferencia que el cabildeo es crucial para el beneficio de los miembros en todo el pa\u00eds.<\/p>\n<\/div><div class=\"wp-block-paragraph \">\n<p>\u201cCuando se re\u00fanan con sus miembros del Congreso y sus equipos, hablar\u00e1n directamente con las personas responsables de las decisiones que afectan a su seguridad, a nuestras familias y a las comunidades que juramos proteger\u201d, afirm\u00f3. \u201cSus historias les ayudan a comprender los riesgos que corremos y los juramentos que hacemos como bomberos\u201d. <\/p>\n<\/div>\n<figure class=\"wp-block-gallery has-nested-images columns-default is-cropped wp-block-gallery-1 is-layout-flex wp-block-gallery-is-layout-flex\">\n<figure data-wp-context=\"{&quot;imageId&quot;:&quot;69f47953acd7d&quot;}\" data-wp-interactive=\"core\/image\" data-wp-key=\"69f47953acd7d\" class=\"wp-block-image size-large wp-lightbox-container\"><img decoding=\"async\" width=\"1024\" height=\"538\" data-wp-class--hide=\"state.isContentHidden\" data-wp-class--show=\"state.isContentVisible\" data-wp-init=\"callbacks.setButtonStyles\" data-wp-on--click=\"actions.showLightbox\" data-wp-on--load=\"callbacks.setButtonStyles\" data-wp-on-window--resize=\"callbacks.setButtonStyles\" data-id=\"121903\" src=\"https:\/\/www.iaff.org\/wp-content\/uploads\/2026\/03\/GPKelly-1024x538.jpg\" alt=\"\" class=\"wp-image-121903\" srcset=\"https:\/\/www.iaff.org\/wp-content\/uploads\/2026\/03\/GPKelly-1024x538.jpg 1024w, https:\/\/www.iaff.org\/wp-content\/uploads\/2026\/03\/GPKelly-300x158.jpg 300w, https:\/\/www.iaff.org\/wp-content\/uploads\/2026\/03\/GPKelly-768x403.jpg 768w, https:\/\/www.iaff.org\/wp-content\/uploads\/2026\/03\/GPKelly-240x126.jpg 240w, https:\/\/www.iaff.org\/wp-content\/uploads\/2026\/03\/GPKelly.jpg 1200w\" sizes=\"(max-width: 1024px) 100vw, 1024px\" \/><button\n\t\t\tclass=\"lightbox-trigger\"\n\t\t\ttype=\"button\"\n\t\t\taria-haspopup=\"dialog\"\n\t\t\taria-label=\"Enlarge\"\n\t\t\tdata-wp-init=\"callbacks.initTriggerButton\"\n\t\t\tdata-wp-on--click=\"actions.showLightbox\"\n\t\t\tdata-wp-style--right=\"state.imageButtonRight\"\n\t\t\tdata-wp-style--top=\"state.imageButtonTop\"\n\t\t>\n\t\t\t<svg xmlns=\"http:\/\/www.w3.org\/2000\/svg\" width=\"12\" height=\"12\" fill=\"none\" viewBox=\"0 0 12 12\">\n\t\t\t\t<path fill=\"#fff\" d=\"M2 0a2 2 0 0 0-2 2v2h1.5V2a.5.5 0 0 1 .5-.5h2V0H2Zm2 10.5H2a.5.5 0 0 1-.5-.5V8H0v2a2 2 0 0 0 2 2h2v-1.5ZM8 12v-1.5h2a.5.5 0 0 0 .5-.5V8H12v2a2 2 0 0 1-2 2H8Zm2-12a2 2 0 0 1 2 2v2h-1.5V2a.5.5 0 0 0-.5-.5H8V0h2Z\" \/>\n\t\t\t<\/svg>\n\t\t<\/button><figcaption class=\"wp-element-caption\">El presidente general Kelly se dirige a los asistentes a la conferencia.<\/figcaption><\/figure>\n\n\n\n<figure data-wp-context=\"{&quot;imageId&quot;:&quot;69f47953ad869&quot;}\" data-wp-interactive=\"core\/image\" data-wp-key=\"69f47953ad869\" class=\"wp-block-image size-large wp-lightbox-container\"><img decoding=\"async\" width=\"1024\" height=\"683\" data-wp-class--hide=\"state.isContentHidden\" data-wp-class--show=\"state.isContentVisible\" data-wp-init=\"callbacks.setButtonStyles\" data-wp-on--click=\"actions.showLightbox\" data-wp-on--load=\"callbacks.setButtonStyles\" data-wp-on-window--resize=\"callbacks.setButtonStyles\" data-id=\"121906\" src=\"https:\/\/www.iaff.org\/wp-content\/uploads\/2026\/03\/GST-Shaking-hands-1024x683.jpg\" alt=\"\" class=\"wp-image-121906\" srcset=\"https:\/\/www.iaff.org\/wp-content\/uploads\/2026\/03\/GST-Shaking-hands-1024x683.jpg 1024w, https:\/\/www.iaff.org\/wp-content\/uploads\/2026\/03\/GST-Shaking-hands-300x200.jpg 300w, https:\/\/www.iaff.org\/wp-content\/uploads\/2026\/03\/GST-Shaking-hands-768x512.jpg 768w, https:\/\/www.iaff.org\/wp-content\/uploads\/2026\/03\/GST-Shaking-hands-1536x1024.jpg 1536w, https:\/\/www.iaff.org\/wp-content\/uploads\/2026\/03\/GST-Shaking-hands-2048x1366.jpg 2048w, https:\/\/www.iaff.org\/wp-content\/uploads\/2026\/03\/GST-Shaking-hands-240x160.jpg 240w, https:\/\/www.iaff.org\/wp-content\/uploads\/2026\/03\/GST-Shaking-hands-1200x800.jpg 1200w, https:\/\/www.iaff.org\/wp-content\/uploads\/2026\/03\/GST-Shaking-hands-1215x810.jpg 1215w\" sizes=\"(max-width: 1024px) 100vw, 1024px\" \/><button\n\t\t\tclass=\"lightbox-trigger\"\n\t\t\ttype=\"button\"\n\t\t\taria-haspopup=\"dialog\"\n\t\t\taria-label=\"Enlarge\"\n\t\t\tdata-wp-init=\"callbacks.initTriggerButton\"\n\t\t\tdata-wp-on--click=\"actions.showLightbox\"\n\t\t\tdata-wp-style--right=\"state.imageButtonRight\"\n\t\t\tdata-wp-style--top=\"state.imageButtonTop\"\n\t\t>\n\t\t\t<svg xmlns=\"http:\/\/www.w3.org\/2000\/svg\" width=\"12\" height=\"12\" fill=\"none\" viewBox=\"0 0 12 12\">\n\t\t\t\t<path fill=\"#fff\" d=\"M2 0a2 2 0 0 0-2 2v2h1.5V2a.5.5 0 0 1 .5-.5h2V0H2Zm2 10.5H2a.5.5 0 0 1-.5-.5V8H0v2a2 2 0 0 0 2 2h2v-1.5ZM8 12v-1.5h2a.5.5 0 0 0 .5-.5V8H12v2a2 2 0 0 1-2 2H8Zm2-12a2 2 0 0 1 2 2v2h-1.5V2a.5.5 0 0 0-.5-.5H8V0h2Z\" \/>\n\t\t\t<\/svg>\n\t\t<\/button><figcaption class=\"wp-element-caption\">El secretario-tesorero general L\u00edma saluda a los miembros y participa en las labores de presi\u00f3n pol\u00edtica.<\/figcaption><\/figure>\n\n\n\n<figure data-wp-context=\"{&quot;imageId&quot;:&quot;69f47953ae276&quot;}\" data-wp-interactive=\"core\/image\" data-wp-key=\"69f47953ae276\" class=\"wp-block-image size-large wp-lightbox-container\"><img decoding=\"async\" width=\"1024\" height=\"683\" data-wp-class--hide=\"state.isContentHidden\" data-wp-class--show=\"state.isContentVisible\" data-wp-init=\"callbacks.setButtonStyles\" data-wp-on--click=\"actions.showLightbox\" data-wp-on--load=\"callbacks.setButtonStyles\" data-wp-on-window--resize=\"callbacks.setButtonStyles\" data-id=\"121889\" src=\"https:\/\/www.iaff.org\/wp-content\/uploads\/2026\/03\/MembersCapitol-1024x683.jpg\" alt=\"\" class=\"wp-image-121889\"><button\n\t\t\tclass=\"lightbox-trigger\"\n\t\t\ttype=\"button\"\n\t\t\taria-haspopup=\"dialog\"\n\t\t\taria-label=\"Enlarge\"\n\t\t\tdata-wp-init=\"callbacks.initTriggerButton\"\n\t\t\tdata-wp-on--click=\"actions.showLightbox\"\n\t\t\tdata-wp-style--right=\"state.imageButtonRight\"\n\t\t\tdata-wp-style--top=\"state.imageButtonTop\"\n\t\t>\n\t\t\t<svg xmlns=\"http:\/\/www.w3.org\/2000\/svg\" width=\"12\" height=\"12\" fill=\"none\" viewBox=\"0 0 12 12\">\n\t\t\t\t<path fill=\"#fff\" d=\"M2 0a2 2 0 0 0-2 2v2h1.5V2a.5.5 0 0 1 .5-.5h2V0H2Zm2 10.5H2a.5.5 0 0 1-.5-.5V8H0v2a2 2 0 0 0 2 2h2v-1.5ZM8 12v-1.5h2a.5.5 0 0 0 .5-.5V8H12v2a2 2 0 0 1-2 2H8Zm2-12a2 2 0 0 1 2 2v2h-1.5V2a.5.5 0 0 0-.5-.5H8V0h2Z\" \/>\n\t\t\t<\/svg>\n\t\t<\/button><figcaption class=\"wp-element-caption\">Los miembros de la AIB se enorgullecen de hacer labores de cabildeo sobre estos asuntos.<\/figcaption><\/figure>\n<\/figure>\n<div class=\"wp-block-paragraph \">\n<p>El presidente de los Bomberos Profesionales de Minnesota, Scott Vadnais, afirm\u00f3 que los l\u00edderes del Congreso realmente escuchan y que se establecen relaciones que perduran en el tiempo.<\/p>\n<\/div><div class=\"wp-block-paragraph \">\n<p>\u201cRealmente sabes que los pol\u00edticos te apoyan cuando te llaman para pedirte consejo sobre c\u00f3mo deben votar\u201d, coment\u00f3.<\/p>\n<\/div><div class=\"wp-block-paragraph \">\n<p>Vadnais se\u00f1al\u00f3 que, al igual que los bomberos de Massachusetts, los bomberos de Minnesota est\u00e1n hablando con sus miembros del Congreso sobre la dotaci\u00f3n de personal segura y la importancia de mantener la financiaci\u00f3n de las subvenciones para la Dotaci\u00f3n de Personal para una Respuesta Adecuada a Incendios y Emergencias (SAFER, por sus siglas en ingl\u00e9s).<\/p>\n<\/div><div class=\"wp-block-paragraph \">\n<p>En Minnesota, muchos departamentos contaban con voluntarios hasta hace unos 15 a\u00f1os. A medida que los departamentos de bomberos empezaron a incorporar bomberos remunerados a tiempo completo, la MPFF comenz\u00f3 a organizar una media de un nuevo local al a\u00f1o. <\/p>\n<\/div><div class=\"wp-block-paragraph \">\n<p>\u201cLo que descubrimos fue que muchos municipios y jurisdicciones no estaban preparados financieramente para contratar a suficientes bomberos de una sola vez. Ah\u00ed es donde las subvenciones SAFER han sido inestimables\u201d, dijo Vadnais. \u201cPor eso, estamos aqu\u00ed para pedir a nuestros senadores y a la delegaci\u00f3n del Congreso que sigan garantizando la financiaci\u00f3n de estas subvenciones\u201d. <\/p>\n<\/div><div class=\"wp-block-paragraph \">\n<p>La MPFF tambi\u00e9n est\u00e1 presionando para que se apruebe la Ley de Libertad de Expresi\u00f3n de los Agentes de Seguridad P\u00fablica. De aprobarse, permitir\u00eda a los bomberos y a otro personal de seguridad p\u00fablica hablar p\u00fablicamente sobre cuestiones relacionadas con el trabajo sin temor a represalias. <\/p>\n<\/div><div class=\"wp-block-paragraph \">\n<p>Vadnais se\u00f1al\u00f3 que algunos bomberos se han enfrentado a medidas disciplinarias por realizar publicaciones en redes sociales sobre los requisitos de residencia. El incidente escal\u00f3 hasta el punto de que el caso del miembro cumpli\u00f3 los requisitos para la Pol\u00edtica Guardian de la AIB. Se lleg\u00f3 a un acuerdo y el bombero fue trasladado a un departamento diferente.  <\/p>\n<\/div>\n<figure class=\"wp-block-gallery has-nested-images columns-default is-cropped wp-block-gallery-2 is-layout-flex wp-block-gallery-is-layout-flex\">\n<figure data-wp-context=\"{&quot;imageId&quot;:&quot;69f47953b0416&quot;}\" data-wp-interactive=\"core\/image\" data-wp-key=\"69f47953b0416\" class=\"wp-block-image size-large wp-lightbox-container\"><img decoding=\"async\" width=\"1024\" height=\"683\" data-wp-class--hide=\"state.isContentHidden\" data-wp-class--show=\"state.isContentVisible\" data-wp-init=\"callbacks.setButtonStyles\" data-wp-on--click=\"actions.showLightbox\" data-wp-on--load=\"callbacks.setButtonStyles\" data-wp-on-window--resize=\"callbacks.setButtonStyles\" data-id=\"121893\" src=\"https:\/\/www.iaff.org\/wp-content\/uploads\/2026\/03\/George-Richards-1024x683.jpg\" alt=\"\" class=\"wp-image-121893\" srcset=\"https:\/\/www.iaff.org\/wp-content\/uploads\/2026\/03\/George-Richards-1024x683.jpg 1024w, https:\/\/www.iaff.org\/wp-content\/uploads\/2026\/03\/George-Richards-300x200.jpg 300w, https:\/\/www.iaff.org\/wp-content\/uploads\/2026\/03\/George-Richards-768x512.jpg 768w, https:\/\/www.iaff.org\/wp-content\/uploads\/2026\/03\/George-Richards-1536x1024.jpg 1536w, https:\/\/www.iaff.org\/wp-content\/uploads\/2026\/03\/George-Richards-2048x1366.jpg 2048w, https:\/\/www.iaff.org\/wp-content\/uploads\/2026\/03\/George-Richards-240x160.jpg 240w, https:\/\/www.iaff.org\/wp-content\/uploads\/2026\/03\/George-Richards-1200x800.jpg 1200w, https:\/\/www.iaff.org\/wp-content\/uploads\/2026\/03\/George-Richards-1215x810.jpg 1215w\" sizes=\"(max-width: 1024px) 100vw, 1024px\" \/><button\n\t\t\tclass=\"lightbox-trigger\"\n\t\t\ttype=\"button\"\n\t\t\taria-haspopup=\"dialog\"\n\t\t\taria-label=\"Enlarge\"\n\t\t\tdata-wp-init=\"callbacks.initTriggerButton\"\n\t\t\tdata-wp-on--click=\"actions.showLightbox\"\n\t\t\tdata-wp-style--right=\"state.imageButtonRight\"\n\t\t\tdata-wp-style--top=\"state.imageButtonTop\"\n\t\t>\n\t\t\t<svg xmlns=\"http:\/\/www.w3.org\/2000\/svg\" width=\"12\" height=\"12\" fill=\"none\" viewBox=\"0 0 12 12\">\n\t\t\t\t<path fill=\"#fff\" d=\"M2 0a2 2 0 0 0-2 2v2h1.5V2a.5.5 0 0 1 .5-.5h2V0H2Zm2 10.5H2a.5.5 0 0 1-.5-.5V8H0v2a2 2 0 0 0 2 2h2v-1.5ZM8 12v-1.5h2a.5.5 0 0 0 .5-.5V8H12v2a2 2 0 0 1-2 2H8Zm2-12a2 2 0 0 1 2 2v2h-1.5V2a.5.5 0 0 0-.5-.5H8V0h2Z\" \/>\n\t\t\t<\/svg>\n\t\t<\/button><figcaption class=\"wp-element-caption\">El presidente del Consejo Estatal de Bomberos de Montana, Richards, ejerce presi\u00f3n en nombre de sus miembros.<\/figcaption><\/figure>\n\n\n\n<figure data-wp-context=\"{&quot;imageId&quot;:&quot;69f47953b0c74&quot;}\" data-wp-interactive=\"core\/image\" data-wp-key=\"69f47953b0c74\" class=\"wp-block-image size-large wp-lightbox-container\"><img decoding=\"async\" width=\"1024\" height=\"683\" data-wp-class--hide=\"state.isContentHidden\" data-wp-class--show=\"state.isContentVisible\" data-wp-init=\"callbacks.setButtonStyles\" data-wp-on--click=\"actions.showLightbox\" data-wp-on--load=\"callbacks.setButtonStyles\" data-wp-on-window--resize=\"callbacks.setButtonStyles\" data-id=\"121896\" src=\"https:\/\/www.iaff.org\/wp-content\/uploads\/2026\/03\/KT-3441-1024x683.jpg\" alt=\"\" class=\"wp-image-121896\" srcset=\"https:\/\/www.iaff.org\/wp-content\/uploads\/2026\/03\/KT-3441-1024x683.jpg 1024w, https:\/\/www.iaff.org\/wp-content\/uploads\/2026\/03\/KT-3441-300x200.jpg 300w, https:\/\/www.iaff.org\/wp-content\/uploads\/2026\/03\/KT-3441-768x512.jpg 768w, https:\/\/www.iaff.org\/wp-content\/uploads\/2026\/03\/KT-3441-1536x1024.jpg 1536w, https:\/\/www.iaff.org\/wp-content\/uploads\/2026\/03\/KT-3441-2048x1366.jpg 2048w, https:\/\/www.iaff.org\/wp-content\/uploads\/2026\/03\/KT-3441-240x160.jpg 240w, https:\/\/www.iaff.org\/wp-content\/uploads\/2026\/03\/KT-3441-1200x800.jpg 1200w, https:\/\/www.iaff.org\/wp-content\/uploads\/2026\/03\/KT-3441-1215x810.jpg 1215w\" sizes=\"(max-width: 1024px) 100vw, 1024px\" \/><button\n\t\t\tclass=\"lightbox-trigger\"\n\t\t\ttype=\"button\"\n\t\t\taria-haspopup=\"dialog\"\n\t\t\taria-label=\"Enlarge\"\n\t\t\tdata-wp-init=\"callbacks.initTriggerButton\"\n\t\t\tdata-wp-on--click=\"actions.showLightbox\"\n\t\t\tdata-wp-style--right=\"state.imageButtonRight\"\n\t\t\tdata-wp-style--top=\"state.imageButtonTop\"\n\t\t>\n\t\t\t<svg xmlns=\"http:\/\/www.w3.org\/2000\/svg\" width=\"12\" height=\"12\" fill=\"none\" viewBox=\"0 0 12 12\">\n\t\t\t\t<path fill=\"#fff\" d=\"M2 0a2 2 0 0 0-2 2v2h1.5V2a.5.5 0 0 1 .5-.5h2V0H2Zm2 10.5H2a.5.5 0 0 1-.5-.5V8H0v2a2 2 0 0 0 2 2h2v-1.5ZM8 12v-1.5h2a.5.5 0 0 0 .5-.5V8H12v2a2 2 0 0 1-2 2H8Zm2-12a2 2 0 0 1 2 2v2h-1.5V2a.5.5 0 0 0-.5-.5H8V0h2Z\" \/>\n\t\t\t<\/svg>\n\t\t<\/button><figcaption class=\"wp-element-caption\">Miembros de la AIB escuchan la informaci\u00f3n m\u00e1s reciente sobre las prioridades de la AIB. <\/figcaption><\/figure>\n\n\n\n<figure data-wp-context=\"{&quot;imageId&quot;:&quot;69f47953b146c&quot;}\" data-wp-interactive=\"core\/image\" data-wp-key=\"69f47953b146c\" class=\"wp-block-image size-large wp-lightbox-container\"><img decoding=\"async\" width=\"1024\" height=\"683\" data-wp-class--hide=\"state.isContentHidden\" data-wp-class--show=\"state.isContentVisible\" data-wp-init=\"callbacks.setButtonStyles\" data-wp-on--click=\"actions.showLightbox\" data-wp-on--load=\"callbacks.setButtonStyles\" data-wp-on-window--resize=\"callbacks.setButtonStyles\" data-id=\"121899\" src=\"https:\/\/www.iaff.org\/wp-content\/uploads\/2026\/03\/IssuesBook-1024x683.jpg\" alt=\"\" class=\"wp-image-121899\" srcset=\"https:\/\/www.iaff.org\/wp-content\/uploads\/2026\/03\/IssuesBook-1024x683.jpg 1024w, https:\/\/www.iaff.org\/wp-content\/uploads\/2026\/03\/IssuesBook-300x200.jpg 300w, https:\/\/www.iaff.org\/wp-content\/uploads\/2026\/03\/IssuesBook-768x512.jpg 768w, https:\/\/www.iaff.org\/wp-content\/uploads\/2026\/03\/IssuesBook-1536x1024.jpg 1536w, https:\/\/www.iaff.org\/wp-content\/uploads\/2026\/03\/IssuesBook-2048x1366.jpg 2048w, https:\/\/www.iaff.org\/wp-content\/uploads\/2026\/03\/IssuesBook-240x160.jpg 240w, https:\/\/www.iaff.org\/wp-content\/uploads\/2026\/03\/IssuesBook-1200x800.jpg 1200w, https:\/\/www.iaff.org\/wp-content\/uploads\/2026\/03\/IssuesBook-1215x810.jpg 1215w\" sizes=\"(max-width: 1024px) 100vw, 1024px\" \/><button\n\t\t\tclass=\"lightbox-trigger\"\n\t\t\ttype=\"button\"\n\t\t\taria-haspopup=\"dialog\"\n\t\t\taria-label=\"Enlarge\"\n\t\t\tdata-wp-init=\"callbacks.initTriggerButton\"\n\t\t\tdata-wp-on--click=\"actions.showLightbox\"\n\t\t\tdata-wp-style--right=\"state.imageButtonRight\"\n\t\t\tdata-wp-style--top=\"state.imageButtonTop\"\n\t\t>\n\t\t\t<svg xmlns=\"http:\/\/www.w3.org\/2000\/svg\" width=\"12\" height=\"12\" fill=\"none\" viewBox=\"0 0 12 12\">\n\t\t\t\t<path fill=\"#fff\" d=\"M2 0a2 2 0 0 0-2 2v2h1.5V2a.5.5 0 0 1 .5-.5h2V0H2Zm2 10.5H2a.5.5 0 0 1-.5-.5V8H0v2a2 2 0 0 0 2 2h2v-1.5ZM8 12v-1.5h2a.5.5 0 0 0 .5-.5V8H12v2a2 2 0 0 1-2 2H8Zm2-12a2 2 0 0 1 2 2v2h-1.5V2a.5.5 0 0 0-.5-.5H8V0h2Z\" \/>\n\t\t\t<\/svg>\n\t\t<\/button><figcaption class=\"wp-element-caption\">Los miembros de la AIB utilizan el manual de prioridades para guiarse durante la semana.<\/figcaption><\/figure>\n<\/figure>\n<div class=\"wp-block-paragraph \">\n<p>El presidente del Consejo de Bomberos del Estado de Montana, George Richards, afirm\u00f3 que la libertad de expresi\u00f3n tambi\u00e9n ha sido un problema en su estado.<\/p>\n<\/div><div class=\"wp-block-paragraph \">\n<p>\u201cEste problema ha ido m\u00e1s all\u00e1 de los l\u00edderes sindicales de nuestro estado. Incluso los inspectores de bomberos que han planteado inquietudes sobre el cumplimiento de los c\u00f3digos de edificaci\u00f3n han sufrido represalias\u201d, afirm\u00f3 Richards.<\/p>\n<\/div><div class=\"wp-block-paragraph \">\n<p>Richards tambi\u00e9n tiene la esperanza de que su delegaci\u00f3n en el Congreso ayude con una de sus mayores preocupaciones: garantizar la cobertura de indemnizaci\u00f3n laboral para los bomberos diagnosticados con trastorno de estr\u00e9s postraum\u00e1tico.<\/p>\n<\/div><div class=\"wp-block-paragraph \">\n<p>\u201cRecibimos un apoyo abrumador en ambas c\u00e1maras de la legislatura estatal, pero el gobernador vet\u00f3 el proyecto de ley\u201d, dijo. \u201cNuestros miembros est\u00e1n expuestos a traumas a diario. Deber\u00edan poder recibir la asistencia que necesitan para recuperarse y volver al trabajo\u201d. <\/p>\n<\/div><div class=\"wp-block-paragraph \">\n<p>La mayor\u00eda de las reuniones con los l\u00edderes del Congreso concluyeron el mi\u00e9rcoles por la tarde. Sin embargo, esas importantes conexiones pol\u00edticas ya est\u00e1n establecidas para muchas filiales de la AIB, lo que permitir\u00e1 que estas conversaciones contin\u00faen incluso despu\u00e9s de que regresen a sus estados y comunidades de origen. <\/p>\n<\/div><div class=\"wp-block-paragraph \">\n<p>\u00abQue no quepa duda: esas victorias no se consiguen a menos que los bomberos se presenten y hagan o\u00edr su voz\u00bb, dijo Kelly. \u00abY por eso estamos en Washington esta semana, porque el trabajo que tenemos que hacer contin\u00faa\u00bb.  <\/p>\n<\/div>","protected":false},"featured_media":121911,"menu_order":0,"template":"","tags":[164],"class_list":["post-121935","news","type-news","status-publish","has-post-thumbnail","hentry","tag-legislacion-ee-uu"],"acf":[],"publishpress_future_workflow_manual_trigger":{"enabledWorkflows":[]},"_links":{"self":[{"href":"https:\/\/www.iaff.org\/es\/wp-json\/wp\/v2\/news\/121935","targetHints":{"allow":["GET"]}}],"collection":[{"href":"https:\/\/www.iaff.org\/es\/wp-json\/wp\/v2\/news"}],"about":[{"href":"https:\/\/www.iaff.org\/es\/wp-json\/wp\/v2\/types\/news"}],"version-history":[{"count":3,"href":"https:\/\/www.iaff.org\/es\/wp-json\/wp\/v2\/news\/121935\/revisions"}],"predecessor-version":[{"id":121994,"href":"https:\/\/www.iaff.org\/es\/wp-json\/wp\/v2\/news\/121935\/revisions\/121994"}],"wp:featuredmedia":[{"embeddable":true,"href":"https:\/\/www.iaff.org\/es\/wp-json\/wp\/v2\/media\/121911"}],"wp:attachment":[{"href":"https:\/\/www.iaff.org\/es\/wp-json\/wp\/v2\/media?parent=121935"}],"wp:term":[{"taxonomy":"post_tag","embeddable":true,"href":"https:\/\/www.iaff.org\/es\/wp-json\/wp\/v2\/tags?post=121935"}],"curies":[{"name":"wp","href":"https:\/\/api.w.org\/{rel}","templated":true}]}}