{"id":121752,"date":"2026-03-09T15:08:27","date_gmt":"2026-03-09T19:08:27","guid":{"rendered":"https:\/\/www.iaff.org\/news\/el-vicepresidente-vance-promete-apoyo-continuo-a-las-prioridades-de-los-bomberos\/"},"modified":"2026-03-10T11:50:04","modified_gmt":"2026-03-10T15:50:04","slug":"el-vicepresidente-vance-promete-apoyo-continuo-a-las-prioridades-de-los-bomberos","status":"publish","type":"news","link":"https:\/\/www.iaff.org\/es\/news\/el-vicepresidente-vance-promete-apoyo-continuo-a-las-prioridades-de-los-bomberos\/","title":{"rendered":"El vicepresidente Vance promete apoyo continuo a las prioridades de los bomberos"},"content":{"rendered":"<section\n\t class=\"page-blocks iaff-page-blocks align wp-block-acf-page-blocks\" id=\"page-blocks_block_b7b298e4022edb67164385fae9292b15\">\n\t<div class=\"acf-innerblocks-container\">\n<div class=\"wp-block-paragraph \">\n<p>El vicepresidente JD Vance se comprometi\u00f3 a que la Administraci\u00f3n Trump siga apoyando a los bomberos en la Conferencia Legislativa Alfred K. Whitehead de la AIB, destacando recientes victorias legislativas que afectan a los afiliados, sus familias y sus comunidades.<br\/><br\/>\u00abNo hay ning\u00fan grupo de personas que trabaje m\u00e1s duro y sea m\u00e1s importante para nuestras comunidades que nuestros bomberos\u00bb, dijo Vance a los asistentes reunidos en Washington, D. C.<\/p>\n<\/div>\n\n<div class=\"wp-block-paragraph \">\n<p>El presidente general Edward Kelly present\u00f3 a Vance destacando que los mayores logros recientes de la AIB no habr\u00edan sido posibles sin el apoyo de la Casa Blanca.<\/p>\n<\/div>\n\n<div class=\"wp-block-paragraph \">\n<p>Vance se convirti\u00f3 en el segundo vicepresidente en activo de los EE. UU. en los \u00faltimos a\u00f1os en dirigirse a la conferencia, donde bomberos de todo el pa\u00eds se re\u00fanen con legisladores para abogar por pol\u00edticas federales que impactan en la seguridad p\u00fablica.<\/p>\n<\/div>\n\n<div class=\"wp-block-paragraph \">\n<p>\u201cCuando la aprobaci\u00f3n de la Ley para Honrar a Nuestros H\u00e9roes Ca\u00eddos estuvo en peligro este invierno, la Casa Blanca dej\u00f3 claro que estar\u00eda al lado de las familias de nuestros ca\u00eddos. Y se pusieron a trabajar\u201d, dijo Kelly. \u201cLa Casa Blanca elimin\u00f3 cada obst\u00e1culo que se interpuso en nuestro camino. El c\u00e1ncer profesional se reconoce ahora como una muerte en acto de servicio. Y se otorgan beneficios federales por fallecimiento y educaci\u00f3n a las familias de nuestros ca\u00eddos gracias al firme apoyo de la administraci\u00f3n Trump-Vance\u201d. <\/p>\n<\/div>\n\n\n<figure class=\"wp-block-pullquote\"><blockquote><p>La Casa Blanca elimin\u00f3 cada obst\u00e1culo que se interpuso en nuestro camino. El c\u00e1ncer profesional se reconoce ahora como una muerte en acto de servicio. Y los beneficios federales por fallecimiento y educaci\u00f3n se otorgan a las familias de nuestros ca\u00eddos gracias al firme apoyo de la administraci\u00f3n Trump-Vance\u201d.  <\/p><cite>General President Edward Kelly<\/cite><\/blockquote><\/figure>\n\n\n<div class=\"wp-block-paragraph \">\n<p>Vance relat\u00f3 c\u00f3mo, poco despu\u00e9s de las elecciones de 2024, el presidente Donald Trump inst\u00f3 a los republicanos a respaldar la Ley de Equidad de la Seguridad Social, una legislaci\u00f3n fundamental que restituye los beneficios de la Seguridad Social a los bomberos jubilados y otros servidores p\u00fablicos. Se aprob\u00f3 el \u00faltimo d\u00eda del 118.\u00ba Congreso. <\/p>\n<\/div>\n\n<div class=\"wp-block-paragraph \">\n<p>\u201cUna de las razones por las que eso sucedi\u00f3\u2026 es porque el presidente de los Estados Unidos se asegur\u00f3 de que los republicanos del Congreso se mantuvieran al tanto de esa legislaci\u00f3n y trabajamos para sacarla adelante\u201d, afirm\u00f3.<\/p>\n<\/div>\n\n<div class=\"wp-block-paragraph \">\n<p>Como senador, Vance apoy\u00f3 la reautorizaci\u00f3n de los programas de Subvenciones de Asistencia a Bomberos (AFG) y SAFER, que ayudan a los departamentos a contratar personal y a adquirir equipos de salvamento.<br\/>Vance afirm\u00f3 que proteger la salud de los bomberos tambi\u00e9n incluye abordar los riesgos derivados de exposiciones peligrosas.<\/p>\n<\/div>\n\n<div class=\"wp-block-paragraph \">\n<p>Destac\u00f3 su trabajo en la Ley de Seguridad Ferroviaria, legislaci\u00f3n presentada tras el descarrilamiento de Norfolk Southern en 2023 en East Palestine, Ohio, que busca reforzar las normas federales de seguridad ferroviaria y abordar las preocupaciones sobre la exposici\u00f3n a largo plazo a productos qu\u00edmicos t\u00f3xicos. El proyecto de ley, respaldado por la AIB, fue reintroducido este a\u00f1o. <\/p>\n<\/div>\n\n<div class=\"wp-block-paragraph \">\n<p>Dijo que el Departamento de Salud y Servicios Humanos de los EE. UU. est\u00e1 comprometido a comprender los \u201cefectos de la exposici\u00f3n a qu\u00edmicos t\u00f3xicos\u201d en los bomberos.<\/p>\n<\/div>\n\n\n<figure class=\"wp-block-pullquote\"><blockquote><p>Queremos que todos sepan que si, Dios no lo quiera, se exponen al peligro, \u00bfcu\u00e1les ser\u00e1n las consecuencias para ustedes a largo plazo? Y, lo que es m\u00e1s importante, \u00bfqu\u00e9 tipo de tratamientos m\u00e9dicos van a necesitar si se encuentran en esa situaci\u00f3n, para que el sacrificio que realicen no sea mayor de lo estrictamente necesario? <\/p><cite>Vicepresidente JD Vance<\/cite><\/blockquote><\/figure>\n\n\n<div class=\"wp-block-paragraph \">\n<p>\u201cQueremos que todos sepan que si, Dios no lo quiera, se exponen al peligro, \u00bfcu\u00e1les ser\u00e1n las consecuencias para ustedes a largo plazo?\u201d, dijo Vance. \u201cY, lo que es m\u00e1s importante, \u00bfqu\u00e9 tipo de tratamientos m\u00e9dicos van a necesitar si se encuentran en esa situaci\u00f3n para que el sacrificio que hacen no sea mayor de lo necesario?\u201d.  <\/p>\n<\/div>\n\n<div class=\"wp-block-paragraph \">\n<p>Vance tambi\u00e9n comparti\u00f3 una historia profundamente personal sobre c\u00f3mo los bomberos ayudaron a su familia cuando crec\u00eda en Ohio, cuando su madre luchaba contra la adicci\u00f3n a los opioides y \u00e9l llam\u00f3 al 911 durante un momento especialmente dif\u00edcil.<\/p>\n<\/div>\n\n<div class=\"wp-block-paragraph \">\n<p>\u201cCog\u00ed el tel\u00e9fono y aparecieron varios bomberos valientes, profesionales y compasivos de Middletown, Ohio\u201d, dijo Vance. \u201cHicieron que un ni\u00f1o que estaba muerto de miedo sintiera que ten\u00eda un aliado en este mundo. Y nunca olvidar\u00e9 eso\u201d. <\/p>\n<\/div>\n\n<div class=\"wp-block-paragraph \">\n<p>Su madre, seg\u00fan dijo, lleva ahora m\u00e1s de una d\u00e9cada sobria.<\/p>\n<\/div>\n\n<div class=\"wp-block-paragraph \">\n<p>Vance concluy\u00f3 su intervenci\u00f3n reconociendo que los bomberos y el personal de servicios m\u00e9dicos de emergencia sirven a sus comunidades cada d\u00eda, y afirm\u00f3 que el gobierno federal tambi\u00e9n debe cumplir con su parte.<\/p>\n<\/div>\n\n<div class=\"wp-block-paragraph \">\n<p>\u201c\u00bfCu\u00e1l es el trabajo de todos ustedes como bomberos y t\u00e9cnicos de emergencias m\u00e9dicas si no es garantizar que cada ni\u00f1o tenga la oportunidad de vivir con seguridad y protecci\u00f3n?\u201d, dijo. \u201cUstedes cumplen con su parte cada d\u00eda. Eso significa que debemos honrar su servicio cumpliendo con nuestra parte aqu\u00ed en Washington D. C.\u201d <\/p>\n<\/div>\n<\/div><\/section>\n","protected":false},"featured_media":121744,"menu_order":0,"template":"","tags":[164,187],"class_list":["post-121752","news","type-news","status-publish","has-post-thumbnail","hentry","tag-legislacion-ee-uu","tag-seguridad-laboral"],"acf":[],"publishpress_future_workflow_manual_trigger":{"enabledWorkflows":[]},"_links":{"self":[{"href":"https:\/\/www.iaff.org\/es\/wp-json\/wp\/v2\/news\/121752","targetHints":{"allow":["GET"]}}],"collection":[{"href":"https:\/\/www.iaff.org\/es\/wp-json\/wp\/v2\/news"}],"about":[{"href":"https:\/\/www.iaff.org\/es\/wp-json\/wp\/v2\/types\/news"}],"version-history":[{"count":2,"href":"https:\/\/www.iaff.org\/es\/wp-json\/wp\/v2\/news\/121752\/revisions"}],"predecessor-version":[{"id":121765,"href":"https:\/\/www.iaff.org\/es\/wp-json\/wp\/v2\/news\/121752\/revisions\/121765"}],"wp:featuredmedia":[{"embeddable":true,"href":"https:\/\/www.iaff.org\/es\/wp-json\/wp\/v2\/media\/121744"}],"wp:attachment":[{"href":"https:\/\/www.iaff.org\/es\/wp-json\/wp\/v2\/media?parent=121752"}],"wp:term":[{"taxonomy":"post_tag","embeddable":true,"href":"https:\/\/www.iaff.org\/es\/wp-json\/wp\/v2\/tags?post=121752"}],"curies":[{"name":"wp","href":"https:\/\/api.w.org\/{rel}","templated":true}]}}