{"id":119032,"date":"2025-12-22T15:39:57","date_gmt":"2025-12-22T20:39:57","guid":{"rendered":"https:\/\/www.iaff.org\/news\/winnipeg-acuerda-un-aumento-historico-de-personal-tras-una-campana-respaldada-por-la-aib\/"},"modified":"2026-01-05T09:17:03","modified_gmt":"2026-01-05T14:17:03","slug":"winnipeg-acuerda-un-aumento-historico-de-personal-tras-una-campana-respaldada-por-la-aib","status":"publish","type":"news","link":"https:\/\/www.iaff.org\/es\/news\/winnipeg-acuerda-un-aumento-historico-de-personal-tras-una-campana-respaldada-por-la-aib\/","title":{"rendered":"Winnipeg acuerda un aumento hist\u00f3rico de personal tras una campa\u00f1a respaldada por la AIB"},"content":{"rendered":"<section\n\t class=\"page-blocks iaff-page-blocks align wp-block-acf-page-blocks\" id=\"page-blocks_block_2db40a84a4edbcf78943bf1a3d379fe2\">\n\t<div class=\"acf-innerblocks-container\">\n<div class=\"wp-block-paragraph \">\n<p>Los bomberos de Winnipeg, Manitoba, celebran una victoria hist\u00f3rica para la seguridad p\u00fablica y de los bomberos tras una campa\u00f1a de varios meses, apoyada por la AIB, para aumentar el personal en la ciudad. <\/p>\n<\/div>\n\n<div class=\"wp-block-paragraph \">\n<p>El 17 de diciembre, el Ayuntamiento de Winnipeg aprob\u00f3 una enmienda presupuestaria extremadamente inusual para duplicar la contrataci\u00f3n de bomberos en 2026 y 2027. Como resultado, se contratar\u00e1n 80 nuevos bomberos para proteger a la ciudad, que sufre una escasez cr\u00f3nica de personal, adem\u00e1s de las contrataciones normales para sustituir las jubilaciones.  <\/p>\n<\/div>\n\n<div class=\"wp-block-paragraph \">\n<p>El presidente del Local 867 de Winnipeg, Nick Kasper, se mostr\u00f3 euf\u00f3rico por la victoria, calific\u00e1ndola de un paso extremadamente importante tanto para la seguridad p\u00fablica como para la de los bomberos en la ciudad. Winnipeg, que alberga a 854.000 residentes, tiene un promedio de 400 a 600 incendios provocados al a\u00f1o y, a menudo, lidera el pa\u00eds en p\u00e9rdidas de vidas y bienes por incendios estructurales cada a\u00f1o.  <\/p>\n<\/div>\n\n<div class=\"wp-block-paragraph \">\n<p>\u201cObviamente, tenemos margen de mejora, hemos tenido d\u00e9cadas de austeridad aqu\u00ed en Winnipeg que nos han dejado muy, muy cortos de personal de primera l\u00ednea\u201d, dijo Kasper. \u201cPero este es un gran paso en la direcci\u00f3n correcta, especialmente dado que nuestro sindicato ha estado luchando contra la batalla de la proporci\u00f3n de personal durante mucho tiempo sin \u00e9xito. Es genial ver este movimiento\u201d  <\/p>\n<\/div>\n\n<div class=\"wp-block-paragraph \">\n<p>Winnipeg tiene menos bomberos y camiones de bomberos hoy que en 1975, a pesar de que la poblaci\u00f3n de la ciudad casi se ha duplicado desde entonces. Debido a la escasez cr\u00f3nica de personal, la ciudad gasta alrededor de 10 millones de d\u00f3lares en horas extras al a\u00f1o, lo que afecta negativamente tanto a los recursos de la ciudad como a la preparaci\u00f3n de los bomberos.  <\/p>\n<\/div>\n\n<div class=\"wp-block-paragraph \">\n<p>En una <a href=\"https:\/\/www.iaff.org\/news\/manitoba-fire-fighters-rally-in-support-of-groundbreaking-mental-health-legislation\/\" target=\"_blank\" rel=\"noreferrer noopener\">encuesta a casi 1.000 miembros del Local 867<\/a> a principios de este a\u00f1o, el 98% inform\u00f3 de condiciones psicol\u00f3gicas inseguras en el trabajo. El mismo porcentaje declar\u00f3 que el agotamiento relacionado con el trabajo es una preocupaci\u00f3n importante y que su vida en el hogar se ve afectada debido al estr\u00e9s laboral.  <\/p>\n<\/div>\n\n\n<figure class=\"wp-block-gallery has-nested-images columns-default is-cropped wp-block-gallery-1 is-layout-flex wp-block-gallery-is-layout-flex\">\n<figure data-wp-context=\"{&quot;imageId&quot;:&quot;69f337c58f9de&quot;}\" data-wp-interactive=\"core\/image\" data-wp-key=\"69f337c58f9de\" class=\"wp-block-image size-large wp-lightbox-container\"><img decoding=\"async\" width=\"1024\" height=\"557\" data-wp-class--hide=\"state.isContentHidden\" data-wp-class--show=\"state.isContentVisible\" data-wp-init=\"callbacks.setButtonStyles\" data-wp-on--click=\"actions.showLightbox\" data-wp-on--load=\"callbacks.setButtonStyles\" data-wp-on-window--resize=\"callbacks.setButtonStyles\" data-id=\"119002\" src=\"https:\/\/www.iaff.org\/wp-content\/uploads\/2025\/12\/Winnipeg1-copy-1-1024x557.jpg\" alt=\"\" class=\"wp-image-119002\" srcset=\"https:\/\/www.iaff.org\/wp-content\/uploads\/2025\/12\/Winnipeg1-copy-1-1024x557.jpg 1024w, https:\/\/www.iaff.org\/wp-content\/uploads\/2025\/12\/Winnipeg1-copy-1-300x163.jpg 300w, https:\/\/www.iaff.org\/wp-content\/uploads\/2025\/12\/Winnipeg1-copy-1-768x418.jpg 768w, https:\/\/www.iaff.org\/wp-content\/uploads\/2025\/12\/Winnipeg1-copy-1-1536x836.jpg 1536w, https:\/\/www.iaff.org\/wp-content\/uploads\/2025\/12\/Winnipeg1-copy-1-240x131.jpg 240w, https:\/\/www.iaff.org\/wp-content\/uploads\/2025\/12\/Winnipeg1-copy-1-1256x683.jpg 1256w, https:\/\/www.iaff.org\/wp-content\/uploads\/2025\/12\/Winnipeg1-copy-1-1440x783.jpg 1440w, https:\/\/www.iaff.org\/wp-content\/uploads\/2025\/12\/Winnipeg1-copy-1.jpg 2048w\" sizes=\"(max-width: 1024px) 100vw, 1024px\" \/><button\n\t\t\tclass=\"lightbox-trigger\"\n\t\t\ttype=\"button\"\n\t\t\taria-haspopup=\"dialog\"\n\t\t\taria-label=\"Enlarge\"\n\t\t\tdata-wp-init=\"callbacks.initTriggerButton\"\n\t\t\tdata-wp-on--click=\"actions.showLightbox\"\n\t\t\tdata-wp-style--right=\"state.imageButtonRight\"\n\t\t\tdata-wp-style--top=\"state.imageButtonTop\"\n\t\t>\n\t\t\t<svg xmlns=\"http:\/\/www.w3.org\/2000\/svg\" width=\"12\" height=\"12\" fill=\"none\" viewBox=\"0 0 12 12\">\n\t\t\t\t<path fill=\"#fff\" d=\"M2 0a2 2 0 0 0-2 2v2h1.5V2a.5.5 0 0 1 .5-.5h2V0H2Zm2 10.5H2a.5.5 0 0 1-.5-.5V8H0v2a2 2 0 0 0 2 2h2v-1.5ZM8 12v-1.5h2a.5.5 0 0 0 .5-.5V8H12v2a2 2 0 0 1-2 2H8Zm2-12a2 2 0 0 1 2 2v2h-1.5V2a.5.5 0 0 0-.5-.5H8V0h2Z\" \/>\n\t\t\t<\/svg>\n\t\t<\/button><figcaption class=\"wp-element-caption\">El Local 867 celebra la victoria legislativa<\/figcaption><\/figure>\n\n\n\n<figure data-wp-context=\"{&quot;imageId&quot;:&quot;69f337c590551&quot;}\" data-wp-interactive=\"core\/image\" data-wp-key=\"69f337c590551\" class=\"wp-block-image size-large wp-lightbox-container\"><img decoding=\"async\" width=\"1024\" height=\"571\" data-wp-class--hide=\"state.isContentHidden\" data-wp-class--show=\"state.isContentVisible\" data-wp-init=\"callbacks.setButtonStyles\" data-wp-on--click=\"actions.showLightbox\" data-wp-on--load=\"callbacks.setButtonStyles\" data-wp-on-window--resize=\"callbacks.setButtonStyles\" data-id=\"119008\" src=\"https:\/\/www.iaff.org\/wp-content\/uploads\/2025\/12\/Winnipeg3-copy-1-1-1024x571.jpg\" alt=\"\" class=\"wp-image-119008\" srcset=\"https:\/\/www.iaff.org\/wp-content\/uploads\/2025\/12\/Winnipeg3-copy-1-1-1024x571.jpg 1024w, https:\/\/www.iaff.org\/wp-content\/uploads\/2025\/12\/Winnipeg3-copy-1-1-300x167.jpg 300w, https:\/\/www.iaff.org\/wp-content\/uploads\/2025\/12\/Winnipeg3-copy-1-1-768x428.jpg 768w, https:\/\/www.iaff.org\/wp-content\/uploads\/2025\/12\/Winnipeg3-copy-1-1-240x134.jpg 240w, https:\/\/www.iaff.org\/wp-content\/uploads\/2025\/12\/Winnipeg3-copy-1-1-1256x700.jpg 1256w, https:\/\/www.iaff.org\/wp-content\/uploads\/2025\/12\/Winnipeg3-copy-1-1.jpg 1290w\" sizes=\"(max-width: 1024px) 100vw, 1024px\" \/><button\n\t\t\tclass=\"lightbox-trigger\"\n\t\t\ttype=\"button\"\n\t\t\taria-haspopup=\"dialog\"\n\t\t\taria-label=\"Enlarge\"\n\t\t\tdata-wp-init=\"callbacks.initTriggerButton\"\n\t\t\tdata-wp-on--click=\"actions.showLightbox\"\n\t\t\tdata-wp-style--right=\"state.imageButtonRight\"\n\t\t\tdata-wp-style--top=\"state.imageButtonTop\"\n\t\t>\n\t\t\t<svg xmlns=\"http:\/\/www.w3.org\/2000\/svg\" width=\"12\" height=\"12\" fill=\"none\" viewBox=\"0 0 12 12\">\n\t\t\t\t<path fill=\"#fff\" d=\"M2 0a2 2 0 0 0-2 2v2h1.5V2a.5.5 0 0 1 .5-.5h2V0H2Zm2 10.5H2a.5.5 0 0 1-.5-.5V8H0v2a2 2 0 0 0 2 2h2v-1.5ZM8 12v-1.5h2a.5.5 0 0 0 .5-.5V8H12v2a2 2 0 0 1-2 2H8Zm2-12a2 2 0 0 1 2 2v2h-1.5V2a.5.5 0 0 0-.5-.5H8V0h2Z\" \/>\n\t\t\t<\/svg>\n\t\t<\/button><figcaption class=\"wp-element-caption\">Los miembros del Local 867 observan mientras se toma la decisi\u00f3n<\/figcaption><\/figure>\n\n\n\n<figure data-wp-context=\"{&quot;imageId&quot;:&quot;69f337c590f0f&quot;}\" data-wp-interactive=\"core\/image\" data-wp-key=\"69f337c590f0f\" class=\"wp-block-image size-large wp-lightbox-container\"><img decoding=\"async\" width=\"1024\" height=\"682\" data-wp-class--hide=\"state.isContentHidden\" data-wp-class--show=\"state.isContentVisible\" data-wp-init=\"callbacks.setButtonStyles\" data-wp-on--click=\"actions.showLightbox\" data-wp-on--load=\"callbacks.setButtonStyles\" data-wp-on-window--resize=\"callbacks.setButtonStyles\" data-id=\"119011\" src=\"https:\/\/www.iaff.org\/wp-content\/uploads\/2025\/12\/Winnipeg2-copy-1-1024x682.jpg\" alt=\"\" class=\"wp-image-119011\" srcset=\"https:\/\/www.iaff.org\/wp-content\/uploads\/2025\/12\/Winnipeg2-copy-1-1024x682.jpg 1024w, https:\/\/www.iaff.org\/wp-content\/uploads\/2025\/12\/Winnipeg2-copy-1-300x200.jpg 300w, https:\/\/www.iaff.org\/wp-content\/uploads\/2025\/12\/Winnipeg2-copy-1-768x512.jpg 768w, https:\/\/www.iaff.org\/wp-content\/uploads\/2025\/12\/Winnipeg2-copy-1-1536x1023.jpg 1536w, https:\/\/www.iaff.org\/wp-content\/uploads\/2025\/12\/Winnipeg2-copy-1-240x160.jpg 240w, https:\/\/www.iaff.org\/wp-content\/uploads\/2025\/12\/Winnipeg2-copy-1-1201x800.jpg 1201w, https:\/\/www.iaff.org\/wp-content\/uploads\/2025\/12\/Winnipeg2-copy-1-1216x810.jpg 1216w, https:\/\/www.iaff.org\/wp-content\/uploads\/2025\/12\/Winnipeg2-copy-1.jpg 1729w\" sizes=\"(max-width: 1024px) 100vw, 1024px\" \/><button\n\t\t\tclass=\"lightbox-trigger\"\n\t\t\ttype=\"button\"\n\t\t\taria-haspopup=\"dialog\"\n\t\t\taria-label=\"Enlarge\"\n\t\t\tdata-wp-init=\"callbacks.initTriggerButton\"\n\t\t\tdata-wp-on--click=\"actions.showLightbox\"\n\t\t\tdata-wp-style--right=\"state.imageButtonRight\"\n\t\t\tdata-wp-style--top=\"state.imageButtonTop\"\n\t\t>\n\t\t\t<svg xmlns=\"http:\/\/www.w3.org\/2000\/svg\" width=\"12\" height=\"12\" fill=\"none\" viewBox=\"0 0 12 12\">\n\t\t\t\t<path fill=\"#fff\" d=\"M2 0a2 2 0 0 0-2 2v2h1.5V2a.5.5 0 0 1 .5-.5h2V0H2Zm2 10.5H2a.5.5 0 0 1-.5-.5V8H0v2a2 2 0 0 0 2 2h2v-1.5ZM8 12v-1.5h2a.5.5 0 0 0 .5-.5V8H12v2a2 2 0 0 1-2 2H8Zm2-12a2 2 0 0 1 2 2v2h-1.5V2a.5.5 0 0 0-.5-.5H8V0h2Z\" \/>\n\t\t\t<\/svg>\n\t\t<\/button><figcaption class=\"wp-element-caption\">El presidente del Local 867, Nick Kasper, y los concejales de Winnipeg<\/figcaption><\/figure>\n<\/figure>\n\n\n<div class=\"wp-block-paragraph \">\n<p>Kasper se\u00f1al\u00f3 que era la primera vez en m\u00e1s de 20 a\u00f1os que una enmienda presupuestaria era presentada por concejales ajenos al Comit\u00e9 de Pol\u00edtica Ejecutiva, ampliamente considerado como el n\u00facleo interno del poder legislativo de la ciudad, y era aprobada. Dijo que tambi\u00e9n es la primera vez que Winnipeg ha aumentado significativamente la proporci\u00f3n de personal de bomberos por habitante, a pesar de que el Local 867 ha planteado el problema durante todos los procesos presupuestarios de la ciudad durante d\u00e9cadas.  <\/p>\n<\/div>\n\n<div class=\"wp-block-paragraph \">\n<p>Kasper dijo que est\u00e1 agradecido al Presidente General Edward Kelly y a la AIB, incluyendo al 13<sup>\u00ba<\/sup> Vicepresidente de Distrito Fred LeBlanc, al Asistente del Presidente General Carmine Santoro, y a Kent Grosse y Marc Sanders del equipo de Campa\u00f1as Estrat\u00e9gicas del sindicato. <\/p>\n<\/div>\n\n<div class=\"wp-block-paragraph \">\n<p>La AIB respald\u00f3 al Local 867 a trav\u00e9s de una campa\u00f1a sostenida en las redes sociales y los medios de comunicaci\u00f3n tradicionales durante los \u00faltimos meses, incluyendo la ayuda para colocar casi una docena de art\u00edculos de opini\u00f3n escritos por la UFFW en el <em>Winnipeg Free Press<\/em> y el <em>Winnipeg Sun<\/em>. <\/p>\n<\/div>\n\n<div class=\"wp-block-paragraph \">\n<p>Tambi\u00e9n incluy\u00f3 meses de publicidad en vallas publicitarias, un voto de no confianza en el presupuesto propuesto por la ciudad, que fue aprobado por el 98,5%, y meses de participaci\u00f3n pol\u00edtica y defensa entre bastidores. <\/p>\n<\/div>\n\n\n<figure class=\"wp-block-pullquote\"><blockquote><p>Esta es una gran victoria para Winnipeg y un ejemplo perfecto de lo que representa este sindicato&#8230; Asegurarse de que nuestros miembros tengan los recursos que necesitan para proteger de forma segura y eficaz a sus conciudadanos es el trabajo n\u00famero uno para esta AIB. <\/p><cite>Presidente general de la AIB, Edward Kelly<\/cite><\/blockquote><\/figure>\n\n\n<div class=\"wp-block-paragraph \">\n<p>\u201cNo creo que una campa\u00f1a como esta hubiera sido posible sin el apoyo, el est\u00edmulo y la orientaci\u00f3n de la AIB. Ha habido mucha fuerza y solidaridad all\u00ed\u201d, dijo Kasper, se\u00f1alando que tambi\u00e9n obtuvo \u00e1nimo de los l\u00edderes locales involucrados en batallas de personal en otras ciudades canadienses. <\/p>\n<\/div>\n\n<div class=\"wp-block-paragraph \">\n<p>Kelly dijo que la victoria del Local 867 fue el resultado de su incesante defensa y del enfoque continuo de la AIB en el avance de los niveles de personal seguro en todo el pa\u00eds. <\/p>\n<\/div>\n\n<div class=\"wp-block-paragraph \">\n<p>\u201cEsta es una gran victoria para Winnipeg y un ejemplo perfecto de lo que representa este sindicato\u201d, dijo. \u201cAsegurarse de que nuestros miembros tengan los recursos que necesitan para proteger de forma segura y eficaz a sus conciudadanos es el trabajo n\u00famero uno para esta AIB.\u201d <\/p>\n<\/div>\n<\/div><\/section>\n","protected":false},"featured_media":119017,"menu_order":0,"template":"","tags":[163,187,160],"class_list":["post-119032","news","type-news","status-publish","has-post-thumbnail","hentry","tag-canada-es","tag-seguridad-laboral","tag-victorias-laborales"],"acf":[],"publishpress_future_workflow_manual_trigger":{"enabledWorkflows":[]},"_links":{"self":[{"href":"https:\/\/www.iaff.org\/es\/wp-json\/wp\/v2\/news\/119032","targetHints":{"allow":["GET"]}}],"collection":[{"href":"https:\/\/www.iaff.org\/es\/wp-json\/wp\/v2\/news"}],"about":[{"href":"https:\/\/www.iaff.org\/es\/wp-json\/wp\/v2\/types\/news"}],"version-history":[{"count":0,"href":"https:\/\/www.iaff.org\/es\/wp-json\/wp\/v2\/news\/119032\/revisions"}],"wp:featuredmedia":[{"embeddable":true,"href":"https:\/\/www.iaff.org\/es\/wp-json\/wp\/v2\/media\/119017"}],"wp:attachment":[{"href":"https:\/\/www.iaff.org\/es\/wp-json\/wp\/v2\/media?parent=119032"}],"wp:term":[{"taxonomy":"post_tag","embeddable":true,"href":"https:\/\/www.iaff.org\/es\/wp-json\/wp\/v2\/tags?post=119032"}],"curies":[{"name":"wp","href":"https:\/\/api.w.org\/{rel}","templated":true}]}}