{"id":117602,"date":"2025-12-04T13:30:11","date_gmt":"2025-12-04T18:30:11","guid":{"rendered":"https:\/\/www.iaff.org\/news\/los-miembros-de-la-aib-de-saskatchewan-solicitan-financiacion-para-la-salud-mental-y-reformas-del-sem-en-el-lobby-provincial\/"},"modified":"2025-12-04T15:00:59","modified_gmt":"2025-12-04T20:00:59","slug":"los-miembros-de-la-aib-de-saskatchewan-solicitan-financiacion-para-la-salud-mental-y-reformas-del-sem-en-el-lobby-provincial","status":"publish","type":"news","link":"https:\/\/www.iaff.org\/es\/news\/los-miembros-de-la-aib-de-saskatchewan-solicitan-financiacion-para-la-salud-mental-y-reformas-del-sem-en-el-lobby-provincial\/","title":{"rendered":"Los miembros de la AIB de Saskatchewan solicitan financiaci\u00f3n para la salud mental y reformas del SEM en el lobby provincial"},"content":{"rendered":"<section\n\t class=\"page-blocks iaff-page-blocks align wp-block-acf-page-blocks\" id=\"page-blocks_block_f0baf3aff0ca9d0bec730f2decfe7a72\">\n\t<div class=\"acf-innerblocks-container\">\n<div class=\"wp-block-paragraph \">\n<p>M\u00e1s de 30 bomberos y param\u00e9dicos de la AIB se reunieron con legisladores provinciales a finales de noviembre para impulsar la mejora de los recursos de salud mental, la actualizaci\u00f3n de la legislaci\u00f3n del SEM y cambios importantes en la legislaci\u00f3n laboral durante el 28<sup>\u00ba<\/sup> lobby legislativo anual de la Asociaci\u00f3n de Bomberos y Param\u00e9dicos Profesionales de Saskatchewan (SPFFPA).<\/p>\n<\/div>\n\n<div class=\"wp-block-paragraph \">\n<p>La asociaci\u00f3n, que representa a 1.205 miembros en 10 delegaciones locales de Saskatchewan, utiliz\u00f3 un formato de reuni\u00f3n grupal para su lobby, incluidas sesiones de mesa redonda con miembros del Comit\u00e9 de Servicios Humanos del Partido de Saskatchewan gobernante y con pol\u00edticos de la oposici\u00f3n del Nuevo Partido Democr\u00e1tico. La SPFFPA tambi\u00e9n organiz\u00f3 una recepci\u00f3n conjunta en la Asamblea Legislativa a la que asistieron 25 miembros de la Asamblea Legislativa de la provincia. <\/p>\n<\/div>\n\n<div class=\"wp-block-paragraph \">\n<p>\u201cEste a\u00f1o hemos tenido un buen lobby. Nos reunimos con un buen n\u00famero de miembros de la Asamblea Legislativa y mantuvimos debates significativos sobre cuestiones que son muy importantes para nuestros miembros\u201d, declar\u00f3 el presidente de la SPFFPA, Aron Gidluck.<\/p>\n<\/div>\n\n<div class=\"wp-block-paragraph \">\n<p>La SPFFPA est\u00e1 instando al Gobierno de Saskatchewan a establecer un Fondo Provincial de Salud Mental y Resiliencia para el Personal de Primera Intervenci\u00f3n de hasta 3 millones de d\u00f3lares para apoyo entre compa\u00f1eros y formaci\u00f3n en resiliencia, educaci\u00f3n de los cl\u00ednicos y programas de intervenci\u00f3n temprana y posteriores a los incidentes.<\/p>\n<\/div>\n\n<div class=\"wp-block-paragraph \">\n<p>Los delegados citaron datos que muestran que las reclamaciones de la WBC relacionadas con la salud mental del personal de primera intervenci\u00f3n en la provincia han aumentado un 224% desde 2019. A nivel nacional, el 45% del personal de seguridad p\u00fablica declara s\u00edntomas de un trastorno mental, lo que supone m\u00e1s de cuatro veces la media nacional. <\/p>\n<\/div>\n\n<div class=\"wp-block-paragraph \">\n<p>\u201cNuestros miembros est\u00e1n preparados para servir. Asegur\u00e9monos de que cuentan con el apoyo necesario para hacerlo con fuerza, resiliencia y dignidad\u201d, dijeron los miembros de la SPFFPA a los legisladores.<\/p>\n<\/div>\n\n<div class=\"wp-block-paragraph \">\n<p>Los delegados de la SPFFPA tambi\u00e9n pidieron a los miembros de la Asamblea Legislativa que derogaran una secci\u00f3n de 2013 de la Ley de Empleo de Saskatchewan que eliminaba el derecho al arbitraje vinculante de los bomberos en ciudades con una poblaci\u00f3n inferior a 20.000 habitantes.<\/p>\n<\/div>\n\n\n<figure class=\"wp-block-pullquote\"><blockquote><p>Este a\u00f1o hemos tenido un buen lobby. Nos reunimos con un buen n\u00famero de miembros de la Asamblea Legislativa y mantuvimos debates significativos sobre cuestiones que son muy importantes para nuestros miembros. <\/p><cite>presidente de la spffpa aron gidluck<\/cite><\/blockquote><\/figure>\n\n\n<div class=\"wp-block-paragraph \">\n<p>La legislaci\u00f3n afecta injustamente a cuatro delegaciones locales de la AIB: Weyburn Local 2989, North Battleford Local 1756, Yorkton Local 1527 y Swift Current Local 1318, que, en consecuencia, se encuentran entre las peor pagadas de Canad\u00e1. El acceso al arbitraje vinculante es esencial para resolver las negociaciones est\u00e1ndar, mantener salarios justos y apoyar el reclutamiento y la retenci\u00f3n. <\/p>\n<\/div>\n\n<div class=\"wp-block-paragraph \">\n<p>\u201cRealmente esperamos que este a\u00f1o podamos finalmente eliminar este umbral de 20.000 habitantes de la Ley de Empleo para que todas nuestras delegaciones locales puedan arbitrar\u201d, dijo Gidluck. \u201cCrea una gran brecha salarial para nosotros. Creo que hemos conseguido que la gente se interese por este tema y esperamos que sigan adelante\u201d. <\/p>\n<\/div>\n\n<div class=\"wp-block-paragraph \">\n<p>Los delegados de la SPFFPA advirtieron que la legislaci\u00f3n obsoleta que rige los servicios de ambulancia terrestre est\u00e1 contribuyendo a los problemas que se observan en todo Canad\u00e1, como la escasez de recursos, los largos tiempos de respuesta, los problemas de reclutamiento y retenci\u00f3n y el agotamiento del personal. La Ley y los Reglamentos de Ambulancias de Saskatchewan no especifican normas sobre los descansos para comer y la duraci\u00f3n de los turnos, y los param\u00e9dicos est\u00e1n tratando de servir al p\u00fablico con equipos obsoletos, incluidas ambulancias con m\u00e1s de 300.000 kil\u00f3metros. <\/p>\n<\/div>\n\n<div class=\"wp-block-paragraph \">\n<p>Los delegados pidieron a los miembros de la Asamblea Legislativa que abrieran la legislaci\u00f3n y los reglamentos para abordar la salud y el bienestar de los param\u00e9dicos y para apoyar los modelos de atenci\u00f3n emergentes, como la paramedicina comunitaria y permitir que los param\u00e9dicos transporten a los pacientes a cl\u00ednicas m\u00e9dicas en lugar de a hospitales.<\/p>\n<\/div>\n\n\n<figure class=\"wp-block-gallery has-nested-images columns-default wp-block-gallery-1 is-layout-flex wp-block-gallery-is-layout-flex\">\n<figure data-wp-context=\"{&quot;imageId&quot;:&quot;69efc140e8752&quot;}\" data-wp-interactive=\"core\/image\" data-wp-key=\"69efc140e8752\" class=\"wp-block-image size-large wp-lightbox-container\"><img decoding=\"async\" width=\"900\" height=\"675\" data-wp-class--hide=\"state.isContentHidden\" data-wp-class--show=\"state.isContentVisible\" data-wp-init=\"callbacks.setButtonStyles\" data-wp-on--click=\"actions.showLightbox\" data-wp-on--load=\"callbacks.setButtonStyles\" data-wp-on-window--resize=\"callbacks.setButtonStyles\" data-id=\"117592\" src=\"https:\/\/www.iaff.org\/wp-content\/uploads\/2025\/12\/MooseJaw.jpg\" alt=\"\" class=\"wp-image-117592\" srcset=\"https:\/\/www.iaff.org\/wp-content\/uploads\/2025\/12\/MooseJaw.jpg 900w, https:\/\/www.iaff.org\/wp-content\/uploads\/2025\/12\/MooseJaw-300x225.jpg 300w, https:\/\/www.iaff.org\/wp-content\/uploads\/2025\/12\/MooseJaw-768x576.jpg 768w, https:\/\/www.iaff.org\/wp-content\/uploads\/2025\/12\/MooseJaw-240x180.jpg 240w\" sizes=\"(max-width: 900px) 100vw, 900px\" \/><button\n\t\t\tclass=\"lightbox-trigger\"\n\t\t\ttype=\"button\"\n\t\t\taria-haspopup=\"dialog\"\n\t\t\taria-label=\"Enlarge\"\n\t\t\tdata-wp-init=\"callbacks.initTriggerButton\"\n\t\t\tdata-wp-on--click=\"actions.showLightbox\"\n\t\t\tdata-wp-style--right=\"state.imageButtonRight\"\n\t\t\tdata-wp-style--top=\"state.imageButtonTop\"\n\t\t>\n\t\t\t<svg xmlns=\"http:\/\/www.w3.org\/2000\/svg\" width=\"12\" height=\"12\" fill=\"none\" viewBox=\"0 0 12 12\">\n\t\t\t\t<path fill=\"#fff\" d=\"M2 0a2 2 0 0 0-2 2v2h1.5V2a.5.5 0 0 1 .5-.5h2V0H2Zm2 10.5H2a.5.5 0 0 1-.5-.5V8H0v2a2 2 0 0 0 2 2h2v-1.5ZM8 12v-1.5h2a.5.5 0 0 0 .5-.5V8H12v2a2 2 0 0 1-2 2H8Zm2-12a2 2 0 0 1 2 2v2h-1.5V2a.5.5 0 0 0-.5-.5H8V0h2Z\" \/>\n\t\t\t<\/svg>\n\t\t<\/button><figcaption class=\"wp-element-caption\">Los miembros de la delegaci\u00f3n local 553 de Moose Jaw se reunieron con Megan Patterson, miembro de la Asamblea Legislativa del Partido de Saskatchewan, durante el 28\u00ba Lobby Legislativo Anual de la SPFFPA ante el Gobierno de Saskatchewan.<\/figcaption><\/figure>\n\n\n\n<figure data-wp-context=\"{&quot;imageId&quot;:&quot;69efc140e9111&quot;}\" data-wp-interactive=\"core\/image\" data-wp-key=\"69efc140e9111\" class=\"wp-block-image size-large wp-lightbox-container\"><img decoding=\"async\" width=\"1024\" height=\"768\" data-wp-class--hide=\"state.isContentHidden\" data-wp-class--show=\"state.isContentVisible\" data-wp-init=\"callbacks.setButtonStyles\" data-wp-on--click=\"actions.showLightbox\" data-wp-on--load=\"callbacks.setButtonStyles\" data-wp-on-window--resize=\"callbacks.setButtonStyles\" data-id=\"117591\" src=\"https:\/\/www.iaff.org\/wp-content\/uploads\/2025\/12\/SPFFAlobby2-1024x768.jpg\" alt=\"\" class=\"wp-image-117591\" srcset=\"https:\/\/www.iaff.org\/wp-content\/uploads\/2025\/12\/SPFFAlobby2-1024x768.jpg 1024w, https:\/\/www.iaff.org\/wp-content\/uploads\/2025\/12\/SPFFAlobby2-300x225.jpg 300w, https:\/\/www.iaff.org\/wp-content\/uploads\/2025\/12\/SPFFAlobby2-768x576.jpg 768w, https:\/\/www.iaff.org\/wp-content\/uploads\/2025\/12\/SPFFAlobby2-1536x1152.jpg 1536w, https:\/\/www.iaff.org\/wp-content\/uploads\/2025\/12\/SPFFAlobby2-240x180.jpg 240w, https:\/\/www.iaff.org\/wp-content\/uploads\/2025\/12\/SPFFAlobby2-1067x800.jpg 1067w, https:\/\/www.iaff.org\/wp-content\/uploads\/2025\/12\/SPFFAlobby2-1080x810.jpg 1080w, https:\/\/www.iaff.org\/wp-content\/uploads\/2025\/12\/SPFFAlobby2.jpg 2048w\" sizes=\"(max-width: 1024px) 100vw, 1024px\" \/><button\n\t\t\tclass=\"lightbox-trigger\"\n\t\t\ttype=\"button\"\n\t\t\taria-haspopup=\"dialog\"\n\t\t\taria-label=\"Enlarge\"\n\t\t\tdata-wp-init=\"callbacks.initTriggerButton\"\n\t\t\tdata-wp-on--click=\"actions.showLightbox\"\n\t\t\tdata-wp-style--right=\"state.imageButtonRight\"\n\t\t\tdata-wp-style--top=\"state.imageButtonTop\"\n\t\t>\n\t\t\t<svg xmlns=\"http:\/\/www.w3.org\/2000\/svg\" width=\"12\" height=\"12\" fill=\"none\" viewBox=\"0 0 12 12\">\n\t\t\t\t<path fill=\"#fff\" d=\"M2 0a2 2 0 0 0-2 2v2h1.5V2a.5.5 0 0 1 .5-.5h2V0H2Zm2 10.5H2a.5.5 0 0 1-.5-.5V8H0v2a2 2 0 0 0 2 2h2v-1.5ZM8 12v-1.5h2a.5.5 0 0 0 .5-.5V8H12v2a2 2 0 0 1-2 2H8Zm2-12a2 2 0 0 1 2 2v2h-1.5V2a.5.5 0 0 0-.5-.5H8V0h2Z\" \/>\n\t\t\t<\/svg>\n\t\t<\/button><figcaption class=\"wp-element-caption\">Los delegados de la SPFFPA posan en las escaleras de la Asamblea Legislativa de Saskatchewan en Regina durante el lobby provincial de la asociaci\u00f3n.<\/figcaption><\/figure>\n<\/figure>\n\n\n\n<figure data-wp-context=\"{&quot;imageId&quot;:&quot;69efc140eb338&quot;}\" data-wp-interactive=\"core\/image\" data-wp-key=\"69efc140eb338\" class=\"wp-block-image aligncenter size-medium !hidden wp-lightbox-container\"><img decoding=\"async\" width=\"240\" height=\"300\" data-wp-class--hide=\"state.isContentHidden\" data-wp-class--show=\"state.isContentVisible\" data-wp-init=\"callbacks.setButtonStyles\" data-wp-on--click=\"actions.showLightbox\" data-wp-on--load=\"callbacks.setButtonStyles\" data-wp-on-window--resize=\"callbacks.setButtonStyles\" src=\"https:\/\/www.iaff.org\/wp-content\/uploads\/2025\/12\/SPFFPAlob-240x300.png\" alt=\"\" class=\"wp-image-117589\" srcset=\"https:\/\/www.iaff.org\/wp-content\/uploads\/2025\/12\/SPFFPAlob-240x300.png 240w, https:\/\/www.iaff.org\/wp-content\/uploads\/2025\/12\/SPFFPAlob-192x240.png 192w, https:\/\/www.iaff.org\/wp-content\/uploads\/2025\/12\/SPFFPAlob.png 540w\" sizes=\"(max-width: 240px) 100vw, 240px\" \/><button\n\t\t\tclass=\"lightbox-trigger\"\n\t\t\ttype=\"button\"\n\t\t\taria-haspopup=\"dialog\"\n\t\t\taria-label=\"Enlarge\"\n\t\t\tdata-wp-init=\"callbacks.initTriggerButton\"\n\t\t\tdata-wp-on--click=\"actions.showLightbox\"\n\t\t\tdata-wp-style--right=\"state.imageButtonRight\"\n\t\t\tdata-wp-style--top=\"state.imageButtonTop\"\n\t\t>\n\t\t\t<svg xmlns=\"http:\/\/www.w3.org\/2000\/svg\" width=\"12\" height=\"12\" fill=\"none\" viewBox=\"0 0 12 12\">\n\t\t\t\t<path fill=\"#fff\" d=\"M2 0a2 2 0 0 0-2 2v2h1.5V2a.5.5 0 0 1 .5-.5h2V0H2Zm2 10.5H2a.5.5 0 0 1-.5-.5V8H0v2a2 2 0 0 0 2 2h2v-1.5ZM8 12v-1.5h2a.5.5 0 0 0 .5-.5V8H12v2a2 2 0 0 1-2 2H8Zm2-12a2 2 0 0 1 2 2v2h-1.5V2a.5.5 0 0 0-.5-.5H8V0h2Z\" \/>\n\t\t\t<\/svg>\n\t\t<\/button><figcaption class=\"wp-element-caption\">La Asamblea Legislativa de Saskatchewan.<\/figcaption><\/figure>\n\n\n<div class=\"wp-block-paragraph \">\n<p>La SPFFPA ha logrado s\u00f3lidos avances gracias a los esfuerzos de lobby anteriores. En 2003, Saskatchewan fue una de las primeras provincias en implementar una legislaci\u00f3n presuntiva sobre el c\u00e1ncer para los bomberos, y actualmente lidera Canad\u00e1 con 22 c\u00e1nceres cubiertos. <\/p>\n<\/div>\n<\/div><\/section>\n<div class=\"wp-block-paragraph \">\n<p><\/p>\n<\/div>","protected":false},"featured_media":117629,"menu_order":0,"template":"","tags":[177,163,170,187],"class_list":["post-117602","news","type-news","status-publish","has-post-thumbnail","hentry","tag-accion-politica-canada","tag-canada-es","tag-legislacion-canada","tag-seguridad-laboral"],"acf":[],"publishpress_future_workflow_manual_trigger":{"enabledWorkflows":[]},"_links":{"self":[{"href":"https:\/\/www.iaff.org\/es\/wp-json\/wp\/v2\/news\/117602","targetHints":{"allow":["GET"]}}],"collection":[{"href":"https:\/\/www.iaff.org\/es\/wp-json\/wp\/v2\/news"}],"about":[{"href":"https:\/\/www.iaff.org\/es\/wp-json\/wp\/v2\/types\/news"}],"version-history":[{"count":0,"href":"https:\/\/www.iaff.org\/es\/wp-json\/wp\/v2\/news\/117602\/revisions"}],"wp:featuredmedia":[{"embeddable":true,"href":"https:\/\/www.iaff.org\/es\/wp-json\/wp\/v2\/media\/117629"}],"wp:attachment":[{"href":"https:\/\/www.iaff.org\/es\/wp-json\/wp\/v2\/media?parent=117602"}],"wp:term":[{"taxonomy":"post_tag","embeddable":true,"href":"https:\/\/www.iaff.org\/es\/wp-json\/wp\/v2\/tags?post=117602"}],"curies":[{"name":"wp","href":"https:\/\/api.w.org\/{rel}","templated":true}]}}