{"id":107455,"date":"2025-08-29T13:25:20","date_gmt":"2025-08-29T17:25:20","guid":{"rendered":"https:\/\/www.iaff.org\/news\/el-bombero-de-pensilvania-y-lider-de-la-aib-bob-brooks-anuncia-su-candidatura-al-congreso\/"},"modified":"2025-12-03T14:58:50","modified_gmt":"2025-12-03T19:58:50","slug":"el-bombero-de-pensilvania-y-lider-de-la-aib-bob-brooks-anuncia-su-candidatura-al-congreso","status":"publish","type":"news","link":"https:\/\/www.iaff.org\/es\/news\/el-bombero-de-pensilvania-y-lider-de-la-aib-bob-brooks-anuncia-su-candidatura-al-congreso\/","title":{"rendered":"El bombero de Pensilvania y l\u00edder de la AIB, Bob Brooks, anuncia su candidatura al Congreso"},"content":{"rendered":"<section\n\t class=\"page-blocks iaff-page-blocks align wp-block-acf-page-blocks\" id=\"page-blocks_block_245e33ebc6f5cf5a710b023c59d21415\">\n\t<div class=\"acf-innerblocks-container\">\n<div class=\"wp-block-paragraph \">\n<p><\/p>\n<\/div>\n<\/div><\/section>\n<div class=\"wp-block-paragraph \">\n<p>Es oficial: el bombero de toda la vida, miembro de la AIB y presidente de la Asociaci\u00f3n de Bomberos Profesionales de Pensilvania (PPFFA), <a href=\"https:\/\/brooksforcongress.com\/?fbclid=IwY2xjawMde3VleHRuA2FlbQIxMQABHsv1PyNn0cP5xJkR9zUTi6R02bIlx3IoUXEdpgWrNZv_HYUQKQk89Vtp7gqb_aem_GKI3YEzFdMJ3RtMEPP4mNA\" target=\"_blank\" rel=\"noreferrer noopener\">Bob Brooks<\/a>, se presenta al Congreso. Esta semana anunci\u00f3 su candidatura al 7<sup>\u00ba<\/sup> Distrito Congresional de Pensilvania en un <a href=\"https:\/\/x.com\/VoteBobBrooks\/status\/1960311354063016378\" target=\"_blank\" rel=\"noreferrer noopener\">v\u00eddeo<\/a> publicado en las redes sociales.  <\/p>\n<\/div><div class=\"wp-block-paragraph \">\n<p>\u201cMe met\u00ed en esto por la gente con la que he trabajado toda mi vida\u201d, dijo Brooks. \u201cNo hay suficientes personas de la clase trabajadora en el Congreso\u201d.  <\/p>\n<\/div><div class=\"wp-block-paragraph \">\n<p>Brooks se uni\u00f3 al Departamento de Bomberos de Bethlehem en 2005 y pas\u00f3 m\u00e1s de 20 a\u00f1os sirviendo a su comunidad del este de Pensilvania. Se involucr\u00f3 profundamente en la AIB Local 735 al principio de su carrera, habiendo ocupado los cargos de presidente de la lista de servicio, fideicomisario, vicepresidente, secretario-tesorero y, en \u00faltima instancia, presidente.  <\/p>\n<\/div>\n<figure class=\"wp-block-pullquote\"><blockquote><p>Washington necesita m\u00e1s l\u00edderes como el hermano Brooks, y la AIB se enorgullece de apoyar su campa\u00f1a.<\/p><cite>General President Edward Kelly<\/cite><\/blockquote><\/figure>\n<div class=\"wp-block-paragraph \">\n<p>En 2021, Brooks fue elegido presidente de la PPFFA. Bajo su liderazgo, la asociaci\u00f3n ha construido relaciones s\u00f3lidas con los legisladores estatales y ha impulsado la legislaci\u00f3n para mejorar la salud y la seguridad de los bomberos.  <\/p>\n<\/div><div class=\"wp-block-paragraph \">\n<p>\u201cBob Brooks es uno de nosotros, as\u00ed de simple. \u00c9l personifica lo que significa ser un bombero sindicalizado, y ha pasado toda su carrera luchando por la gente trabajadora. S\u00e9 que llevar\u00e1 esa misma lucha a los pasillos del Congreso\u201d, dijo el presidente general Edward Kelly. \u201cWashington necesita m\u00e1s l\u00edderes como el hermano Brooks, y la AIB se enorgullece de apoyar su campa\u00f1a\u201d.  <\/p>\n<\/div><div class=\"wp-block-paragraph \">\n<p>En las primeras 24 horas despu\u00e9s de su lanzamiento, Brooks anunci\u00f3 que su campa\u00f1a hab\u00eda recaudado m\u00e1s de 100.000 d\u00f3lares en donaciones, una s\u00f3lida muestra temprana de lo que ser\u00e1 una carrera muy vigilada. <\/p>\n<\/div>\n<figure class=\"wp-block-pullquote\"><blockquote><p>Por eso me presento: gente como nosotros merece a alguien en Washington que lo haya vivido, no solo que haya hablado de ello.<\/p><cite>Miembro de la AIB y candidato al Congreso, Bob Brooks<\/cite><\/blockquote><\/figure>\n<div class=\"wp-block-paragraph \">\n<p>Brooks se presenta con una plataforma centrada en la reducci\u00f3n de los costes para las familias, la garant\u00eda del acceso a la atenci\u00f3n m\u00e9dica universal y la priorizaci\u00f3n de las necesidades de los trabajadores. <\/p>\n<\/div><div class=\"wp-block-paragraph \">\n<p>\u201cHe pasado d\u00e9cadas corriendo hacia edificios en llamas y sentado a la mesa frente a la gerencia luchando por contratos justos. S\u00e9 lo que es tener tu seguridad en juego, trabajar en varios empleos para cubrir las facturas y que alguien intente decirte que tu trabajo no vale lo que sabes que vale\u201d, dijo Brooks. <\/p>\n<\/div><div class=\"wp-block-paragraph \">\n<p>\u201cPor eso me presento: gente como nosotros merece a alguien en Washington que lo haya vivido, no solo que haya hablado de ello\u201d. <\/p>\n<\/div><div class=\"wp-block-paragraph \">\n<p>Adem\u00e1s del apoyo de la AIB, Brooks entr\u00f3 en la carrera esta semana con el respaldo del vicegobernador de Pensilvania, Austin Davis, el senador de Vermont desde hace mucho tiempo, Bernie Sanders, el congresista de Pensilvania, Chris Deluzio, el Consejo Estatal de Pensilvania de SEIU y otros l\u00edderes de toda la Commonwealth. <\/p>\n<\/div><div class=\"wp-block-paragraph \">\n<p>Para apoyar la campa\u00f1a de Brooks, visite <a href=\"https:\/\/brooksforcongress.com\/\" target=\"_blank\" rel=\"noreferrer noopener\">brooksforcongress.com.<\/a>  <\/p>\n<\/div>","protected":false},"featured_media":107442,"menu_order":0,"template":"","tags":[178],"class_list":["post-107455","news","type-news","status-publish","has-post-thumbnail","hentry","tag-accion-politica-us"],"acf":[],"publishpress_future_workflow_manual_trigger":{"enabledWorkflows":[]},"_links":{"self":[{"href":"https:\/\/www.iaff.org\/es\/wp-json\/wp\/v2\/news\/107455","targetHints":{"allow":["GET"]}}],"collection":[{"href":"https:\/\/www.iaff.org\/es\/wp-json\/wp\/v2\/news"}],"about":[{"href":"https:\/\/www.iaff.org\/es\/wp-json\/wp\/v2\/types\/news"}],"version-history":[{"count":0,"href":"https:\/\/www.iaff.org\/es\/wp-json\/wp\/v2\/news\/107455\/revisions"}],"wp:featuredmedia":[{"embeddable":true,"href":"https:\/\/www.iaff.org\/es\/wp-json\/wp\/v2\/media\/107442"}],"wp:attachment":[{"href":"https:\/\/www.iaff.org\/es\/wp-json\/wp\/v2\/media?parent=107455"}],"wp:term":[{"taxonomy":"post_tag","embeddable":true,"href":"https:\/\/www.iaff.org\/es\/wp-json\/wp\/v2\/tags?post=107455"}],"curies":[{"name":"wp","href":"https:\/\/api.w.org\/{rel}","templated":true}]}}