{"id":106237,"date":"2020-01-16T00:58:08","date_gmt":"2020-01-16T05:58:08","guid":{"rendered":"https:\/\/www.iaff.org\/news\/los-lideres-de-los-afiliados-se-preparan-para-elegir-a-los-miembros-del-comite-de-relaciones-humanas\/"},"modified":"2025-08-12T14:49:40","modified_gmt":"2025-08-12T18:49:40","slug":"los-lideres-de-los-afiliados-se-preparan-para-elegir-a-los-miembros-del-comite-de-relaciones-humanas","status":"publish","type":"news","link":"https:\/\/www.iaff.org\/es\/news\/los-lideres-de-los-afiliados-se-preparan-para-elegir-a-los-miembros-del-comite-de-relaciones-humanas\/","title":{"rendered":"Los l\u00edderes de los afiliados se preparan para elegir a los miembros del comit\u00e9 de relaciones humanas"},"content":{"rendered":"<div class=\"wp-block-paragraph \">\n<p>Este a\u00f1o, durante la Cumbre de Capacitaci\u00f3n de Liderazgo de Afiliados Vincent J. Bollon\/Conferencia de Relaciones Humanas Ernest A. \u201cBuddy\u201d Mass, se emitir\u00e1n votos para seleccionar a 16 nuevos l\u00edderes para servir en el Comit\u00e9 de Relaciones Humanas Electo de la AIB.<\/p>\n<\/div><div class=\"wp-block-paragraph \">\n<p>Los l\u00edderes de los afiliados canadienses votar\u00e1n por separado por dos miembros del Comit\u00e9 de Relaciones Humanas, lo que eleva el total a 18.<\/p>\n<\/div><div class=\"wp-block-paragraph \">\n<p>En las \u00faltimas dos d\u00e9cadas, la AIB ha intensificado los esfuerzos para mejorar los programas de relaciones humanas, promover la diversidad y la inclusi\u00f3n entre sus miembros y en todo el servicio de bomberos.<\/p>\n<\/div><div class=\"wp-block-paragraph \">\n<p>\u201cNecesitamos asegurarnos de que seguimos construyendo una profesi\u00f3n y un sindicato m\u00e1s abiertos, inclusivos y diversos que sean m\u00e1s un reflejo de las comunidades a las que servimos\u201d, dice el Presidente General Harold Schaitberger.<\/p>\n<\/div><div class=\"wp-block-paragraph \">\n<p>Los miembros electos del Comit\u00e9 de Relaciones Humanas, seleccionados cada cuatro a\u00f1os, tienen la tarea de desarrollar y recomendar pol\u00edticas para fomentar relaciones humanas positivas y proporcionar asistencia t\u00e9cnica a los afiliados en cuestiones de minor\u00edas que van desde la discriminaci\u00f3n en el lugar de trabajo hasta las pol\u00edticas de embarazo.<\/p>\n<\/div><div class=\"wp-block-paragraph \">\n<p>El Comit\u00e9 de Relaciones Humanas Electo est\u00e1 compuesto por 18 miembros electos con dos miembros que representan cada una de estas categor\u00edas: afroamericano\/negro, canadiense, cauc\u00e1sico\/blanco, discapacitado\/minusv\u00e1lido, mujer, hispano\/latino, LGBTQ, otro que no est\u00e9 ya representado y veterano.<\/p>\n<\/div><div class=\"wp-block-paragraph \">\n<p>Las nominaciones para los nuevos miembros del Comit\u00e9 de Relaciones Humanas Electo se llevar\u00e1n a cabo el lunes 20 de enero. La votaci\u00f3n es el martes 21 de enero, y a cada local presente en la conferencia se le permite un delegado votante designado por el presidente local. Los votos se contar\u00e1n el mi\u00e9rcoles 22 de enero y los miembros reci\u00e9n elegidos se anunciar\u00e1n esa noche.  <\/p>\n<\/div><div class=\"wp-block-paragraph \">\n<p>El Comit\u00e9 de Relaciones Humanas Electo se estableci\u00f3 en 1988 tras una resoluci\u00f3n aprobada durante la 39\u00aa Convenci\u00f3n de AIB que ped\u00eda un comit\u00e9 permanente de miembros de AIB encargado de mejorar las relaciones y establecer una mayor unidad entre los bomberos.<\/p>\n<\/div><div class=\"wp-block-paragraph \">\n<p>El Comit\u00e9 de Relaciones Humanas Electo, que se re\u00fane formalmente dos veces al a\u00f1o, formula recomendaciones de pol\u00edtica con respecto a los derechos civiles, los problemas de las minor\u00edas, el alojamiento y otros asuntos, y brinda asesoramiento a los afiliados que enfrentan problemas espec\u00edficos de relaciones humanas.<\/p>\n<\/div><div class=\"wp-block-paragraph \">\n<p>El domingo 19 de enero, un panel de discusi\u00f3n previo a la conferencia, \u201cEstudios de caso y mejores pr\u00e1cticas de relaciones humanas\u201d, contar\u00e1 con tres presidentes de afiliados que representan a Cleveland, Ohio; Milwaukee, Wisconsin; y Austin, Texas.<\/p>\n<\/div><div class=\"wp-block-paragraph \">\n<p>M\u00e1s detalles sobre el Comit\u00e9 de Relaciones Humanas Electo de la AIB <a href=\"https:\/\/www.iaff.org\/es\/relaciones-humanas\/\">aqu\u00ed<\/a>.<\/p>\n<\/div>","protected":false},"featured_media":106238,"menu_order":0,"template":"","tags":[],"class_list":["post-106237","news","type-news","status-publish","has-post-thumbnail","hentry"],"acf":[],"publishpress_future_workflow_manual_trigger":{"enabledWorkflows":[]},"_links":{"self":[{"href":"https:\/\/www.iaff.org\/es\/wp-json\/wp\/v2\/news\/106237","targetHints":{"allow":["GET"]}}],"collection":[{"href":"https:\/\/www.iaff.org\/es\/wp-json\/wp\/v2\/news"}],"about":[{"href":"https:\/\/www.iaff.org\/es\/wp-json\/wp\/v2\/types\/news"}],"version-history":[{"count":0,"href":"https:\/\/www.iaff.org\/es\/wp-json\/wp\/v2\/news\/106237\/revisions"}],"wp:featuredmedia":[{"embeddable":true,"href":"https:\/\/www.iaff.org\/es\/wp-json\/wp\/v2\/media\/106238"}],"wp:attachment":[{"href":"https:\/\/www.iaff.org\/es\/wp-json\/wp\/v2\/media?parent=106237"}],"wp:term":[{"taxonomy":"post_tag","embeddable":true,"href":"https:\/\/www.iaff.org\/es\/wp-json\/wp\/v2\/tags?post=106237"}],"curies":[{"name":"wp","href":"https:\/\/api.w.org\/{rel}","templated":true}]}}